{"id":50362,"date":"2025-02-05T17:05:42","date_gmt":"2025-02-05T20:05:42","guid":{"rendered":"https:\/\/radiorevelacionfm.cl\/?p=50362"},"modified":"2025-02-05T17:13:51","modified_gmt":"2025-02-05T20:13:51","slug":"aysen-registra-mas-de-900-personas-en-el-registro-nacional-de-deudores-de-pensiones-de-alimentos","status":"publish","type":"post","link":"https:\/\/radiorevelacionfm.cl\/?p=50362","title":{"rendered":"Ays\u00e9n registra m\u00e1s de 900 personas en el Registro Nacional de Deudores de Pensiones de Alimentos"},"content":{"rendered":"<div class=\"flex_column av_one_full  flex_column_div av-zero-column-padding first  avia-builder-el-0  el_before_av_one_full  avia-builder-el-first  \" style='border-radius:0px; '><div  class='avia-image-container  av-styling-    avia-builder-el-1  avia-builder-el-no-sibling  avia-align-center '  itemprop=\"image\" itemscope=\"itemscope\" itemtype=\"https:\/\/schema.org\/ImageObject\"  ><div class='avia-image-container-inner'><div class='avia-image-overlay-wrap'><img decoding=\"async\" class='wp-image-8004 avia-img-lazy-loading-not-8004 avia_image' src=\"https:\/\/radiorevelacionfm.cl\/wp-content\/uploads\/2021\/08\/pension-alimenticia-1-1.jpg\" alt='' title='pension-alimenticia (1) (1)' height=\"600\" width=\"901\"  itemprop=\"thumbnailUrl\" srcset=\"https:\/\/radiorevelacionfm.cl\/wp-content\/uploads\/2021\/08\/pension-alimenticia-1-1.jpg 901w, https:\/\/radiorevelacionfm.cl\/wp-content\/uploads\/2021\/08\/pension-alimenticia-1-1-300x200.jpg 300w, https:\/\/radiorevelacionfm.cl\/wp-content\/uploads\/2021\/08\/pension-alimenticia-1-1-768x511.jpg 768w, https:\/\/radiorevelacionfm.cl\/wp-content\/uploads\/2021\/08\/pension-alimenticia-1-1-705x469.jpg 705w, https:\/\/radiorevelacionfm.cl\/wp-content\/uploads\/2021\/08\/pension-alimenticia-1-1-600x400.jpg 600w\" sizes=\"(max-width: 901px) 100vw, 901px\" \/><\/div><\/div><\/div><\/div>\n<div class=\"flex_column av_one_full  flex_column_div av-zero-column-padding first  avia-builder-el-2  el_after_av_one_full  el_before_av_one_full  column-top-margin\" style='border-radius:0px; '><section class=\"av_textblock_section \"  itemscope=\"itemscope\" itemtype=\"https:\/\/schema.org\/BlogPosting\" itemprop=\"blogPost\" ><div class='avia_textblock  '   itemprop=\"text\" ><p style=\"text-align: center;\"><strong><span style=\"font-size: 18pt;\">Ays\u00e9n registra m\u00e1s de 900 personas en el Registro Nacional de Deudores de Pensiones de Alimentos<\/span><\/strong><\/p>\n<div id=\"gtx-trans\" style=\"position: absolute; left: -50px; top: 4.31534px;\">\n<div class=\"gtx-trans-icon\"><\/div>\n<\/div>\n<\/div><\/section><\/div>\n<div class=\"flex_column av_one_full  flex_column_div av-zero-column-padding first  avia-builder-el-4  el_after_av_one_full  el_before_av_hr  column-top-margin\" style='border-radius:0px; '><section class=\"av_textblock_section \"  itemscope=\"itemscope\" itemtype=\"https:\/\/schema.org\/BlogPosting\" itemprop=\"blogPost\" ><div class='avia_textblock  '   itemprop=\"text\" ><p style=\"text-align: justify;\">Transcurridos m\u00e1s de dos a\u00f1os de la entrada en vigencia de la ley que crea el Registro Nacional de Deudores de Pensiones de Alimentos, en la regi\u00f3n de Ays\u00e9n actualmente son 919 personas las que se encuentran en este registro, lo que se traduce en que 1.192 ni\u00f1os, ni\u00f1as y adolescentes no est\u00e1n recibiendo sus respectivos pagos, esto seg\u00fan las cifras entregadas recientemente por el Servicio de Registro Civil e Identificaci\u00f3n.<\/p>\n<p style=\"text-align: justify;\">Respecto a estas nuevas cifras, el Seremi de Justicia y Derechos Humanos, Samuel Navarro Castro explic\u00f3 que \u201chaciendo el an\u00e1lisis respecto a las \u00faltimas cifras que nos ha entregado el Registro Civil que lleva el Registro de Deudores de pensiones de alimentos desde sus inicios hasta la fecha, se cuentan m\u00e1s de 900 inscripciones vigentes, eso quiere decir que estamos cerca de los mil deudores en la regi\u00f3n, de los cuales sobre los 500 corresponder\u00edan a inscripciones ordenadas\u00a0 por el Juzgado de Letras y Garant\u00eda de Puerto Ays\u00e9n, en este sentido debemos decir con satisfacci\u00f3n que ha sido una pol\u00edtica p\u00fablica exitosa, ya que el foco ha estado en los ni\u00f1os, ni\u00f1as y adolescentes que requieren el pago de su pensi\u00f3n alimenticia y que ra\u00edz de estas medidas y registros que se han adoptado, ha permitido que se pueda recuperar y se puedan pagar deudas que existen en esta materia y que han sido muy importantes para que los ni\u00f1os puedan contar con los requerimientos b\u00e1sicos de alimentaci\u00f3n u otros y eso nos tiene muy contentos, a prop\u00f3sito de esta inscripci\u00f3n se han ido cancelando algunas deudas, eso implica o se pag\u00f3 el monto total adeudado o se lleg\u00f3 a un acuerdo total y suficiente en un Juzgado de Familia, lo que nos permite decir como Gobierno que estamos en una pol\u00edtica justa, una pol\u00edtica adecuada y que resguarda el foco principal que son los ni\u00f1os, las ni\u00f1as y los adolescentes\u201d.<\/p>\n<p style=\"text-align: justify;\">Mientras que la Seremi de la Mujer y Equidad de G\u00e9nero, Isidora Gacit\u00faa Goles indic\u00f3 que \u201chist\u00f3ricamente han sido las mujeres quienes asum\u00edan solas la demanda por deudas de pensi\u00f3n de alimentos de sus hijas e hijos y la persecuci\u00f3n de informaci\u00f3n financiera del deudor. El no pago de pensiones alimenticias es una forma de violencia econ\u00f3mica contra las mujeres y una expresi\u00f3n de abandono parental que vulnera el derecho de ni\u00f1as, ni\u00f1os y adolescentes. Por ejemplo, en la regi\u00f3n de Ays\u00e9n se mantienen 919 deudores, de los cuales 865 son hombres (es decir, el 94%). Como Gobierno hemos dado prioridad al avance de esta nueva institucionalidad para el cumplimiento del pago de pensiones alimenticias, impulsando la Ley de pago efectivo de pensiones de alimentos, la cual crea un mecanismo de pago de las deudas, facilita el acceso a la informaci\u00f3n financiera de los deudores y otorga valor econ\u00f3mico a las labores de cuidado, incorporando su distribuci\u00f3n y tasaci\u00f3n econ\u00f3mica al momento de fijar el monto de la pensi\u00f3n de alimentos\u201d.<\/p>\n<p style=\"text-align: justify;\">Finalmente, cabe mencionar que a nivel regional se les adeuda pensiones de alimentos a 1.192 ni\u00f1os, ni\u00f1as y adolescentes, de los cuales 640 son ni\u00f1as y 552 ni\u00f1os.<\/p>\n<\/div><\/section><\/div><div  style='height:50px' class='hr hr-invisible   avia-builder-el-6  el_after_av_one_full  el_before_av_social_share '><span class='hr-inner ' ><span class='hr-inner-style'><\/span><\/span><\/div><\/p>\n<div  class='av-social-sharing-box  avia-builder-el-7  el_after_av_hr  el_before_av_hr  '><div class='av-share-box'><h5 class='av-share-link-description av-no-toc '>Compartir esta noticia<\/h5><ul class='av-share-box-list noLightbox'><li class='av-share-link av-social-link-facebook' ><a target=\"_blank\" aria-label=\"Compartir en Facebook\" href='https:\/\/www.facebook.com\/sharer.php?u=https:\/\/radiorevelacionfm.cl\/?p=50362&#038;t=Ays%C3%A9n%20registra%20m%C3%A1s%20de%20900%20personas%20en%20el%20Registro%20Nacional%20de%20Deudores%20de%20Pensiones%20de%20Alimentos' aria-hidden='false' data-av_icon='\ue8f3' data-av_iconfont='entypo-fontello' title='' data-avia-related-tooltip='Compartir en Facebook' rel=\"noopener\"><span class='avia_hidden_link_text'>Compartir en Facebook<\/span><\/a><\/li><li class='av-share-link av-social-link-twitter' ><a target=\"_blank\" aria-label=\"Compartir en Twitter\" href='https:\/\/twitter.com\/share?text=Ays%C3%A9n%20registra%20m%C3%A1s%20de%20900%20personas%20en%20el%20Registro%20Nacional%20de%20Deudores%20de%20Pensiones%20de%20Alimentos&#038;url=https:\/\/radiorevelacionfm.cl\/?p=50362' aria-hidden='false' data-av_icon='\ue8f1' data-av_iconfont='entypo-fontello' title='' data-avia-related-tooltip='Compartir en Twitter' rel=\"noopener\"><span class='avia_hidden_link_text'>Compartir en Twitter<\/span><\/a><\/li><li class='av-share-link av-social-link-whatsapp' ><a target=\"_blank\" aria-label=\"Compartir en Whatsapp\" href='https:\/\/api.whatsapp.com\/send?text=https:\/\/radiorevelacionfm.cl\/?p=50362' aria-hidden='false' data-av_icon='\uf232' data-av_iconfont='entypo-fontello' title='' data-avia-related-tooltip='Compartir en Whatsapp' rel=\"noopener\"><span class='avia_hidden_link_text'>Compartir en Whatsapp<\/span><\/a><\/li><li class='av-share-link av-social-link-linkedin' ><a target=\"_blank\" aria-label=\"Compartir en LinkedIn\" href='https:\/\/linkedin.com\/shareArticle?mini=true&#038;title=Ays%C3%A9n%20registra%20m%C3%A1s%20de%20900%20personas%20en%20el%20Registro%20Nacional%20de%20Deudores%20de%20Pensiones%20de%20Alimentos&#038;url=https:\/\/radiorevelacionfm.cl\/?p=50362' aria-hidden='false' data-av_icon='\ue8fc' data-av_iconfont='entypo-fontello' title='' data-avia-related-tooltip='Compartir en LinkedIn' rel=\"noopener\"><span class='avia_hidden_link_text'>Compartir en LinkedIn<\/span><\/a><\/li><li class='av-share-link av-social-link-mail' ><a  aria-label=\"Compartir por correo\" href='mailto:?subject=Ays%C3%A9n%20registra%20m%C3%A1s%20de%20900%20personas%20en%20el%20Registro%20Nacional%20de%20Deudores%20de%20Pensiones%20de%20Alimentos&#038;body=https:\/\/radiorevelacionfm.cl\/?p=50362' aria-hidden='false' data-av_icon='\ue805' data-av_iconfont='entypo-fontello' title='' data-avia-related-tooltip='Compartir por correo'><span class='avia_hidden_link_text'>Compartir por correo<\/span><\/a><\/li><\/ul><\/div><\/div>\n<div  style='height:50px' class='hr hr-invisible   avia-builder-el-8  el_after_av_social_share  el_before_av_comments_list '><span class='hr-inner ' ><span class='hr-inner-style'><\/span><\/span><\/div>\n<div  class='av-buildercomment  av-blog-meta-html-info-disabled av-blog-meta-tag-disabled  '><\/div>\n","protected":false},"excerpt":{"rendered":"","protected":false},"author":1,"featured_media":8004,"comment_status":"open","ping_status":"open","sticky":false,"template":"","format":"standard","meta":{"footnotes":""},"categories":[55],"tags":[],"class_list":["post-50362","post","type-post","status-publish","format-standard","has-post-thumbnail","hentry","category-justicia"],"jetpack_featured_media_url":"https:\/\/radiorevelacionfm.cl\/wp-content\/uploads\/2021\/08\/pension-alimenticia-1-1.jpg","_links":{"self":[{"href":"https:\/\/radiorevelacionfm.cl\/index.php?rest_route=\/wp\/v2\/posts\/50362","targetHints":{"allow":["GET"]}}],"collection":[{"href":"https:\/\/radiorevelacionfm.cl\/index.php?rest_route=\/wp\/v2\/posts"}],"about":[{"href":"https:\/\/radiorevelacionfm.cl\/index.php?rest_route=\/wp\/v2\/types\/post"}],"author":[{"embeddable":true,"href":"https:\/\/radiorevelacionfm.cl\/index.php?rest_route=\/wp\/v2\/users\/1"}],"replies":[{"embeddable":true,"href":"https:\/\/radiorevelacionfm.cl\/index.php?rest_route=%2Fwp%2Fv2%2Fcomments&post=50362"}],"version-history":[{"count":2,"href":"https:\/\/radiorevelacionfm.cl\/index.php?rest_route=\/wp\/v2\/posts\/50362\/revisions"}],"predecessor-version":[{"id":50364,"href":"https:\/\/radiorevelacionfm.cl\/index.php?rest_route=\/wp\/v2\/posts\/50362\/revisions\/50364"}],"wp:featuredmedia":[{"embeddable":true,"href":"https:\/\/radiorevelacionfm.cl\/index.php?rest_route=\/wp\/v2\/media\/8004"}],"wp:attachment":[{"href":"https:\/\/radiorevelacionfm.cl\/index.php?rest_route=%2Fwp%2Fv2%2Fmedia&parent=50362"}],"wp:term":[{"taxonomy":"category","embeddable":true,"href":"https:\/\/radiorevelacionfm.cl\/index.php?rest_route=%2Fwp%2Fv2%2Fcategories&post=50362"},{"taxonomy":"post_tag","embeddable":true,"href":"https:\/\/radiorevelacionfm.cl\/index.php?rest_route=%2Fwp%2Fv2%2Ftags&post=50362"}],"curies":[{"name":"wp","href":"https:\/\/api.w.org\/{rel}","templated":true}]}}