{"id":50359,"date":"2025-02-06T09:45:08","date_gmt":"2025-02-06T12:45:08","guid":{"rendered":"https:\/\/radiorevelacionfm.cl\/?p=50359"},"modified":"2025-02-06T09:45:08","modified_gmt":"2025-02-06T12:45:08","slug":"realizan-lanzamiento-del-componente-cuidado-integral-del-programa-4-a-7-con-ejecucion-de-12-meses-ano-2025","status":"publish","type":"post","link":"https:\/\/radiorevelacionfm.cl\/?p=50359","title":{"rendered":"Realizan lanzamiento del componente cuidado integral del Programa 4 a 7 con ejecuci\u00f3n de 12 meses a\u00f1o 2025"},"content":{"rendered":"<div class=\"flex_column av_one_full  flex_column_div av-zero-column-padding first  avia-builder-el-0  el_before_av_one_full  avia-builder-el-first  \" style='border-radius:0px; '><div  class='avia-image-container  av-styling-    avia-builder-el-1  avia-builder-el-no-sibling  avia-align-center '  itemprop=\"image\" itemscope=\"itemscope\" itemtype=\"https:\/\/schema.org\/ImageObject\"  ><div class='avia-image-container-inner'><div class='avia-image-overlay-wrap'><img decoding=\"async\" class='wp-image-50360 avia-img-lazy-loading-not-50360 avia_image' src=\"https:\/\/radiorevelacionfm.cl\/wp-content\/uploads\/2025\/02\/foto-1-71-1_optimized.jpeg\" alt='' title='foto-1-(71)-(1)_optimized' height=\"600\" width=\"1023\"  itemprop=\"thumbnailUrl\" srcset=\"https:\/\/radiorevelacionfm.cl\/wp-content\/uploads\/2025\/02\/foto-1-71-1_optimized.jpeg 1023w, https:\/\/radiorevelacionfm.cl\/wp-content\/uploads\/2025\/02\/foto-1-71-1_optimized-300x176.jpeg 300w, https:\/\/radiorevelacionfm.cl\/wp-content\/uploads\/2025\/02\/foto-1-71-1_optimized-768x450.jpeg 768w, https:\/\/radiorevelacionfm.cl\/wp-content\/uploads\/2025\/02\/foto-1-71-1_optimized-705x413.jpeg 705w, https:\/\/radiorevelacionfm.cl\/wp-content\/uploads\/2025\/02\/foto-1-71-1_optimized-450x264.jpeg 450w, https:\/\/radiorevelacionfm.cl\/wp-content\/uploads\/2025\/02\/foto-1-71-1_optimized-600x352.jpeg 600w\" sizes=\"(max-width: 1023px) 100vw, 1023px\" \/><\/div><\/div><\/div><\/div><div class=\"flex_column av_one_full  flex_column_div av-zero-column-padding first  avia-builder-el-2  el_after_av_one_full  el_before_av_one_full  column-top-margin\" style='border-radius:0px; '><section class=\"av_textblock_section \"  itemscope=\"itemscope\" itemtype=\"https:\/\/schema.org\/BlogPosting\" itemprop=\"blogPost\" ><div class='avia_textblock  '   itemprop=\"text\" ><p style=\"text-align: center;\"><strong><span style=\"font-size: 18pt;\">Realizan lanzamiento del componente cuidado integral del Programa 4 a 7 con ejecuci\u00f3n de 12 meses a\u00f1o 2025<\/span><\/strong><\/p>\n<div id=\"gtx-trans\" style=\"position: absolute; left: -50px; top: 4.31534px;\">\n<div class=\"gtx-trans-icon\"><\/div>\n<\/div>\n<\/div><\/section><\/div><div class=\"flex_column av_one_full  flex_column_div av-zero-column-padding first  avia-builder-el-4  el_after_av_one_full  el_before_av_hr  column-top-margin\" style='border-radius:0px; '><section class=\"av_textblock_section \"  itemscope=\"itemscope\" itemtype=\"https:\/\/schema.org\/BlogPosting\" itemprop=\"blogPost\" ><div class='avia_textblock  '   itemprop=\"text\" ><p class=\"v1gmail-MsoListParagraph\" style=\"text-align: justify;\"><i>Autoridades valoraron la iniciativa indicando que se trata de un apoyo fundamental para la reinserci\u00f3n laboral de las mujeres y que por tal raz\u00f3n comenzar\u00e1 a funcionar durante todo el a\u00f1o.<\/i><\/p>\n<p class=\"v1MsoNormal\" style=\"text-align: justify;\">Este martes en la Escuela Poetisa Gabriela Mistral de Puerto Ays\u00e9n, la Seremi de Gobierno \u00darsula Mix Jim\u00e9nez, junto a la participaci\u00f3n de las Seremis de la Mujer, Isidora Gacit\u00faa Goles, la Directora Regional de Sernameg, Patricia Cabezas Baeza y representantes del Servicio Local de Educaci\u00f3n P\u00fablica de Ays\u00e9n, realizaron el lanzamiento en nuestra regi\u00f3n del componente cuidado integral del Programa 4 a 7, del Ministerio de la Mujer y Equidad de G\u00e9nero.<\/p>\n<p class=\"v1MsoNormal\" style=\"text-align: justify;\">Esta iniciativa existe desde el a\u00f1o 2011, y est\u00e1 orientada apoyar la autonom\u00eda econ\u00f3mica de las mujeres mediante el cuidado infantil de ni\u00f1os y ni\u00f1as entre 6 y 13 a\u00f1os, y talleres orientados a fortalecer competencias laborales.<\/p>\n<p class=\"v1MsoNormal\" style=\"text-align: justify;\">En la oportunidad la Seremi de la Mujer, Isidora Gacit\u00faa, relev\u00f3 el componente, indicando que se trata de un apoyo fundamental para la reinserci\u00f3n laboral de las mujeres y el fortalecimiento de sus econom\u00edas, agregando que por tal raz\u00f3n comenzar\u00e1 a funcionar durante todo el a\u00f1o.<\/p>\n<p class=\"v1MsoNormal\" style=\"text-align: justify;\">\u00abEn el gobierno del presidente Gabriel Boric hemos avanzado en poder fortalecer la autonom\u00eda econ\u00f3mica de las mujeres, porque entendemos que generalmente las labores de cuidado son principalmente ejercidas por mujeres. Es por eso es que el Programa 4 a 7 ha avanzado tambi\u00e9n en funcionar en los horarios estivales de enero a diciembre, entendiendo tambi\u00e9n que es importante reconocer el espacio fuera de la jornada escolar y as\u00ed dar mayores alternativas, y apoyar a las mujeres en la incorporaci\u00f3n al mundo laboral\u00bb, dijo.<\/p>\n<p class=\"v1MsoNormal\" style=\"text-align: justify;\">En tanto, la vocera de Gobierno, \u00darsula Mix, destac\u00f3 que el Programa 4 a 7 forma parte del Plan de Recuperaci\u00f3n Inclusiva \u00abChile Apoya\u00bb, mediante el cual se busca apoyar a mujeres que est\u00e1n a cargo del cuidado de ni\u00f1os y ni\u00f1as. En este sentido, agreg\u00f3 que en Puerto Ays\u00e9n \u00abpr\u00f3ximamente se abrir\u00e1 un Centro de Cuidados, para a complementar esta pol\u00edtica p\u00fablica tan importante y este sistema que est\u00e1 instaurando el Gobierno del Presidente Gabriel Boric.\u00bb<\/p>\n<p class=\"v1MsoNormal\" style=\"text-align: justify;\">De igual modo, la Directora Regional de Sernameg, Patricia Baeza, formul\u00f3 una invitaci\u00f3n a las mujeres interesadas en incorporarse al programa, \u00abque les permitir\u00e1 disponer de tiempo para buscar trabajo, desarrollar emprendimientos, poder capacitarse y disponer de m\u00e1s herramientas para enfrentar de mejor manera su acceso al mercado laboral y as\u00ed fortalecer su autonom\u00eda econ\u00f3mica\u00bb.<\/p>\n<\/div><\/section><\/div><div  style='height:50px' class='hr hr-invisible   avia-builder-el-6  el_after_av_one_full  el_before_av_social_share '><span class='hr-inner ' ><span class='hr-inner-style'><\/span><\/span><\/div><\/p>\n<div  class='av-social-sharing-box  avia-builder-el-7  el_after_av_hr  el_before_av_hr  '><div class='av-share-box'><h5 class='av-share-link-description av-no-toc '>Compartir esta noticia<\/h5><ul class='av-share-box-list noLightbox'><li class='av-share-link av-social-link-facebook' ><a target=\"_blank\" aria-label=\"Compartir en Facebook\" href='https:\/\/www.facebook.com\/sharer.php?u=https:\/\/radiorevelacionfm.cl\/?p=50359&#038;t=Realizan%20lanzamiento%20del%20componente%20cuidado%20integral%20del%20Programa%204%20a%207%20con%20ejecuci%C3%B3n%20de%2012%20meses%20a%C3%B1o%202025' aria-hidden='false' data-av_icon='\ue8f3' data-av_iconfont='entypo-fontello' title='' data-avia-related-tooltip='Compartir en Facebook' rel=\"noopener\"><span class='avia_hidden_link_text'>Compartir en Facebook<\/span><\/a><\/li><li class='av-share-link av-social-link-twitter' ><a target=\"_blank\" aria-label=\"Compartir en Twitter\" href='https:\/\/twitter.com\/share?text=Realizan%20lanzamiento%20del%20componente%20cuidado%20integral%20del%20Programa%204%20a%207%20con%20ejecuci%C3%B3n%20de%2012%20meses%20a%C3%B1o%202025&#038;url=https:\/\/radiorevelacionfm.cl\/?p=50359' aria-hidden='false' data-av_icon='\ue8f1' data-av_iconfont='entypo-fontello' title='' data-avia-related-tooltip='Compartir en Twitter' rel=\"noopener\"><span class='avia_hidden_link_text'>Compartir en Twitter<\/span><\/a><\/li><li class='av-share-link av-social-link-whatsapp' ><a target=\"_blank\" aria-label=\"Compartir en Whatsapp\" href='https:\/\/api.whatsapp.com\/send?text=https:\/\/radiorevelacionfm.cl\/?p=50359' aria-hidden='false' data-av_icon='\uf232' data-av_iconfont='entypo-fontello' title='' data-avia-related-tooltip='Compartir en Whatsapp' rel=\"noopener\"><span class='avia_hidden_link_text'>Compartir en Whatsapp<\/span><\/a><\/li><li class='av-share-link av-social-link-linkedin' ><a target=\"_blank\" aria-label=\"Compartir en LinkedIn\" href='https:\/\/linkedin.com\/shareArticle?mini=true&#038;title=Realizan%20lanzamiento%20del%20componente%20cuidado%20integral%20del%20Programa%204%20a%207%20con%20ejecuci%C3%B3n%20de%2012%20meses%20a%C3%B1o%202025&#038;url=https:\/\/radiorevelacionfm.cl\/?p=50359' aria-hidden='false' data-av_icon='\ue8fc' data-av_iconfont='entypo-fontello' title='' data-avia-related-tooltip='Compartir en LinkedIn' rel=\"noopener\"><span class='avia_hidden_link_text'>Compartir en LinkedIn<\/span><\/a><\/li><li class='av-share-link av-social-link-mail' ><a  aria-label=\"Compartir por correo\" href='mailto:?subject=Realizan%20lanzamiento%20del%20componente%20cuidado%20integral%20del%20Programa%204%20a%207%20con%20ejecuci%C3%B3n%20de%2012%20meses%20a%C3%B1o%202025&#038;body=https:\/\/radiorevelacionfm.cl\/?p=50359' aria-hidden='false' data-av_icon='\ue805' data-av_iconfont='entypo-fontello' title='' data-avia-related-tooltip='Compartir por correo'><span class='avia_hidden_link_text'>Compartir por correo<\/span><\/a><\/li><\/ul><\/div><\/div>\n<div  style='height:50px' class='hr hr-invisible   avia-builder-el-8  el_after_av_social_share  el_before_av_comments_list '><span class='hr-inner ' ><span class='hr-inner-style'><\/span><\/span><\/div>\n<div  class='av-buildercomment  av-blog-meta-html-info-disabled av-blog-meta-tag-disabled  '><\/div>\n","protected":false},"excerpt":{"rendered":"","protected":false},"author":1,"featured_media":50360,"comment_status":"open","ping_status":"open","sticky":false,"template":"","format":"standard","meta":{"footnotes":""},"categories":[38],"tags":[],"class_list":["post-50359","post","type-post","status-publish","format-standard","has-post-thumbnail","hentry","category-regional"],"jetpack_featured_media_url":"https:\/\/radiorevelacionfm.cl\/wp-content\/uploads\/2025\/02\/foto-1-71-1_optimized.jpeg","_links":{"self":[{"href":"https:\/\/radiorevelacionfm.cl\/index.php?rest_route=\/wp\/v2\/posts\/50359","targetHints":{"allow":["GET"]}}],"collection":[{"href":"https:\/\/radiorevelacionfm.cl\/index.php?rest_route=\/wp\/v2\/posts"}],"about":[{"href":"https:\/\/radiorevelacionfm.cl\/index.php?rest_route=\/wp\/v2\/types\/post"}],"author":[{"embeddable":true,"href":"https:\/\/radiorevelacionfm.cl\/index.php?rest_route=\/wp\/v2\/users\/1"}],"replies":[{"embeddable":true,"href":"https:\/\/radiorevelacionfm.cl\/index.php?rest_route=%2Fwp%2Fv2%2Fcomments&post=50359"}],"version-history":[{"count":1,"href":"https:\/\/radiorevelacionfm.cl\/index.php?rest_route=\/wp\/v2\/posts\/50359\/revisions"}],"predecessor-version":[{"id":50361,"href":"https:\/\/radiorevelacionfm.cl\/index.php?rest_route=\/wp\/v2\/posts\/50359\/revisions\/50361"}],"wp:featuredmedia":[{"embeddable":true,"href":"https:\/\/radiorevelacionfm.cl\/index.php?rest_route=\/wp\/v2\/media\/50360"}],"wp:attachment":[{"href":"https:\/\/radiorevelacionfm.cl\/index.php?rest_route=%2Fwp%2Fv2%2Fmedia&parent=50359"}],"wp:term":[{"taxonomy":"category","embeddable":true,"href":"https:\/\/radiorevelacionfm.cl\/index.php?rest_route=%2Fwp%2Fv2%2Fcategories&post=50359"},{"taxonomy":"post_tag","embeddable":true,"href":"https:\/\/radiorevelacionfm.cl\/index.php?rest_route=%2Fwp%2Fv2%2Ftags&post=50359"}],"curies":[{"name":"wp","href":"https:\/\/api.w.org\/{rel}","templated":true}]}}