{"id":50356,"date":"2025-02-05T16:37:36","date_gmt":"2025-02-05T19:37:36","guid":{"rendered":"https:\/\/radiorevelacionfm.cl\/?p=50356"},"modified":"2025-02-05T16:37:36","modified_gmt":"2025-02-05T19:37:36","slug":"region-de-aysen-presento-la-ocupabilidad-turistica-mas-alta-en-chile-con-un-873-en-coyhaique-y-puerto-aysen","status":"publish","type":"post","link":"https:\/\/radiorevelacionfm.cl\/?p=50356","title":{"rendered":"Regi\u00f3n de Ays\u00e9n present\u00f3 la ocupabilidad tur\u00edstica m\u00e1s alta en Chile con un 87,3% en Coyhaique y Puerto Ays\u00e9n"},"content":{"rendered":"<div class=\"flex_column av_one_full  flex_column_div av-zero-column-padding first  avia-builder-el-0  el_before_av_one_full  avia-builder-el-first  \" style='border-radius:0px; '><div  class='avia-image-container  av-styling-    avia-builder-el-1  avia-builder-el-no-sibling  avia-align-center '  itemprop=\"image\" itemscope=\"itemscope\" itemtype=\"https:\/\/schema.org\/ImageObject\"  ><div class='avia-image-container-inner'><div class='avia-image-overlay-wrap'><img decoding=\"async\" class='wp-image-50357 avia-img-lazy-loading-not-50357 avia_image' src=\"https:\/\/radiorevelacionfm.cl\/wp-content\/uploads\/2025\/02\/1_city-tour-drone-6-1-1_optimized-1.jpg\" alt='' title='1_city-tour-drone-6-(1)-(1)_optimized (1)' height=\"600\" width=\"1068\"  itemprop=\"thumbnailUrl\" srcset=\"https:\/\/radiorevelacionfm.cl\/wp-content\/uploads\/2025\/02\/1_city-tour-drone-6-1-1_optimized-1.jpg 1068w, https:\/\/radiorevelacionfm.cl\/wp-content\/uploads\/2025\/02\/1_city-tour-drone-6-1-1_optimized-1-300x169.jpg 300w, https:\/\/radiorevelacionfm.cl\/wp-content\/uploads\/2025\/02\/1_city-tour-drone-6-1-1_optimized-1-1030x579.jpg 1030w, https:\/\/radiorevelacionfm.cl\/wp-content\/uploads\/2025\/02\/1_city-tour-drone-6-1-1_optimized-1-768x431.jpg 768w, https:\/\/radiorevelacionfm.cl\/wp-content\/uploads\/2025\/02\/1_city-tour-drone-6-1-1_optimized-1-705x396.jpg 705w, https:\/\/radiorevelacionfm.cl\/wp-content\/uploads\/2025\/02\/1_city-tour-drone-6-1-1_optimized-1-450x253.jpg 450w, https:\/\/radiorevelacionfm.cl\/wp-content\/uploads\/2025\/02\/1_city-tour-drone-6-1-1_optimized-1-600x337.jpg 600w\" sizes=\"(max-width: 1068px) 100vw, 1068px\" \/><\/div><\/div><\/div><\/div><div class=\"flex_column av_one_full  flex_column_div av-zero-column-padding first  avia-builder-el-2  el_after_av_one_full  el_before_av_one_full  column-top-margin\" style='border-radius:0px; '><section class=\"av_textblock_section \"  itemscope=\"itemscope\" itemtype=\"https:\/\/schema.org\/BlogPosting\" itemprop=\"blogPost\" ><div class='avia_textblock  '   itemprop=\"text\" ><p style=\"text-align: center;\"><span style=\"font-size: 18pt;\"><strong>Regi\u00f3n de Ays\u00e9n present\u00f3 la ocupabilidad tur\u00edstica m\u00e1s alta en Chile con un 87,3% en Coyhaique y Puerto Ays\u00e9n<\/strong><\/span><\/p>\n<div id=\"gtx-trans\" style=\"position: absolute; left: -50px; top: 4.31534px;\">\n<div class=\"gtx-trans-icon\"><\/div>\n<\/div>\n<\/div><\/section><\/div><div class=\"flex_column av_one_full  flex_column_div av-zero-column-padding first  avia-builder-el-4  el_after_av_one_full  el_before_av_hr  column-top-margin\" style='border-radius:0px; '><section class=\"av_textblock_section \"  itemscope=\"itemscope\" itemtype=\"https:\/\/schema.org\/BlogPosting\" itemprop=\"blogPost\" ><div class='avia_textblock  '   itemprop=\"text\" ><p style=\"text-align: justify;\"><em>Durante la semana del 20 al 25 de enero, el Servicio Nacional de Turismo evalu\u00f3 53 destinos tur\u00edsticos a nivel nacional, destacando las ciudades de Coyhaique y Puerto Ays\u00e9n con una tasa de ocupabilidad del 87,3%, la m\u00e1s alta del pa\u00eds.<\/em><\/p>\n<p style=\"text-align: justify;\">Tras la publicaci\u00f3n del informe elaborado por Sernatur, el director regional del Servicio Nacional de Turismo de Ays\u00e9n realiz\u00f3 un positivo balance de los resultados obtenidos en la tasa de ocupabilidad en habitaciones durante enero, espec\u00edficamente en la cuarta semana del mes. En ese per\u00edodo, se aplic\u00f3 la encuesta a un total de 2.017 empresas de alojamiento tur\u00edstico en todo el pa\u00eds.<\/p>\n<p style=\"text-align: justify;\">El estudio reflej\u00f3 una tasa de ocupabilidad promedio del 63,7% en los 53 destinos evaluados esta temporada. En particular, los destinos de la regi\u00f3n de Ays\u00e9n mostraron un desempe\u00f1o sobresaliente, destacando Coyhaique-Ays\u00e9n con una ocupabilidad del 87,3%, seguido de Queulat con 77,9%, Chelenko con 77,5% y Glaciares con un 72,2%.<\/p>\n<p style=\"text-align: justify;\">Adem\u00e1s, los resultados de enero de 2025 evidenciaron un aumento en comparaci\u00f3n con la temporada de verano anterior. En particular, el destino de Queulat (ubicado en el sector norte de la regi\u00f3n) registr\u00f3 un crecimiento del 27,9% respecto al mismo per\u00edodo del a\u00f1o pasado, mientras que Coyhaique-Ays\u00e9n aument\u00f3 en un 14,3% y el sector de la cuenca del Lago General Carrera experiment\u00f3 un alza del 0,6%.<\/p>\n<p style=\"text-align: justify;\">El estudio de Sernatur contempl\u00f3 una muestra regional de 168 establecimientos de alojamiento tur\u00edstico distribuidos en los cuatro destinos priorizados dentro de la regi\u00f3n de Ays\u00e9n. En el \u00e1mbito nacional, los resultados obtenidos en el destino Ays\u00e9n Patagonia fueron los m\u00e1s destacados, con Coyhaique y Puerto Ays\u00e9n liderando la tasa de ocupabilidad en el pa\u00eds.<\/p>\n<p style=\"text-align: justify;\">Respecto a estos resultados, el director regional de Sernatur, Claudio Montecinos, se\u00f1al\u00f3: \u00abEstos indicadores son muy alentadores para el desarrollo del turismo en nuestra regi\u00f3n. El incremento de visitantes a Ays\u00e9n Patagonia en esta temporada alta es fruto del trabajo sostenido en promoci\u00f3n tur\u00edstica en los \u00faltimos a\u00f1os. Las acciones de marketing impulsadas por Sernatur Ays\u00e9n, como la participaci\u00f3n en ferias y ruedas de negocios en mercados nacionales e internacionales, la organizaci\u00f3n de viajes de prensa y operadores tur\u00edsticos a la regi\u00f3n, as\u00ed como la campa\u00f1a de difusi\u00f3n del destino en Chile, Argentina y Brasil, est\u00e1n comenzando a dar resultados positivos\u201d.<\/p>\n<p style=\"text-align: justify;\">Adicionalmente, el director regional destac\u00f3 otros datos que evidencian el aumento en el flujo de turistas durante el actual per\u00edodo estival: \u201cEn enero de este a\u00f1o, la llegada de pasajeros al aeropuerto de Balmaceda aument\u00f3 un 6,2% respecto al mismo per\u00edodo del a\u00f1o pasado, alcanzando un total de 38.304 personas. Asimismo, en enero se registr\u00f3 un incremento del 23,2% en el n\u00famero de visitas y consultas en nuestras oficinas de informaci\u00f3n tur\u00edstica en comparaci\u00f3n con el mismo mes del a\u00f1o pasado\u201d.<\/p>\n<p style=\"text-align: justify;\">Para m\u00e1s informaci\u00f3n sobre las cifras de turismo del destino Ays\u00e9n Patagonia, visita <a href=\"http:\/\/www.estadisticas.aysenpatagonia.cl\">www.estadisticas.aysenpatagonia.cl<\/a> \u00a0Para descargar el informe completo de la tasa de ocupabilidad en establecimientos de alojamiento tur\u00edstico elaborado por Sernatur, accede a <a href=\"http:\/\/www.sernatur.cl\/dataturismo\">www.sernatur.cl\/dataturismo<\/a><\/p>\n<\/div><\/section><\/div><div  style='height:50px' class='hr hr-invisible   avia-builder-el-6  el_after_av_one_full  el_before_av_social_share '><span class='hr-inner ' ><span class='hr-inner-style'><\/span><\/span><\/div><\/p>\n<div  class='av-social-sharing-box  avia-builder-el-7  el_after_av_hr  el_before_av_hr  '><div class='av-share-box'><h5 class='av-share-link-description av-no-toc '>Compartir esta noticia<\/h5><ul class='av-share-box-list noLightbox'><li class='av-share-link av-social-link-facebook' ><a target=\"_blank\" aria-label=\"Compartir en Facebook\" href='https:\/\/www.facebook.com\/sharer.php?u=https:\/\/radiorevelacionfm.cl\/?p=50356&#038;t=Regi%C3%B3n%20de%20Ays%C3%A9n%20present%C3%B3%20la%20ocupabilidad%20tur%C3%ADstica%20m%C3%A1s%20alta%20en%20Chile%20con%20un%2087%2C3%25%20en%20Coyhaique%20y%20Puerto%20Ays%C3%A9n' aria-hidden='false' data-av_icon='\ue8f3' data-av_iconfont='entypo-fontello' title='' data-avia-related-tooltip='Compartir en Facebook' rel=\"noopener\"><span class='avia_hidden_link_text'>Compartir en Facebook<\/span><\/a><\/li><li class='av-share-link av-social-link-twitter' ><a target=\"_blank\" aria-label=\"Compartir en Twitter\" href='https:\/\/twitter.com\/share?text=Regi%C3%B3n%20de%20Ays%C3%A9n%20present%C3%B3%20la%20ocupabilidad%20tur%C3%ADstica%20m%C3%A1s%20alta%20en%20Chile%20con%20un%2087%2C3%25%20en%20Coyhaique%20y%20Puerto%20Ays%C3%A9n&#038;url=https:\/\/radiorevelacionfm.cl\/?p=50356' aria-hidden='false' data-av_icon='\ue8f1' data-av_iconfont='entypo-fontello' title='' data-avia-related-tooltip='Compartir en Twitter' rel=\"noopener\"><span class='avia_hidden_link_text'>Compartir en Twitter<\/span><\/a><\/li><li class='av-share-link av-social-link-whatsapp' ><a target=\"_blank\" aria-label=\"Compartir en Whatsapp\" href='https:\/\/api.whatsapp.com\/send?text=https:\/\/radiorevelacionfm.cl\/?p=50356' aria-hidden='false' data-av_icon='\uf232' data-av_iconfont='entypo-fontello' title='' data-avia-related-tooltip='Compartir en Whatsapp' rel=\"noopener\"><span class='avia_hidden_link_text'>Compartir en Whatsapp<\/span><\/a><\/li><li class='av-share-link av-social-link-linkedin' ><a target=\"_blank\" aria-label=\"Compartir en LinkedIn\" href='https:\/\/linkedin.com\/shareArticle?mini=true&#038;title=Regi%C3%B3n%20de%20Ays%C3%A9n%20present%C3%B3%20la%20ocupabilidad%20tur%C3%ADstica%20m%C3%A1s%20alta%20en%20Chile%20con%20un%2087%2C3%25%20en%20Coyhaique%20y%20Puerto%20Ays%C3%A9n&#038;url=https:\/\/radiorevelacionfm.cl\/?p=50356' aria-hidden='false' data-av_icon='\ue8fc' data-av_iconfont='entypo-fontello' title='' data-avia-related-tooltip='Compartir en LinkedIn' rel=\"noopener\"><span class='avia_hidden_link_text'>Compartir en LinkedIn<\/span><\/a><\/li><li class='av-share-link av-social-link-mail' ><a  aria-label=\"Compartir por correo\" href='mailto:?subject=Regi%C3%B3n%20de%20Ays%C3%A9n%20present%C3%B3%20la%20ocupabilidad%20tur%C3%ADstica%20m%C3%A1s%20alta%20en%20Chile%20con%20un%2087%2C3%25%20en%20Coyhaique%20y%20Puerto%20Ays%C3%A9n&#038;body=https:\/\/radiorevelacionfm.cl\/?p=50356' aria-hidden='false' data-av_icon='\ue805' data-av_iconfont='entypo-fontello' title='' data-avia-related-tooltip='Compartir por correo'><span class='avia_hidden_link_text'>Compartir por correo<\/span><\/a><\/li><\/ul><\/div><\/div>\n<div  style='height:50px' class='hr hr-invisible   avia-builder-el-8  el_after_av_social_share  el_before_av_comments_list '><span class='hr-inner ' ><span class='hr-inner-style'><\/span><\/span><\/div>\n<div  class='av-buildercomment  av-blog-meta-html-info-disabled av-blog-meta-tag-disabled  '><\/div>\n","protected":false},"excerpt":{"rendered":"","protected":false},"author":1,"featured_media":50357,"comment_status":"open","ping_status":"open","sticky":false,"template":"","format":"standard","meta":{"footnotes":""},"categories":[54],"tags":[],"class_list":["post-50356","post","type-post","status-publish","format-standard","has-post-thumbnail","hentry","category-turismo"],"jetpack_featured_media_url":"https:\/\/radiorevelacionfm.cl\/wp-content\/uploads\/2025\/02\/1_city-tour-drone-6-1-1_optimized-1.jpg","_links":{"self":[{"href":"https:\/\/radiorevelacionfm.cl\/index.php?rest_route=\/wp\/v2\/posts\/50356","targetHints":{"allow":["GET"]}}],"collection":[{"href":"https:\/\/radiorevelacionfm.cl\/index.php?rest_route=\/wp\/v2\/posts"}],"about":[{"href":"https:\/\/radiorevelacionfm.cl\/index.php?rest_route=\/wp\/v2\/types\/post"}],"author":[{"embeddable":true,"href":"https:\/\/radiorevelacionfm.cl\/index.php?rest_route=\/wp\/v2\/users\/1"}],"replies":[{"embeddable":true,"href":"https:\/\/radiorevelacionfm.cl\/index.php?rest_route=%2Fwp%2Fv2%2Fcomments&post=50356"}],"version-history":[{"count":1,"href":"https:\/\/radiorevelacionfm.cl\/index.php?rest_route=\/wp\/v2\/posts\/50356\/revisions"}],"predecessor-version":[{"id":50358,"href":"https:\/\/radiorevelacionfm.cl\/index.php?rest_route=\/wp\/v2\/posts\/50356\/revisions\/50358"}],"wp:featuredmedia":[{"embeddable":true,"href":"https:\/\/radiorevelacionfm.cl\/index.php?rest_route=\/wp\/v2\/media\/50357"}],"wp:attachment":[{"href":"https:\/\/radiorevelacionfm.cl\/index.php?rest_route=%2Fwp%2Fv2%2Fmedia&parent=50356"}],"wp:term":[{"taxonomy":"category","embeddable":true,"href":"https:\/\/radiorevelacionfm.cl\/index.php?rest_route=%2Fwp%2Fv2%2Fcategories&post=50356"},{"taxonomy":"post_tag","embeddable":true,"href":"https:\/\/radiorevelacionfm.cl\/index.php?rest_route=%2Fwp%2Fv2%2Ftags&post=50356"}],"curies":[{"name":"wp","href":"https:\/\/api.w.org\/{rel}","templated":true}]}}