{"id":50353,"date":"2025-02-06T10:19:42","date_gmt":"2025-02-06T13:19:42","guid":{"rendered":"https:\/\/radiorevelacionfm.cl\/?p=50353"},"modified":"2025-02-06T10:28:53","modified_gmt":"2025-02-06T13:28:53","slug":"amplio-dialogo-sobre-reforma-de-pensiones-en-delegacion-presidencial","status":"publish","type":"post","link":"https:\/\/radiorevelacionfm.cl\/?p=50353","title":{"rendered":"Amplio di\u00e1logo sobre Reforma de Pensiones se realiz\u00f3 en Delegaci\u00f3n Presidencial"},"content":{"rendered":"<div class=\"flex_column av_one_full  flex_column_div av-zero-column-padding first  avia-builder-el-0  el_before_av_one_full  avia-builder-el-first  \" style='border-radius:0px; '><div  class='avia-image-container  av-styling-    avia-builder-el-1  avia-builder-el-no-sibling  avia-align-center '  itemprop=\"image\" itemscope=\"itemscope\" itemtype=\"https:\/\/schema.org\/ImageObject\"  ><div class='avia-image-container-inner'><div class='avia-image-overlay-wrap'><img decoding=\"async\" class='wp-image-50354 avia-img-lazy-loading-not-50354 avia_image' src=\"https:\/\/radiorevelacionfm.cl\/wp-content\/uploads\/2025\/02\/whatsapp-image-2025-02-05-at-8_optimized.37.51-am-3-1.jpeg\" alt='' title='whatsapp-image-2025-02-05-at-8_optimized.37.51-am-(3)-(1)' height=\"600\" width=\"901\"  itemprop=\"thumbnailUrl\" srcset=\"https:\/\/radiorevelacionfm.cl\/wp-content\/uploads\/2025\/02\/whatsapp-image-2025-02-05-at-8_optimized.37.51-am-3-1.jpeg 901w, https:\/\/radiorevelacionfm.cl\/wp-content\/uploads\/2025\/02\/whatsapp-image-2025-02-05-at-8_optimized.37.51-am-3-1-300x200.jpeg 300w, https:\/\/radiorevelacionfm.cl\/wp-content\/uploads\/2025\/02\/whatsapp-image-2025-02-05-at-8_optimized.37.51-am-3-1-768x511.jpeg 768w, https:\/\/radiorevelacionfm.cl\/wp-content\/uploads\/2025\/02\/whatsapp-image-2025-02-05-at-8_optimized.37.51-am-3-1-705x469.jpeg 705w, https:\/\/radiorevelacionfm.cl\/wp-content\/uploads\/2025\/02\/whatsapp-image-2025-02-05-at-8_optimized.37.51-am-3-1-450x300.jpeg 450w, https:\/\/radiorevelacionfm.cl\/wp-content\/uploads\/2025\/02\/whatsapp-image-2025-02-05-at-8_optimized.37.51-am-3-1-600x400.jpeg 600w\" sizes=\"(max-width: 901px) 100vw, 901px\" \/><\/div><\/div><\/div><\/div>\n<div class=\"flex_column av_one_full  flex_column_div av-zero-column-padding first  avia-builder-el-2  el_after_av_one_full  el_before_av_one_full  column-top-margin\" style='border-radius:0px; '><section class=\"av_textblock_section \"  itemscope=\"itemscope\" itemtype=\"https:\/\/schema.org\/BlogPosting\" itemprop=\"blogPost\" ><div class='avia_textblock  '   itemprop=\"text\" ><p style=\"text-align: center;\"><span style=\"font-size: 18pt;\"><b>Amplio di\u00e1logo sobre Reforma de Pensiones se realiz\u00f3 en Delegaci\u00f3n Presidencial<\/b><\/span><\/p>\n<div id=\"gtx-trans\" style=\"position: absolute; left: -50px; top: 4.31534px;\">\n<div class=\"gtx-trans-icon\"><\/div>\n<\/div>\n<\/div><\/section><\/div><div class=\"flex_column av_one_full  flex_column_div av-zero-column-padding first  avia-builder-el-4  el_after_av_one_full  el_before_av_hr  column-top-margin\" style='border-radius:0px; '><section class=\"av_textblock_section \"  itemscope=\"itemscope\" itemtype=\"https:\/\/schema.org\/BlogPosting\" itemprop=\"blogPost\" ><div class='avia_textblock  '   itemprop=\"text\" ><p style=\"font-weight: 400; text-align: justify;\">Con la participaci\u00f3n activa de dirigentes, pensionadas y pensionados, se realiz\u00f3 en la Delegaci\u00f3n Presidencial Regional de Ays\u00e9n un di\u00e1logo ampliado sobre la Reforma de Pensiones, presentada por el gobierno del Presidente Gabriel Boric y aprobada en el Congreso, en el mayor aumento en las pensiones desde la creaci\u00f3n del sistema en los a\u00f1os 80.<\/p>\n<p style=\"font-weight: 400; text-align: justify;\">La instancia fue encabezada por el Delegado Jorge D\u00edaz Guzm\u00e1n, con una presentaci\u00f3n por parte de la seremi del Trabajo y Previsi\u00f3n Social, Camila Covarrubias, y respuestas de consultas por parte de la seremi de Desarrollo Social y Familia Karina Acevedo, Gobierno \u00darsula Mix, Mujer y Equidad de G\u00e9nero, Isidora Gacit\u00faa y Econom\u00eda, Felipe Rojas.<\/p>\n<p style=\"font-weight: 400; text-align: justify;\">\u201cConversar con nuestros vecinos, dirigentes de adultos mayores, vecinas, y nuestros seremis de la Mujer, del Trabajo, de Desarrollo Social, Econom\u00eda y Gobierno, explicando cada uno de los pasos de todo lo que tiene que ver con la Reforma Previsional y, por otra parte, los beneficios sociales que nosotros tenemos como gobierno en la regi\u00f3n de Ays\u00e9n. Ha sido una tarde muy provechosa y creemos que nuestros vecinos van mejor informados que cuando llegaron\u201d, destac\u00f3 Jorge D\u00edaz Guzm\u00e1n.<\/p>\n<p style=\"font-weight: 400; text-align: justify;\">La seremi Camila Covarrubias reforz\u00f3 que para mejorar las pensiones actuales y futuras, la reforma incluye aumento de la Pensi\u00f3n Garantizada Universal (PGU) a 250 mil pesos, avance a un sistema mixto de pensiones, nueva regulaci\u00f3n de la industria, incorporaci\u00f3n de fondos generacionales y mecanismo para evitar las lagunas previsionales.<\/p>\n<p style=\"font-weight: 400; text-align: justify;\">\u201cLas pensiones van a aumentar para los actuales y para los futuros jubilados. En nuestra regi\u00f3n vamos a tener alrededor de 10.200 beneficiarios y el aumento de su pensi\u00f3n va a ser de un promedio de un 19%, por lo tanto, vamos a tener un resultado concreto a muy corto plazo\u201d, se\u00f1al\u00f3.<\/p>\n<p style=\"font-weight: 400; text-align: justify;\"><strong>Asistentes valoran entrega de informaci\u00f3n<\/strong><\/p>\n<p style=\"font-weight: 400; text-align: justify;\">Entre los asistentes, M\u00f3nica Hermosilla Ocampo, secretaria general provincial de la CUT Coyhaique, valor\u00f3 la instancia.<\/p>\n<p style=\"font-weight: 400; text-align: justify;\">\u201cVine muy interesada en ver c\u00f3mo se planteaba esta reforma a la gente, que necesita saber c\u00f3mo va a ir funcionando y me gust\u00f3 mucho la reuni\u00f3n. Aclar\u00e9 varias dudas y, como dije en la intervenci\u00f3n, este es el primer gran paso que hemos dado para avanzar en justicia y en dignidad para las personas, sobre todo, para las mujeres. Me alegro que muchos seremis hayan participado con sus puntos de vista y espero que se realicen m\u00e1s charlas como esta, porque la verdad es que la mayor\u00eda sabe que hay un incremento en su pensi\u00f3n, pero no tiene mayor claridad\u201d, se\u00f1al\u00f3.<\/p>\n<p style=\"font-weight: 400; text-align: justify;\">Nuria Medina, presidenta de la poblaci\u00f3n El Bosque, reafirm\u00f3 la importancia de la informaci\u00f3n.<\/p>\n<p style=\"font-weight: 400; text-align: justify;\">\u201cVine porque me interesa, porque en mi poblaci\u00f3n hay mucho adulto mayor, entonces les voy a llevar la informaci\u00f3n para que ellos puedan asistir a la reuni\u00f3n o venir a consultar las cosas que ellos les interese. Me gust\u00f3 y uno tiene que entender que todo es un proceso, no es de la noche a la ma\u00f1ana, en su tiempo van d\u00e1ndose las cosas\u201d, indic\u00f3.<\/p>\n<p style=\"font-weight: 400; text-align: justify;\">Por \u00faltimo, Roy Horsmeyer Bizama apreci\u00f3 tambi\u00e9n el di\u00e1logo. \u201cLa exposici\u00f3n estuvo muy buena. Hay que luchar m\u00e1s, porque siempre hay que seguir \u00a0adelante con las cosas, y todos los que est\u00e1n diciendo yo s\u00e9 que va a salir todo bien. Y entonces ahora estoy viendo que todo est\u00e1 saliendo bien\u201d, concluy\u00f3.<\/p>\n<p style=\"font-weight: 400; text-align: justify;\">La Reforma de Pensiones consolidar\u00e1 un sistema mixto que garantice sostenibilidad y mayor equidad, tanto en las pensiones actuales como en las futuras.<\/p>\n<\/div><\/section><\/div><\/p>\n<div  style='height:50px' class='hr hr-invisible   avia-builder-el-6  el_after_av_one_full  el_before_av_social_share '><span class='hr-inner ' ><span class='hr-inner-style'><\/span><\/span><\/div>\n<div  class='av-social-sharing-box  avia-builder-el-7  el_after_av_hr  el_before_av_hr  '><div class='av-share-box'><h5 class='av-share-link-description av-no-toc '>Compartir esta noticia<\/h5><ul class='av-share-box-list noLightbox'><li class='av-share-link av-social-link-facebook' ><a target=\"_blank\" aria-label=\"Compartir en Facebook\" href='https:\/\/www.facebook.com\/sharer.php?u=https:\/\/radiorevelacionfm.cl\/?p=50353&#038;t=Amplio%20di%C3%A1logo%20sobre%20Reforma%20de%20Pensiones%20se%20realiz%C3%B3%20en%20Delegaci%C3%B3n%20Presidencial' aria-hidden='false' data-av_icon='\ue8f3' data-av_iconfont='entypo-fontello' title='' data-avia-related-tooltip='Compartir en Facebook' rel=\"noopener\"><span class='avia_hidden_link_text'>Compartir en Facebook<\/span><\/a><\/li><li class='av-share-link av-social-link-twitter' ><a target=\"_blank\" aria-label=\"Compartir en Twitter\" href='https:\/\/twitter.com\/share?text=Amplio%20di%C3%A1logo%20sobre%20Reforma%20de%20Pensiones%20se%20realiz%C3%B3%20en%20Delegaci%C3%B3n%20Presidencial&#038;url=https:\/\/radiorevelacionfm.cl\/?p=50353' aria-hidden='false' data-av_icon='\ue8f1' data-av_iconfont='entypo-fontello' title='' data-avia-related-tooltip='Compartir en Twitter' rel=\"noopener\"><span class='avia_hidden_link_text'>Compartir en Twitter<\/span><\/a><\/li><li class='av-share-link av-social-link-whatsapp' ><a target=\"_blank\" aria-label=\"Compartir en Whatsapp\" href='https:\/\/api.whatsapp.com\/send?text=https:\/\/radiorevelacionfm.cl\/?p=50353' aria-hidden='false' data-av_icon='\uf232' data-av_iconfont='entypo-fontello' title='' data-avia-related-tooltip='Compartir en Whatsapp' rel=\"noopener\"><span class='avia_hidden_link_text'>Compartir en Whatsapp<\/span><\/a><\/li><li class='av-share-link av-social-link-linkedin' ><a target=\"_blank\" aria-label=\"Compartir en LinkedIn\" href='https:\/\/linkedin.com\/shareArticle?mini=true&#038;title=Amplio%20di%C3%A1logo%20sobre%20Reforma%20de%20Pensiones%20se%20realiz%C3%B3%20en%20Delegaci%C3%B3n%20Presidencial&#038;url=https:\/\/radiorevelacionfm.cl\/?p=50353' aria-hidden='false' data-av_icon='\ue8fc' data-av_iconfont='entypo-fontello' title='' data-avia-related-tooltip='Compartir en LinkedIn' rel=\"noopener\"><span class='avia_hidden_link_text'>Compartir en LinkedIn<\/span><\/a><\/li><li class='av-share-link av-social-link-mail' ><a  aria-label=\"Compartir por correo\" href='mailto:?subject=Amplio%20di%C3%A1logo%20sobre%20Reforma%20de%20Pensiones%20se%20realiz%C3%B3%20en%20Delegaci%C3%B3n%20Presidencial&#038;body=https:\/\/radiorevelacionfm.cl\/?p=50353' aria-hidden='false' data-av_icon='\ue805' data-av_iconfont='entypo-fontello' title='' data-avia-related-tooltip='Compartir por correo'><span class='avia_hidden_link_text'>Compartir por correo<\/span><\/a><\/li><\/ul><\/div><\/div>\n<div  style='height:50px' class='hr hr-invisible   avia-builder-el-8  el_after_av_social_share  el_before_av_comments_list '><span class='hr-inner ' ><span class='hr-inner-style'><\/span><\/span><\/div>\n<div  class='av-buildercomment  av-blog-meta-html-info-disabled av-blog-meta-tag-disabled  '><\/div>\n","protected":false},"excerpt":{"rendered":"","protected":false},"author":1,"featured_media":50354,"comment_status":"open","ping_status":"open","sticky":false,"template":"","format":"standard","meta":{"footnotes":""},"categories":[38],"tags":[],"class_list":["post-50353","post","type-post","status-publish","format-standard","has-post-thumbnail","hentry","category-regional"],"jetpack_featured_media_url":"https:\/\/radiorevelacionfm.cl\/wp-content\/uploads\/2025\/02\/whatsapp-image-2025-02-05-at-8_optimized.37.51-am-3-1.jpeg","_links":{"self":[{"href":"https:\/\/radiorevelacionfm.cl\/index.php?rest_route=\/wp\/v2\/posts\/50353","targetHints":{"allow":["GET"]}}],"collection":[{"href":"https:\/\/radiorevelacionfm.cl\/index.php?rest_route=\/wp\/v2\/posts"}],"about":[{"href":"https:\/\/radiorevelacionfm.cl\/index.php?rest_route=\/wp\/v2\/types\/post"}],"author":[{"embeddable":true,"href":"https:\/\/radiorevelacionfm.cl\/index.php?rest_route=\/wp\/v2\/users\/1"}],"replies":[{"embeddable":true,"href":"https:\/\/radiorevelacionfm.cl\/index.php?rest_route=%2Fwp%2Fv2%2Fcomments&post=50353"}],"version-history":[{"count":2,"href":"https:\/\/radiorevelacionfm.cl\/index.php?rest_route=\/wp\/v2\/posts\/50353\/revisions"}],"predecessor-version":[{"id":50373,"href":"https:\/\/radiorevelacionfm.cl\/index.php?rest_route=\/wp\/v2\/posts\/50353\/revisions\/50373"}],"wp:featuredmedia":[{"embeddable":true,"href":"https:\/\/radiorevelacionfm.cl\/index.php?rest_route=\/wp\/v2\/media\/50354"}],"wp:attachment":[{"href":"https:\/\/radiorevelacionfm.cl\/index.php?rest_route=%2Fwp%2Fv2%2Fmedia&parent=50353"}],"wp:term":[{"taxonomy":"category","embeddable":true,"href":"https:\/\/radiorevelacionfm.cl\/index.php?rest_route=%2Fwp%2Fv2%2Fcategories&post=50353"},{"taxonomy":"post_tag","embeddable":true,"href":"https:\/\/radiorevelacionfm.cl\/index.php?rest_route=%2Fwp%2Fv2%2Ftags&post=50353"}],"curies":[{"name":"wp","href":"https:\/\/api.w.org\/{rel}","templated":true}]}}