{"id":50349,"date":"2025-02-06T11:38:33","date_gmt":"2025-02-06T14:38:33","guid":{"rendered":"https:\/\/radiorevelacionfm.cl\/?p=50349"},"modified":"2025-02-06T11:38:33","modified_gmt":"2025-02-06T14:38:33","slug":"observatorio-laboral-presento-estudio-regional-acuicultura-y-trabajo-ante-actores-del-subsector","status":"publish","type":"post","link":"https:\/\/radiorevelacionfm.cl\/?p=50349","title":{"rendered":"Observatorio Laboral present\u00f3 estudio regional \u201cAcuicultura y Trabajo\u201d ante actores del subsector"},"content":{"rendered":"<div class=\"flex_column av_one_full  flex_column_div av-zero-column-padding first  avia-builder-el-0  el_before_av_one_full  avia-builder-el-first  \" style='border-radius:0px; '><div  class='avia-image-container  av-styling-    avia-builder-el-1  avia-builder-el-no-sibling  avia-align-center '  itemprop=\"image\" itemscope=\"itemscope\" itemtype=\"https:\/\/schema.org\/ImageObject\"  ><div class='avia-image-container-inner'><div class='avia-image-overlay-wrap'><img decoding=\"async\" class='wp-image-50350 avia-img-lazy-loading-not-50350 avia_image' src=\"https:\/\/radiorevelacionfm.cl\/wp-content\/uploads\/2025\/02\/encuentro-2-1_optimized.jpeg\" alt='' title='encuentro-2-(1)_optimized' height=\"600\" width=\"800\"  itemprop=\"thumbnailUrl\" srcset=\"https:\/\/radiorevelacionfm.cl\/wp-content\/uploads\/2025\/02\/encuentro-2-1_optimized.jpeg 800w, https:\/\/radiorevelacionfm.cl\/wp-content\/uploads\/2025\/02\/encuentro-2-1_optimized-300x225.jpeg 300w, https:\/\/radiorevelacionfm.cl\/wp-content\/uploads\/2025\/02\/encuentro-2-1_optimized-768x576.jpeg 768w, https:\/\/radiorevelacionfm.cl\/wp-content\/uploads\/2025\/02\/encuentro-2-1_optimized-705x529.jpeg 705w, https:\/\/radiorevelacionfm.cl\/wp-content\/uploads\/2025\/02\/encuentro-2-1_optimized-450x338.jpeg 450w, https:\/\/radiorevelacionfm.cl\/wp-content\/uploads\/2025\/02\/encuentro-2-1_optimized-600x450.jpeg 600w\" sizes=\"(max-width: 800px) 100vw, 800px\" \/><\/div><\/div><\/div><\/div><div class=\"flex_column av_one_full  flex_column_div av-zero-column-padding first  avia-builder-el-2  el_after_av_one_full  el_before_av_one_full  column-top-margin\" style='border-radius:0px; '><section class=\"av_textblock_section \"  itemscope=\"itemscope\" itemtype=\"https:\/\/schema.org\/BlogPosting\" itemprop=\"blogPost\" ><div class='avia_textblock  '   itemprop=\"text\" ><p style=\"text-align: center;\"><strong><span style=\"font-size: 18pt;\">Observatorio Laboral present\u00f3 estudio regional \u201cAcuicultura y Trabajo\u201d ante actores del subsector<\/span><\/strong><\/p>\n<div id=\"gtx-trans\" style=\"position: absolute; left: -50px; top: 4.31534px;\">\n<div class=\"gtx-trans-icon\"><\/div>\n<\/div>\n<\/div><\/section><\/div><div class=\"flex_column av_one_full  flex_column_div av-zero-column-padding first  avia-builder-el-4  el_after_av_one_full  el_before_av_hr  column-top-margin\" style='border-radius:0px; '><section class=\"av_textblock_section \"  itemscope=\"itemscope\" itemtype=\"https:\/\/schema.org\/BlogPosting\" itemprop=\"blogPost\" ><div class='avia_textblock  '   itemprop=\"text\" ><ul>\n<li style=\"text-align: justify;\"><em>Este trabajo se desarroll\u00f3 gracias a la participaci\u00f3n de las 14 empresas acu\u00edcolas presentes en la regi\u00f3n.<\/em><\/li>\n<li style=\"text-align: justify;\"><em>Representantes de gremios, sindicatos, empresas privadas, servicios p\u00fablicos, autoridades regionales y comunales participaron en la ocasi\u00f3n.<\/em><\/li>\n<\/ul>\n<p style=\"text-align: justify;\"><em>\u00a0<\/em>En dependencias del \u201cEcoterr\u00e1neo Cowork\u201d de Puerto Ays\u00e9n y con la presencia de la seremi del Trabajo y Previsi\u00f3n Social, Camila Covarrubias Retamal y el rector V\u00edctor Hugo \u00c1lvarez Vel\u00e1squez del Centro de Formaci\u00f3n T\u00e9cnica Estatal de Ays\u00e9n se dio a conocer el estudio regional \u201cAcuicultura y Trabajo\u201d, ejecutado por el Observatorio Laboral de Ays\u00e9n, el cual busc\u00f3 mostrar el escenario actual de la industria acu\u00edcola para generar espacios de proyectos y apoyo entre el mundo p\u00fablico y privado.<\/p>\n<p style=\"text-align: justify;\">Dicha investigaci\u00f3n, fue confeccionada con las respuestas entregadas por las 14 empresas acu\u00edcolas presentes en nuestro territorio a las que se les aplic\u00f3 un breve cuestionario sobre la dotaci\u00f3n solo de pisciculturas y centros de cultivos lo que gener\u00f3 una serie de datos estad\u00edsticos interesantes, como, por ejemplo, reafirmar la hip\u00f3tesis sobre la brecha de contrataci\u00f3n entre hombres y mujeres, donde estas \u00faltimas representan un n\u00famero reducido versus a sus pares.<\/p>\n<p style=\"text-align: justify;\">Frente a este tema, la Seremi del Trabajo y Previsi\u00f3n Social, Camila Covarrubias coment\u00f3 que los datos arrojados son significativos para trabajar en conjunto a las empresas y crear pol\u00edticas p\u00fablicas que apoyen a insertar a las mujeres en un mercado en constante crecimiento, como lo es la acuicultura, donde el poder femenino es un complemento muy importante para un desarrollo sostenible.<\/p>\n<p style=\"text-align: justify;\">\u201cPudimos conocer y corroborar que efectivamente\u00a0la brecha de g\u00e9nero entre hombres y mujeres en el sector acu\u00edcola es todav\u00eda muy grande,\u00a0s\u00f3lo el 14% de las mujeres trabajan en la acuicultura, directamente en el mar.\u00a0Esto nos permite conocer para implementar diferentes pol\u00edticas p\u00fablicas\u00a0y poder potenciar y disminuir esa brecha. Tambi\u00e9n pudimos conocer distintos antecedentes respecto a las principales ocupaciones del sector, cu\u00e1les son las ocupaciones de m\u00e1s dif\u00edcil acceso\u00a0y c\u00f3mo podemos apoyar a trav\u00e9s de nuestro CFT estatal, que adem\u00e1s es quien ejecuta nuestro Observatorio Laboral en la regi\u00f3n. Por otro lado, tambi\u00e9n es importante relevar que esta brecha se puede ir acortando con diferentes pol\u00edticas que las empresas pueden ir implementando,\u00a0para que las mujeres que ya est\u00e1n en el mundo de la acuicultura\u00a0no se vean sometidas a diferentes sesgos por ser mujeres\u00a0y adem\u00e1s, quienes est\u00e1n fuera, puedan ver este mundo atractivo\u00a0para desarrollarse laboralmente\u201d argument\u00f3 la autoridad laboral.<\/p>\n<p style=\"text-align: justify;\"><strong><u>Relevancia de las competencias t\u00e9cnicas<\/u><\/strong><\/p>\n<p style=\"text-align: justify;\">Actualmente la industria genera un gran aporte a la econom\u00eda regional y nacional, ya que el salm\u00f3n es un producto de exportaci\u00f3n muy requerido por otros pa\u00edses. Es por ello que este estudio fue recibido positivamente por las 14 empresas participantes, pero por, sobre todo, es una herramienta muy \u00fatil para el Centro de Formaci\u00f3n T\u00e9cnica Estatal, quien, a trav\u00e9s de un convenio firmado con la Subsecretar\u00eda del Trabajo, son el ente ejecutor del Observatorio Laboral en la regi\u00f3n de Ays\u00e9n.<\/p>\n<p style=\"text-align: justify;\">As\u00ed lo expres\u00f3 su rector, V\u00edctor Hugo \u00c1lvarez Vel\u00e1squez, quien apoya este tipo de investigaciones, m\u00e1s a\u00fan si est\u00e1 ligado al fortalecimiento de carreras que actualmente imparte la casa de estudios y tienen relaci\u00f3n con este subsector.<\/p>\n<p style=\"text-align: justify;\">\u201cEntregaremos un estudio que realizamos de la industria a todos los directivos de las diferentes empresas\u00a0\u00a0y all\u00ed se arrojan temas muy interesantes como que alrededor del 50% de toda la fuerza laboral de la industria viene de afuera,\u00a0es decir, tenemos trabajo con el CFT estatal de la regi\u00f3n de Ays\u00e9n\u00a0de seguir capacitando una gran competencia de los trabajadores de nuestra regi\u00f3n, del litoral, para que puedan insertarse en la industria tambi\u00e9n, ese es un dato muy potente y el otro dato es que la industria todav\u00eda sigue masculinizada completamente.\u00a0\u00a0Aqu\u00ed vamos a mostrar las cifras, pero todav\u00eda necesitamos incorporar las pol\u00edticas de g\u00e9nero en la industria y as\u00ed, varios elementos que vamos a arrojar en este estudio\u201d expres\u00f3 la autoridad de la instituci\u00f3n.<\/p>\n<p style=\"text-align: justify;\"><strong><u>Sobre el aporte de datos a la industria<\/u><\/strong><\/p>\n<p style=\"text-align: justify;\">La presentaci\u00f3n del estudio fue una instancia de reflexi\u00f3n con los actores del subsector, quienes hicieron sugerencias de an\u00e1lisis y complemento para un eventual futuro estudio en el tema.<\/p>\n<p style=\"text-align: justify;\">Juan Luis Amen\u00e1bar, Director del Consejo del Salm\u00f3n en la regi\u00f3n de Ays\u00e9n, fue uno de los tantos participantes en la jornada, la que calific\u00f3 como trascendental para la industria y el gremio, ya que por primera vez se ven materializados los datos y valor\u00f3 positivamente el\u00a0 trabajo desarrollado por el equipo multidisciplinario del observatorio, quienes en tiempo reducido, dieron con cifras importantes para generar debate y abrir la puerta a nuevos estudios que complementen y colaboren a crear pol\u00edticas internas como externas que ayuden a generar espacios laborales seguros y con futuro.<\/p>\n<p style=\"text-align: justify;\">\u201cPor primera vez estamos teniendo datos, generando informes,\u00a0porque con datos uno puede hacer mejores pol\u00edticas p\u00fablicas, mejores pol\u00edticas internas en la empresa y poder gestionar de mejor manera\u00a0todos los recursos que tiene. Hoy d\u00eda se dieron cosas muy interesantes, se abri\u00f3 el debate, pudimos conversar la realidad regional, la realidad de la industria,\u00a0\u00a0todo lo que son las cuentas y c\u00f3mo poder tomar mejores decisiones en base a buenos datos, as\u00ed que esta primera aproximaci\u00f3n creo, de manera personal, que va en la ruta correcta, tenemos que separar m\u00e1s las cuentas para las estad\u00edsticas\u00a0y poder ir forjando un mejor futuro para todos los habitantes de la regi\u00f3n\u00a0ligados a esta industria s\u00faper importante y vamos a poder, de esa manera, desarrollarnos y generar mejor cultura acu\u00edcola\u00a0con el CFT, la seremi del Trabajo, seremi de Econom\u00eda, as\u00ed que creemos que para all\u00e1 va la mano,\u00a0pero partimos de esta base s\u00faper buena de lo que pudimos ver del Observatorio Laboral\u201d, sostuvo el representante del gremio.<\/p>\n<p style=\"text-align: justify;\">En la actividad estuvieron presentes tanto la Seremi de Trabajo, Camila Covarrubias, como su par de Econom\u00eda, Felipe Rojas, el rector del CFT, V\u00edctor Hugo \u00c1lvarez, concejales, consejeras y representantes de servicios p\u00fablicos, Consejo del Salm\u00f3n, Corpays\u00e9n, Agrupays\u00e9n, empresas acu\u00edcolas y prestadoras de servicios de la industria.<\/p>\n<p style=\"text-align: justify;\">Para acceder al estudio puedes revisar la p\u00e1gina web de la subsecretar\u00eda del trabajo o ir a: <a href=\"https:\/\/www.subtrab.gob.cl\/er\/\">https:\/\/www.subtrab.gob.cl\/er\/<\/a>. Adem\u00e1s, se pueden visitar las redes sociales en Instagram como @olraysen, en X como @OLRAysen y su fanpage de Facebook: Observatorio Laboral Ays\u00e9n donde peri\u00f3dicamente hay informaci\u00f3n actualizada del quehacer de la entidad como tambi\u00e9n su term\u00f3metro laboral regional mensual.<\/p>\n<\/div><\/section><\/div><div  style='height:50px' class='hr hr-invisible   avia-builder-el-6  el_after_av_one_full  el_before_av_social_share '><span class='hr-inner ' ><span class='hr-inner-style'><\/span><\/span><\/div><\/p>\n<div  class='av-social-sharing-box  avia-builder-el-7  el_after_av_hr  el_before_av_hr  '><div class='av-share-box'><h5 class='av-share-link-description av-no-toc '>Compartir esta noticia<\/h5><ul class='av-share-box-list noLightbox'><li class='av-share-link av-social-link-facebook' ><a target=\"_blank\" aria-label=\"Compartir en Facebook\" href='https:\/\/www.facebook.com\/sharer.php?u=https:\/\/radiorevelacionfm.cl\/?p=50349&#038;t=Observatorio%20Laboral%20present%C3%B3%20estudio%20regional%20%E2%80%9CAcuicultura%20y%20Trabajo%E2%80%9D%20ante%20actores%20del%20subsector' aria-hidden='false' data-av_icon='\ue8f3' data-av_iconfont='entypo-fontello' title='' data-avia-related-tooltip='Compartir en Facebook' rel=\"noopener\"><span class='avia_hidden_link_text'>Compartir en Facebook<\/span><\/a><\/li><li class='av-share-link av-social-link-twitter' ><a target=\"_blank\" aria-label=\"Compartir en Twitter\" href='https:\/\/twitter.com\/share?text=Observatorio%20Laboral%20present%C3%B3%20estudio%20regional%20%E2%80%9CAcuicultura%20y%20Trabajo%E2%80%9D%20ante%20actores%20del%20subsector&#038;url=https:\/\/radiorevelacionfm.cl\/?p=50349' aria-hidden='false' data-av_icon='\ue8f1' data-av_iconfont='entypo-fontello' title='' data-avia-related-tooltip='Compartir en Twitter' rel=\"noopener\"><span class='avia_hidden_link_text'>Compartir en Twitter<\/span><\/a><\/li><li class='av-share-link av-social-link-whatsapp' ><a target=\"_blank\" aria-label=\"Compartir en Whatsapp\" href='https:\/\/api.whatsapp.com\/send?text=https:\/\/radiorevelacionfm.cl\/?p=50349' aria-hidden='false' data-av_icon='\uf232' data-av_iconfont='entypo-fontello' title='' data-avia-related-tooltip='Compartir en Whatsapp' rel=\"noopener\"><span class='avia_hidden_link_text'>Compartir en Whatsapp<\/span><\/a><\/li><li class='av-share-link av-social-link-linkedin' ><a target=\"_blank\" aria-label=\"Compartir en LinkedIn\" href='https:\/\/linkedin.com\/shareArticle?mini=true&#038;title=Observatorio%20Laboral%20present%C3%B3%20estudio%20regional%20%E2%80%9CAcuicultura%20y%20Trabajo%E2%80%9D%20ante%20actores%20del%20subsector&#038;url=https:\/\/radiorevelacionfm.cl\/?p=50349' aria-hidden='false' data-av_icon='\ue8fc' data-av_iconfont='entypo-fontello' title='' data-avia-related-tooltip='Compartir en LinkedIn' rel=\"noopener\"><span class='avia_hidden_link_text'>Compartir en LinkedIn<\/span><\/a><\/li><li class='av-share-link av-social-link-mail' ><a  aria-label=\"Compartir por correo\" href='mailto:?subject=Observatorio%20Laboral%20present%C3%B3%20estudio%20regional%20%E2%80%9CAcuicultura%20y%20Trabajo%E2%80%9D%20ante%20actores%20del%20subsector&#038;body=https:\/\/radiorevelacionfm.cl\/?p=50349' aria-hidden='false' data-av_icon='\ue805' data-av_iconfont='entypo-fontello' title='' data-avia-related-tooltip='Compartir por correo'><span class='avia_hidden_link_text'>Compartir por correo<\/span><\/a><\/li><\/ul><\/div><\/div>\n<div  style='height:50px' class='hr hr-invisible   avia-builder-el-8  el_after_av_social_share  el_before_av_comments_list '><span class='hr-inner ' ><span class='hr-inner-style'><\/span><\/span><\/div>\n<div  class='av-buildercomment  av-blog-meta-html-info-disabled av-blog-meta-tag-disabled  '><\/div>\n","protected":false},"excerpt":{"rendered":"","protected":false},"author":1,"featured_media":50350,"comment_status":"open","ping_status":"open","sticky":false,"template":"","format":"standard","meta":{"footnotes":""},"categories":[38],"tags":[],"class_list":["post-50349","post","type-post","status-publish","format-standard","has-post-thumbnail","hentry","category-regional"],"jetpack_featured_media_url":"https:\/\/radiorevelacionfm.cl\/wp-content\/uploads\/2025\/02\/encuentro-2-1_optimized.jpeg","_links":{"self":[{"href":"https:\/\/radiorevelacionfm.cl\/index.php?rest_route=\/wp\/v2\/posts\/50349","targetHints":{"allow":["GET"]}}],"collection":[{"href":"https:\/\/radiorevelacionfm.cl\/index.php?rest_route=\/wp\/v2\/posts"}],"about":[{"href":"https:\/\/radiorevelacionfm.cl\/index.php?rest_route=\/wp\/v2\/types\/post"}],"author":[{"embeddable":true,"href":"https:\/\/radiorevelacionfm.cl\/index.php?rest_route=\/wp\/v2\/users\/1"}],"replies":[{"embeddable":true,"href":"https:\/\/radiorevelacionfm.cl\/index.php?rest_route=%2Fwp%2Fv2%2Fcomments&post=50349"}],"version-history":[{"count":1,"href":"https:\/\/radiorevelacionfm.cl\/index.php?rest_route=\/wp\/v2\/posts\/50349\/revisions"}],"predecessor-version":[{"id":50351,"href":"https:\/\/radiorevelacionfm.cl\/index.php?rest_route=\/wp\/v2\/posts\/50349\/revisions\/50351"}],"wp:featuredmedia":[{"embeddable":true,"href":"https:\/\/radiorevelacionfm.cl\/index.php?rest_route=\/wp\/v2\/media\/50350"}],"wp:attachment":[{"href":"https:\/\/radiorevelacionfm.cl\/index.php?rest_route=%2Fwp%2Fv2%2Fmedia&parent=50349"}],"wp:term":[{"taxonomy":"category","embeddable":true,"href":"https:\/\/radiorevelacionfm.cl\/index.php?rest_route=%2Fwp%2Fv2%2Fcategories&post=50349"},{"taxonomy":"post_tag","embeddable":true,"href":"https:\/\/radiorevelacionfm.cl\/index.php?rest_route=%2Fwp%2Fv2%2Ftags&post=50349"}],"curies":[{"name":"wp","href":"https:\/\/api.w.org\/{rel}","templated":true}]}}