{"id":50346,"date":"2025-02-05T15:54:51","date_gmt":"2025-02-05T18:54:51","guid":{"rendered":"https:\/\/radiorevelacionfm.cl\/?p=50346"},"modified":"2025-02-05T15:54:51","modified_gmt":"2025-02-05T18:54:51","slug":"comite-union-esperanza-de-balmaceda-pide-agilizar-tramitacion-de-proyecto-habitacional-para-101-familias","status":"publish","type":"post","link":"https:\/\/radiorevelacionfm.cl\/?p=50346","title":{"rendered":"Comit\u00e9 Uni\u00f3n Esperanza de Balmaceda pide agilizar tramitaci\u00f3n de proyecto habitacional para 101 familias"},"content":{"rendered":"<div class=\"flex_column av_one_full  flex_column_div av-zero-column-padding first  avia-builder-el-0  el_before_av_one_full  avia-builder-el-first  \" style='border-radius:0px; '><div  class='avia-image-container  av-styling-    avia-builder-el-1  avia-builder-el-no-sibling  avia-align-center '  itemprop=\"image\" itemscope=\"itemscope\" itemtype=\"https:\/\/schema.org\/ImageObject\"  ><div class='avia-image-container-inner'><div class='avia-image-overlay-wrap'><img decoding=\"async\" class='wp-image-50347 avia-img-lazy-loading-not-50347 avia_image' src=\"https:\/\/radiorevelacionfm.cl\/wp-content\/uploads\/2025\/02\/foto-comi\u00b4te-balamaceda-1_optimized-1.jpeg\" alt='' title='foto-comi\u00b4te-balamaceda-(1)_optimized (1)' height=\"600\" width=\"1328\"  itemprop=\"thumbnailUrl\" srcset=\"https:\/\/radiorevelacionfm.cl\/wp-content\/uploads\/2025\/02\/foto-comi\u00b4te-balamaceda-1_optimized-1.jpeg 1328w, https:\/\/radiorevelacionfm.cl\/wp-content\/uploads\/2025\/02\/foto-comi\u00b4te-balamaceda-1_optimized-1-300x136.jpeg 300w, https:\/\/radiorevelacionfm.cl\/wp-content\/uploads\/2025\/02\/foto-comi\u00b4te-balamaceda-1_optimized-1-1030x465.jpeg 1030w, https:\/\/radiorevelacionfm.cl\/wp-content\/uploads\/2025\/02\/foto-comi\u00b4te-balamaceda-1_optimized-1-768x347.jpeg 768w, https:\/\/radiorevelacionfm.cl\/wp-content\/uploads\/2025\/02\/foto-comi\u00b4te-balamaceda-1_optimized-1-705x319.jpeg 705w, https:\/\/radiorevelacionfm.cl\/wp-content\/uploads\/2025\/02\/foto-comi\u00b4te-balamaceda-1_optimized-1-450x203.jpeg 450w, https:\/\/radiorevelacionfm.cl\/wp-content\/uploads\/2025\/02\/foto-comi\u00b4te-balamaceda-1_optimized-1-600x271.jpeg 600w\" sizes=\"(max-width: 1328px) 100vw, 1328px\" \/><\/div><\/div><\/div><\/div><div class=\"flex_column av_one_full  flex_column_div av-zero-column-padding first  avia-builder-el-2  el_after_av_one_full  el_before_av_one_full  column-top-margin\" style='border-radius:0px; '><section class=\"av_textblock_section \"  itemscope=\"itemscope\" itemtype=\"https:\/\/schema.org\/BlogPosting\" itemprop=\"blogPost\" ><div class='avia_textblock  '   itemprop=\"text\" ><p style=\"text-align: center;\"><strong><span style=\"font-size: 18pt;\">Comit\u00e9 Uni\u00f3n Esperanza de Balmaceda pide agilizar tramitaci\u00f3n de proyecto habitacional para 101 familias<\/span><\/strong><\/p>\n<div id=\"gtx-trans\" style=\"position: absolute; left: -50px; top: 4.31534px;\">\n<div class=\"gtx-trans-icon\"><\/div>\n<\/div>\n<\/div><\/section><\/div><div class=\"flex_column av_one_full  flex_column_div av-zero-column-padding first  avia-builder-el-4  el_after_av_one_full  el_before_av_hr  column-top-margin\" style='border-radius:0px; '><section class=\"av_textblock_section \"  itemscope=\"itemscope\" itemtype=\"https:\/\/schema.org\/BlogPosting\" itemprop=\"blogPost\" ><div class='avia_textblock  '   itemprop=\"text\" ><p style=\"font-weight: 400; text-align: justify;\">Con la intenci\u00f3n de pedir que se agilice la tramitaci\u00f3n del proyecto habitacional del Comit\u00e9 Uni\u00f3n Esperanza de Balmaceda, el diputado Miguel \u00c1ngel Calisto y dirigentes de esta agrupaci\u00f3n sostuvieron una reuni\u00f3n con el alcalde de Coyhaique, Carlos Gatica, y con personal de la Direcci\u00f3n de Obras Municipales.<\/p>\n<p style=\"font-weight: 400; text-align: justify;\">Seg\u00fan el diputado Calisto, \u201cestamos con los dirigentes del Comit\u00e9 Uni\u00f3n Esperanza de Balmaceda. Son 101 familias que est\u00e1n a la espera de un \u00faltimo proceso ac\u00e1 en la DOM y por eso hoy d\u00eda vinimos a una reuni\u00f3n con el alcalde. Ellos ya tienen sus terrenos, tienen su proyecto, tienen sus subsidios asegurados, tienen todo el proyecto completo, solamente falta que la DOM le d\u00e9 el visto bueno\u201d.<\/p>\n<p style=\"font-weight: 400; text-align: justify;\">\u201cNos reunimos con el alcalde Carlos Gatica, tambi\u00e9n con la directora de la DOM, quien nos inform\u00f3 que durante el mes de febrero van a tener noticias respecto del levantamiento de las observaciones y esperamos que tengamos la aprobaci\u00f3n durante ese mismo mes. Nosotros le vamos a estar haciendo el seguimiento junto a los para que ojal\u00e1 desde marzo ya est\u00e9 todo en orden, y as\u00ed m\u00e1s adelante comiencen las obras, que es lo que las familias esperan\u201d, indic\u00f3.<\/p>\n<p style=\"font-weight: 400; text-align: justify;\">Calisto agreg\u00f3 que \u201ces un comit\u00e9 que ya lleva m\u00e1s de ocho a\u00f1os y por eso hay que destacar el trabajo que han hecho sus dirigentes porque esto ha sido un proceso de paso a paso, es decir, conseguir los terrenos, despu\u00e9s garantizar que los terrenos est\u00e9n a nombre del comit\u00e9, despu\u00e9s hacer un proceso de selecci\u00f3n, la entidad patrocinante, esto lleva muchos a\u00f1os, tiempo de dedicaci\u00f3n y hoy d\u00eda hemos visto que nos queda el \u00faltimo paso, que es un paso importante que esperamos resolver durante este mes\u201d, se\u00f1al\u00f3.<\/p>\n<p style=\"font-weight: 400; text-align: justify;\">Por su parte, Eduardo Jaque, dirigente del comit\u00e9, asegur\u00f3 que \u201caqu\u00ed estamos reunidos con parte de la directiva, con el diputado Calisto que ha sido un pilar fundamental para nosotros en este camino que hemos hecho como comit\u00e9. Tuvimos una reuni\u00f3n hoy d\u00eda con el alcalde, la directora de la DOM, para ir viendo algunos detalles que nos est\u00e1n poniendo trabas en el tema del papeleo para poder seguir avanzando.<\/p>\n<p style=\"font-weight: 400; text-align: justify;\">Finalmente, el dirigente afirm\u00f3 que \u201cnos dieron un plazo de 15 d\u00edas para que ya podamos tener noticias claras sobre nuestro comit\u00e9 para poder as\u00ed avanzar y que empiece nuestra construcci\u00f3n de nuestra casita. As\u00ed que a los vecinos les pido un poco de paciencia y gracias al apoyo que hemos tenido siempre hemos estado avanzando en este proyecto\u201d.<\/p>\n<\/div><\/section><\/div><div  style='height:50px' class='hr hr-invisible   avia-builder-el-6  el_after_av_one_full  el_before_av_social_share '><span class='hr-inner ' ><span class='hr-inner-style'><\/span><\/span><\/div><\/p>\n<div  class='av-social-sharing-box  avia-builder-el-7  el_after_av_hr  el_before_av_hr  '><div class='av-share-box'><h5 class='av-share-link-description av-no-toc '>Compartir esta noticia<\/h5><ul class='av-share-box-list noLightbox'><li class='av-share-link av-social-link-facebook' ><a target=\"_blank\" aria-label=\"Compartir en Facebook\" href='https:\/\/www.facebook.com\/sharer.php?u=https:\/\/radiorevelacionfm.cl\/?p=50346&#038;t=Comit%C3%A9%20Uni%C3%B3n%20Esperanza%20de%20Balmaceda%20pide%20agilizar%20tramitaci%C3%B3n%20de%20proyecto%20habitacional%20para%20101%20familias' aria-hidden='false' data-av_icon='\ue8f3' data-av_iconfont='entypo-fontello' title='' data-avia-related-tooltip='Compartir en Facebook' rel=\"noopener\"><span class='avia_hidden_link_text'>Compartir en Facebook<\/span><\/a><\/li><li class='av-share-link av-social-link-twitter' ><a target=\"_blank\" aria-label=\"Compartir en Twitter\" href='https:\/\/twitter.com\/share?text=Comit%C3%A9%20Uni%C3%B3n%20Esperanza%20de%20Balmaceda%20pide%20agilizar%20tramitaci%C3%B3n%20de%20proyecto%20habitacional%20para%20101%20familias&#038;url=https:\/\/radiorevelacionfm.cl\/?p=50346' aria-hidden='false' data-av_icon='\ue8f1' data-av_iconfont='entypo-fontello' title='' data-avia-related-tooltip='Compartir en Twitter' rel=\"noopener\"><span class='avia_hidden_link_text'>Compartir en Twitter<\/span><\/a><\/li><li class='av-share-link av-social-link-whatsapp' ><a target=\"_blank\" aria-label=\"Compartir en Whatsapp\" href='https:\/\/api.whatsapp.com\/send?text=https:\/\/radiorevelacionfm.cl\/?p=50346' aria-hidden='false' data-av_icon='\uf232' data-av_iconfont='entypo-fontello' title='' data-avia-related-tooltip='Compartir en Whatsapp' rel=\"noopener\"><span class='avia_hidden_link_text'>Compartir en Whatsapp<\/span><\/a><\/li><li class='av-share-link av-social-link-linkedin' ><a target=\"_blank\" aria-label=\"Compartir en LinkedIn\" href='https:\/\/linkedin.com\/shareArticle?mini=true&#038;title=Comit%C3%A9%20Uni%C3%B3n%20Esperanza%20de%20Balmaceda%20pide%20agilizar%20tramitaci%C3%B3n%20de%20proyecto%20habitacional%20para%20101%20familias&#038;url=https:\/\/radiorevelacionfm.cl\/?p=50346' aria-hidden='false' data-av_icon='\ue8fc' data-av_iconfont='entypo-fontello' title='' data-avia-related-tooltip='Compartir en LinkedIn' rel=\"noopener\"><span class='avia_hidden_link_text'>Compartir en LinkedIn<\/span><\/a><\/li><li class='av-share-link av-social-link-mail' ><a  aria-label=\"Compartir por correo\" href='mailto:?subject=Comit%C3%A9%20Uni%C3%B3n%20Esperanza%20de%20Balmaceda%20pide%20agilizar%20tramitaci%C3%B3n%20de%20proyecto%20habitacional%20para%20101%20familias&#038;body=https:\/\/radiorevelacionfm.cl\/?p=50346' aria-hidden='false' data-av_icon='\ue805' data-av_iconfont='entypo-fontello' title='' data-avia-related-tooltip='Compartir por correo'><span class='avia_hidden_link_text'>Compartir por correo<\/span><\/a><\/li><\/ul><\/div><\/div>\n<div  style='height:50px' class='hr hr-invisible   avia-builder-el-8  el_after_av_social_share  el_before_av_comments_list '><span class='hr-inner ' ><span class='hr-inner-style'><\/span><\/span><\/div>\n<div  class='av-buildercomment  av-blog-meta-html-info-disabled av-blog-meta-tag-disabled  '><\/div>\n","protected":false},"excerpt":{"rendered":"","protected":false},"author":1,"featured_media":50347,"comment_status":"open","ping_status":"open","sticky":false,"template":"","format":"standard","meta":{"footnotes":""},"categories":[38],"tags":[],"class_list":["post-50346","post","type-post","status-publish","format-standard","has-post-thumbnail","hentry","category-regional"],"jetpack_featured_media_url":"https:\/\/radiorevelacionfm.cl\/wp-content\/uploads\/2025\/02\/foto-comi\u00b4te-balamaceda-1_optimized-1.jpeg","_links":{"self":[{"href":"https:\/\/radiorevelacionfm.cl\/index.php?rest_route=\/wp\/v2\/posts\/50346","targetHints":{"allow":["GET"]}}],"collection":[{"href":"https:\/\/radiorevelacionfm.cl\/index.php?rest_route=\/wp\/v2\/posts"}],"about":[{"href":"https:\/\/radiorevelacionfm.cl\/index.php?rest_route=\/wp\/v2\/types\/post"}],"author":[{"embeddable":true,"href":"https:\/\/radiorevelacionfm.cl\/index.php?rest_route=\/wp\/v2\/users\/1"}],"replies":[{"embeddable":true,"href":"https:\/\/radiorevelacionfm.cl\/index.php?rest_route=%2Fwp%2Fv2%2Fcomments&post=50346"}],"version-history":[{"count":1,"href":"https:\/\/radiorevelacionfm.cl\/index.php?rest_route=\/wp\/v2\/posts\/50346\/revisions"}],"predecessor-version":[{"id":50348,"href":"https:\/\/radiorevelacionfm.cl\/index.php?rest_route=\/wp\/v2\/posts\/50346\/revisions\/50348"}],"wp:featuredmedia":[{"embeddable":true,"href":"https:\/\/radiorevelacionfm.cl\/index.php?rest_route=\/wp\/v2\/media\/50347"}],"wp:attachment":[{"href":"https:\/\/radiorevelacionfm.cl\/index.php?rest_route=%2Fwp%2Fv2%2Fmedia&parent=50346"}],"wp:term":[{"taxonomy":"category","embeddable":true,"href":"https:\/\/radiorevelacionfm.cl\/index.php?rest_route=%2Fwp%2Fv2%2Fcategories&post=50346"},{"taxonomy":"post_tag","embeddable":true,"href":"https:\/\/radiorevelacionfm.cl\/index.php?rest_route=%2Fwp%2Fv2%2Ftags&post=50346"}],"curies":[{"name":"wp","href":"https:\/\/api.w.org\/{rel}","templated":true}]}}