{"id":50343,"date":"2025-02-05T15:26:26","date_gmt":"2025-02-05T18:26:26","guid":{"rendered":"https:\/\/radiorevelacionfm.cl\/?p=50343"},"modified":"2025-02-05T15:26:26","modified_gmt":"2025-02-05T18:26:26","slug":"el-arbol-que-habla-cautiva-a-un-millar-de-personas-en-la-ciudad-de-coyhaique","status":"publish","type":"post","link":"https:\/\/radiorevelacionfm.cl\/?p=50343","title":{"rendered":"\u00abEl \u00c1rbol que habla\u00bb cautiva a un millar de personas en la ciudad de Coyhaique"},"content":{"rendered":"<div class=\"flex_column av_one_full  flex_column_div av-zero-column-padding first  avia-builder-el-0  el_before_av_one_full  avia-builder-el-first  \" style='border-radius:0px; '><div  class='avia-image-container  av-styling-    avia-builder-el-1  avia-builder-el-no-sibling  avia-align-center '  itemprop=\"image\" itemscope=\"itemscope\" itemtype=\"https:\/\/schema.org\/ImageObject\"  ><div class='avia-image-container-inner'><div class='avia-image-overlay-wrap'><img decoding=\"async\" class='wp-image-50344 avia-img-lazy-loading-not-50344 avia_image' src=\"https:\/\/radiorevelacionfm.cl\/wp-content\/uploads\/2025\/02\/arbol-que-habla1-1-1.jpg\" alt='' title='arbol que habla1 (1) (1)' height=\"600\" width=\"900\"  itemprop=\"thumbnailUrl\" srcset=\"https:\/\/radiorevelacionfm.cl\/wp-content\/uploads\/2025\/02\/arbol-que-habla1-1-1.jpg 900w, https:\/\/radiorevelacionfm.cl\/wp-content\/uploads\/2025\/02\/arbol-que-habla1-1-1-300x200.jpg 300w, https:\/\/radiorevelacionfm.cl\/wp-content\/uploads\/2025\/02\/arbol-que-habla1-1-1-768x512.jpg 768w, https:\/\/radiorevelacionfm.cl\/wp-content\/uploads\/2025\/02\/arbol-que-habla1-1-1-705x470.jpg 705w, https:\/\/radiorevelacionfm.cl\/wp-content\/uploads\/2025\/02\/arbol-que-habla1-1-1-450x300.jpg 450w, https:\/\/radiorevelacionfm.cl\/wp-content\/uploads\/2025\/02\/arbol-que-habla1-1-1-600x400.jpg 600w\" sizes=\"(max-width: 900px) 100vw, 900px\" \/><\/div><\/div><\/div><\/div><div class=\"flex_column av_one_full  flex_column_div av-zero-column-padding first  avia-builder-el-2  el_after_av_one_full  el_before_av_one_full  column-top-margin\" style='border-radius:0px; '><section class=\"av_textblock_section \"  itemscope=\"itemscope\" itemtype=\"https:\/\/schema.org\/BlogPosting\" itemprop=\"blogPost\" ><div class='avia_textblock  '   itemprop=\"text\" ><p style=\"text-align: center;\"><strong><span style=\"font-size: 18pt;\">\u00abEl \u00c1rbol que habla\u00bb cautiva a un millar de personas en la ciudad de Coyhaique<\/span><\/strong><\/p>\n<div id=\"gtx-trans\" style=\"position: absolute; left: -50px; top: 4.31534px;\">\n<div class=\"gtx-trans-icon\"><\/div>\n<\/div>\n<\/div><\/section><\/div><div class=\"flex_column av_one_full  flex_column_div av-zero-column-padding first  avia-builder-el-4  el_after_av_one_full  el_before_av_hr  column-top-margin\" style='border-radius:0px; '><section class=\"av_textblock_section \"  itemscope=\"itemscope\" itemtype=\"https:\/\/schema.org\/BlogPosting\" itemprop=\"blogPost\" ><div class='avia_textblock  '   itemprop=\"text\" ><p style=\"text-align: justify;\">Fusionando naturaleza, arte y cultura, la Corporaci\u00f3n Cultural Actos Sinest\u00e9sicos present\u00f3 ante cerca de 1.000 personas el espect\u00e1culo de video mapping titulado El \u00e1rbol que habla.<\/p>\n<p style=\"text-align: justify;\">La experiencia, financiada por el Fondo Nacional de Desarrollo Cultural y las Artes del Ministerio de las Culturas, las Artes y el Patrimonio, a trav\u00e9s de su l\u00ednea de Circulaci\u00f3n Nacional e Internacional 2025, invita a presenciar c\u00f3mo la vida del bosque se reproduce en la noche urbana.<\/p>\n<p style=\"text-align: justify;\">El guardi\u00e1n del bosque, testigo del crecimiento, la evoluci\u00f3n, y -lamentablemente- tambi\u00e9n la destrucci\u00f3n de su entorno natural, reflexiona y cuenta sus historias en torno al patrimonio natural y cultural, desde un enorme \u00e1rbol, ubicado al centro de la Plaza del Ovejero.<\/p>\n<p style=\"text-align: justify;\">Sebasti\u00e1n Parra, parte del equipo de Actos Sinest\u00e9sicos, dijo que \u00abse trata de una obra que hace uso de proyecciones lum\u00ednicas de alta calidad y un sistema de sonido inmersivo para que la gente ingrese a un espacio narrativo surreal, donde un \u00e1rbol despierta y comienza a contarnos una historia con una componente visual no menor, es decir, cada elemento de este gigantesco tronco y de este follaje cobran vida a trav\u00e9s del arte. As\u00ed vamos viendo distintos elementos en este lienzo, desde estrellas, galaxias, otros \u00e1rboles, hojas, soles y mariposas gigantes. Una serie de im\u00e1genes que van gui\u00e1ndonos por una aventura mental imaginaria que busca vitalizar un elemento central que es el v\u00ednculo que tenemos con los bosques\u00bb\u00b7<\/p>\n<p style=\"text-align: justify;\">Para el seremi de Culturas Ays\u00e9n, Felipe Quiroz, \u00abEl \u00e1rbol que habla propicia, en primer lugar, una reuni\u00f3n masiva de la comunidad en torno a una experiencia cultural distinta, nunca antes vista en Coyhaique. La respuesta del p\u00fablico fue realmente sustantiva. De hecho, los organizadores nos informaron que se trata de la presentaci\u00f3n m\u00e1s masiva hasta ahora en Chile. Esto nos reafirma no solo la necesidad de que los distintos p\u00fablicos accedan a actos culturales de calidad, sino que las personas est\u00e1n \u00e1vidas de vivir experiencias nuevas, familiares y quien mezclen, en este caso, arte y naturaleza. Y, como Gobierno, queremos justamente profundizar esta l\u00ednea de trabajo\u00bb.<\/p>\n<p style=\"text-align: justify;\">Tras presentarse en Puerto Cisnes y Coyhaique, El \u00e1rbol que habla contin\u00faa su viaje hacia Puerto Ib\u00e1\u00f1ez, en cuya plaza se vivir\u00e1 la siguiente experiencia este jueves a las 10 de la noche.<\/p>\n<\/div><\/section><\/div><div  style='height:50px' class='hr hr-invisible   avia-builder-el-6  el_after_av_one_full  el_before_av_social_share '><span class='hr-inner ' ><span class='hr-inner-style'><\/span><\/span><\/div><\/p>\n<div  class='av-social-sharing-box  avia-builder-el-7  el_after_av_hr  el_before_av_hr  '><div class='av-share-box'><h5 class='av-share-link-description av-no-toc '>Compartir esta noticia<\/h5><ul class='av-share-box-list noLightbox'><li class='av-share-link av-social-link-facebook' ><a target=\"_blank\" aria-label=\"Compartir en Facebook\" href='https:\/\/www.facebook.com\/sharer.php?u=https:\/\/radiorevelacionfm.cl\/?p=50343&#038;t=%C2%ABEl%20%C3%81rbol%20que%20habla%C2%BB%20cautiva%20a%20un%20millar%20de%20personas%20en%20la%20ciudad%20de%20Coyhaique' aria-hidden='false' data-av_icon='\ue8f3' data-av_iconfont='entypo-fontello' title='' data-avia-related-tooltip='Compartir en Facebook' rel=\"noopener\"><span class='avia_hidden_link_text'>Compartir en Facebook<\/span><\/a><\/li><li class='av-share-link av-social-link-twitter' ><a target=\"_blank\" aria-label=\"Compartir en Twitter\" href='https:\/\/twitter.com\/share?text=%C2%ABEl%20%C3%81rbol%20que%20habla%C2%BB%20cautiva%20a%20un%20millar%20de%20personas%20en%20la%20ciudad%20de%20Coyhaique&#038;url=https:\/\/radiorevelacionfm.cl\/?p=50343' aria-hidden='false' data-av_icon='\ue8f1' data-av_iconfont='entypo-fontello' title='' data-avia-related-tooltip='Compartir en Twitter' rel=\"noopener\"><span class='avia_hidden_link_text'>Compartir en Twitter<\/span><\/a><\/li><li class='av-share-link av-social-link-whatsapp' ><a target=\"_blank\" aria-label=\"Compartir en Whatsapp\" href='https:\/\/api.whatsapp.com\/send?text=https:\/\/radiorevelacionfm.cl\/?p=50343' aria-hidden='false' data-av_icon='\uf232' data-av_iconfont='entypo-fontello' title='' data-avia-related-tooltip='Compartir en Whatsapp' rel=\"noopener\"><span class='avia_hidden_link_text'>Compartir en Whatsapp<\/span><\/a><\/li><li class='av-share-link av-social-link-linkedin' ><a target=\"_blank\" aria-label=\"Compartir en LinkedIn\" href='https:\/\/linkedin.com\/shareArticle?mini=true&#038;title=%C2%ABEl%20%C3%81rbol%20que%20habla%C2%BB%20cautiva%20a%20un%20millar%20de%20personas%20en%20la%20ciudad%20de%20Coyhaique&#038;url=https:\/\/radiorevelacionfm.cl\/?p=50343' aria-hidden='false' data-av_icon='\ue8fc' data-av_iconfont='entypo-fontello' title='' data-avia-related-tooltip='Compartir en LinkedIn' rel=\"noopener\"><span class='avia_hidden_link_text'>Compartir en LinkedIn<\/span><\/a><\/li><li class='av-share-link av-social-link-mail' ><a  aria-label=\"Compartir por correo\" href='mailto:?subject=%C2%ABEl%20%C3%81rbol%20que%20habla%C2%BB%20cautiva%20a%20un%20millar%20de%20personas%20en%20la%20ciudad%20de%20Coyhaique&#038;body=https:\/\/radiorevelacionfm.cl\/?p=50343' aria-hidden='false' data-av_icon='\ue805' data-av_iconfont='entypo-fontello' title='' data-avia-related-tooltip='Compartir por correo'><span class='avia_hidden_link_text'>Compartir por correo<\/span><\/a><\/li><\/ul><\/div><\/div>\n<div  style='height:50px' class='hr hr-invisible   avia-builder-el-8  el_after_av_social_share  el_before_av_comments_list '><span class='hr-inner ' ><span class='hr-inner-style'><\/span><\/span><\/div>\n<div  class='av-buildercomment  av-blog-meta-html-info-disabled av-blog-meta-tag-disabled  '><\/div>\n","protected":false},"excerpt":{"rendered":"","protected":false},"author":1,"featured_media":50344,"comment_status":"open","ping_status":"open","sticky":false,"template":"","format":"standard","meta":{"footnotes":""},"categories":[52],"tags":[],"class_list":["post-50343","post","type-post","status-publish","format-standard","has-post-thumbnail","hentry","category-cultura"],"jetpack_featured_media_url":"https:\/\/radiorevelacionfm.cl\/wp-content\/uploads\/2025\/02\/arbol-que-habla1-1-1.jpg","_links":{"self":[{"href":"https:\/\/radiorevelacionfm.cl\/index.php?rest_route=\/wp\/v2\/posts\/50343","targetHints":{"allow":["GET"]}}],"collection":[{"href":"https:\/\/radiorevelacionfm.cl\/index.php?rest_route=\/wp\/v2\/posts"}],"about":[{"href":"https:\/\/radiorevelacionfm.cl\/index.php?rest_route=\/wp\/v2\/types\/post"}],"author":[{"embeddable":true,"href":"https:\/\/radiorevelacionfm.cl\/index.php?rest_route=\/wp\/v2\/users\/1"}],"replies":[{"embeddable":true,"href":"https:\/\/radiorevelacionfm.cl\/index.php?rest_route=%2Fwp%2Fv2%2Fcomments&post=50343"}],"version-history":[{"count":1,"href":"https:\/\/radiorevelacionfm.cl\/index.php?rest_route=\/wp\/v2\/posts\/50343\/revisions"}],"predecessor-version":[{"id":50345,"href":"https:\/\/radiorevelacionfm.cl\/index.php?rest_route=\/wp\/v2\/posts\/50343\/revisions\/50345"}],"wp:featuredmedia":[{"embeddable":true,"href":"https:\/\/radiorevelacionfm.cl\/index.php?rest_route=\/wp\/v2\/media\/50344"}],"wp:attachment":[{"href":"https:\/\/radiorevelacionfm.cl\/index.php?rest_route=%2Fwp%2Fv2%2Fmedia&parent=50343"}],"wp:term":[{"taxonomy":"category","embeddable":true,"href":"https:\/\/radiorevelacionfm.cl\/index.php?rest_route=%2Fwp%2Fv2%2Fcategories&post=50343"},{"taxonomy":"post_tag","embeddable":true,"href":"https:\/\/radiorevelacionfm.cl\/index.php?rest_route=%2Fwp%2Fv2%2Ftags&post=50343"}],"curies":[{"name":"wp","href":"https:\/\/api.w.org\/{rel}","templated":true}]}}