{"id":50337,"date":"2025-02-05T12:09:37","date_gmt":"2025-02-05T15:09:37","guid":{"rendered":"https:\/\/radiorevelacionfm.cl\/?p=50337"},"modified":"2025-02-05T12:09:37","modified_gmt":"2025-02-05T15:09:37","slug":"en-fase-final-se-encuentra-diseno-de-feria-horticola-de-puerto-aysen","status":"publish","type":"post","link":"https:\/\/radiorevelacionfm.cl\/?p=50337","title":{"rendered":"En fase final se encuentra dise\u00f1o de Feria Hort\u00edcola de Puerto Ays\u00e9n"},"content":{"rendered":"<div class=\"flex_column av_one_full  flex_column_div av-zero-column-padding first  avia-builder-el-0  el_before_av_one_full  avia-builder-el-first  \" style='border-radius:0px; '><div  class='avia-image-container  av-styling-    avia-builder-el-1  avia-builder-el-no-sibling  avia-align-center '  itemprop=\"image\" itemscope=\"itemscope\" itemtype=\"https:\/\/schema.org\/ImageObject\"  ><div class='avia-image-container-inner'><div class='avia-image-overlay-wrap'><img decoding=\"async\" class='wp-image-50338 avia-img-lazy-loading-not-50338 avia_image' src=\"https:\/\/radiorevelacionfm.cl\/wp-content\/uploads\/2025\/02\/Foto-1-FHA-1-1.jpg\" alt='' title='Foto 1 FHA (1) (1)' height=\"600\" width=\"1068\"  itemprop=\"thumbnailUrl\" srcset=\"https:\/\/radiorevelacionfm.cl\/wp-content\/uploads\/2025\/02\/Foto-1-FHA-1-1.jpg 1068w, https:\/\/radiorevelacionfm.cl\/wp-content\/uploads\/2025\/02\/Foto-1-FHA-1-1-300x169.jpg 300w, https:\/\/radiorevelacionfm.cl\/wp-content\/uploads\/2025\/02\/Foto-1-FHA-1-1-1030x579.jpg 1030w, https:\/\/radiorevelacionfm.cl\/wp-content\/uploads\/2025\/02\/Foto-1-FHA-1-1-768x431.jpg 768w, https:\/\/radiorevelacionfm.cl\/wp-content\/uploads\/2025\/02\/Foto-1-FHA-1-1-705x396.jpg 705w, https:\/\/radiorevelacionfm.cl\/wp-content\/uploads\/2025\/02\/Foto-1-FHA-1-1-450x253.jpg 450w, https:\/\/radiorevelacionfm.cl\/wp-content\/uploads\/2025\/02\/Foto-1-FHA-1-1-600x337.jpg 600w\" sizes=\"(max-width: 1068px) 100vw, 1068px\" \/><\/div><\/div><\/div><\/div><div class=\"flex_column av_one_full  flex_column_div av-zero-column-padding first  avia-builder-el-2  el_after_av_one_full  el_before_av_one_full  column-top-margin\" style='border-radius:0px; '><section class=\"av_textblock_section \"  itemscope=\"itemscope\" itemtype=\"https:\/\/schema.org\/BlogPosting\" itemprop=\"blogPost\" ><div class='avia_textblock  '   itemprop=\"text\" ><p style=\"text-align: center;\"><strong><span style=\"font-size: 18pt;\">En fase final se encuentra dise\u00f1o de Feria Hort\u00edcola de Puerto Ays\u00e9n<\/span><\/strong><\/p>\n<div id=\"gtx-trans\" style=\"position: absolute; left: -50px; top: 4.31534px;\">\n<div class=\"gtx-trans-icon\"><\/div>\n<\/div>\n<\/div><\/section><\/div><div class=\"flex_column av_one_full  flex_column_div av-zero-column-padding first  avia-builder-el-4  el_after_av_one_full  el_before_av_hr  column-top-margin\" style='border-radius:0px; '><section class=\"av_textblock_section \"  itemscope=\"itemscope\" itemtype=\"https:\/\/schema.org\/BlogPosting\" itemprop=\"blogPost\" ><div class='avia_textblock  '   itemprop=\"text\" ><p style=\"text-align: justify;\"><em>Socias y socios del Comit\u00e9 Hort\u00edcola de Puerto Ays\u00e9n contar\u00e1n con espacios definidos para la comercializaci\u00f3n de sus productos y mejores condiciones ambientales que potenciar\u00e1n el desarrollo de intercambio comercial.<\/em><\/p>\n<p style=\"text-align: justify;\">Para dar a conocer los avances que a la fecha presenta el Dise\u00f1o de la Feria Hort\u00edcola en Puerto Ays\u00e9n, la Direcci\u00f3n Regional de Arquitectura del MOP junto a la empresa Consultora Doering Pardo Arquitectos Limitada, realizaron una reuni\u00f3n de participaci\u00f3n ciudadana, dando cierre a la tercera y \u00faltima etapa de la consultor\u00eda de especialidades.<\/p>\n<p style=\"text-align: justify;\">En la ocasi\u00f3n, acompa\u00f1aron a la directora regional de Arquitectura del MOP Paola Az\u00f3car Betancur y su equipo t\u00e9cnico, \u00a0profesionales de la Seremi de Agricultura y de INDAP, el Alcalde de la comuna de Ays\u00e9n con su equipo y la comunidad beneficiada.<\/p>\n<p style=\"text-align: justify;\">La inversi\u00f3n en este Dise\u00f1o es de $27 millones, al que se suma un presupuesto estimado para la ejecuci\u00f3n de las obras de $272 millones aproximadamente, ambos provenientes del Gobierno Regional de Ays\u00e9n y su Consejo. El proyecto de construcci\u00f3n y equipamiento de la Feria Hort\u00edcola en Puerto Ays\u00e9n es una iniciativa que formul\u00f3 la Secretar\u00eda Regional Ministerial de Agricultura de Ays\u00e9n en 2017, en su constante compromiso por fortalecer la seguridad y soberan\u00eda alimentaria, la cual fue reevaluada en 2022 y naci\u00f3 a partir del estudio denominado \u00abComercializaci\u00f3n de productos hortofrut\u00edcolas en la peque\u00f1a agricultura\u00bb, realizado por ODEPA del Ministerio de Agricultura.<\/p>\n<p style=\"text-align: justify;\">En tanto, Paola Az\u00f3car Betancur comento el trabajo que la Direcci\u00f3n de Arquitectura ha realizado en su rol de Unidad T\u00e9cnica de este proyecto con la comunidad y algunos aspectos t\u00e9cnicos que contempla la futura ejecuci\u00f3n de las obras.<\/p>\n<p style=\"text-align: justify;\">\u201cEn esta oportunidad damos el cierre a la etapa de especialidades, donde se desarrollaron los proyectos el\u00e9ctricos, sanitarios, estructuras y de accesibilidad universal, entre otros, a fin de que se tengan todos los antecedentes t\u00e9cnicos para la pr\u00f3xima licitaci\u00f3n de obras, que permitir\u00e1 construir una Feria Hort\u00edcola de 135 m2, la que se emplazar\u00e1 en un sitio fiscal de 216m2 ubicado en calle Moraleda N\u00b05 en Puerto Ays\u00e9n -terreno entregado en concesi\u00f3n por el Ministerio de Bienes Nacionales-. En este lugar, se proyecta que 20 integrantes, mayoritariamente mujeres, del Comit\u00e9 Hort\u00edcola de Puerto Ays\u00e9n tengan su propio espacio con el objeto de fomentar las actividades productivas, de capacitaci\u00f3n y asociatividad. La nueva edificaci\u00f3n se proyecta con muros de hormig\u00f3n en sus deslindes y estructuras mixtas de metal\/madera, favoreciendo captaciones de luz natural, con el debido control solar mediante toldos, a fin de no impactar en la calidad de los productos naturales que se comercializan. A su vez, se ha privilegiado los espacios interiores para la venta, a solicitud de los propios usuarios. El terreno permite, adem\u00e1s, contar con un patio lateral, que posibilitar\u00e1 extender la venta hacia el exterior, si as\u00ed se requiere\u201d, concluy\u00f3.<\/p>\n<\/div><\/section><\/div><div  style='height:50px' class='hr hr-invisible   avia-builder-el-6  el_after_av_one_full  el_before_av_social_share '><span class='hr-inner ' ><span class='hr-inner-style'><\/span><\/span><\/div><\/p>\n<div  class='av-social-sharing-box  avia-builder-el-7  el_after_av_hr  el_before_av_hr  '><div class='av-share-box'><h5 class='av-share-link-description av-no-toc '>Compartir esta noticia<\/h5><ul class='av-share-box-list noLightbox'><li class='av-share-link av-social-link-facebook' ><a target=\"_blank\" aria-label=\"Compartir en Facebook\" href='https:\/\/www.facebook.com\/sharer.php?u=https:\/\/radiorevelacionfm.cl\/?p=50337&#038;t=En%20fase%20final%20se%20encuentra%20dise%C3%B1o%20de%20Feria%20Hort%C3%ADcola%20de%20Puerto%20Ays%C3%A9n' aria-hidden='false' data-av_icon='\ue8f3' data-av_iconfont='entypo-fontello' title='' data-avia-related-tooltip='Compartir en Facebook' rel=\"noopener\"><span class='avia_hidden_link_text'>Compartir en Facebook<\/span><\/a><\/li><li class='av-share-link av-social-link-twitter' ><a target=\"_blank\" aria-label=\"Compartir en Twitter\" href='https:\/\/twitter.com\/share?text=En%20fase%20final%20se%20encuentra%20dise%C3%B1o%20de%20Feria%20Hort%C3%ADcola%20de%20Puerto%20Ays%C3%A9n&#038;url=https:\/\/radiorevelacionfm.cl\/?p=50337' aria-hidden='false' data-av_icon='\ue8f1' data-av_iconfont='entypo-fontello' title='' data-avia-related-tooltip='Compartir en Twitter' rel=\"noopener\"><span class='avia_hidden_link_text'>Compartir en Twitter<\/span><\/a><\/li><li class='av-share-link av-social-link-whatsapp' ><a target=\"_blank\" aria-label=\"Compartir en Whatsapp\" href='https:\/\/api.whatsapp.com\/send?text=https:\/\/radiorevelacionfm.cl\/?p=50337' aria-hidden='false' data-av_icon='\uf232' data-av_iconfont='entypo-fontello' title='' data-avia-related-tooltip='Compartir en Whatsapp' rel=\"noopener\"><span class='avia_hidden_link_text'>Compartir en Whatsapp<\/span><\/a><\/li><li class='av-share-link av-social-link-linkedin' ><a target=\"_blank\" aria-label=\"Compartir en LinkedIn\" href='https:\/\/linkedin.com\/shareArticle?mini=true&#038;title=En%20fase%20final%20se%20encuentra%20dise%C3%B1o%20de%20Feria%20Hort%C3%ADcola%20de%20Puerto%20Ays%C3%A9n&#038;url=https:\/\/radiorevelacionfm.cl\/?p=50337' aria-hidden='false' data-av_icon='\ue8fc' data-av_iconfont='entypo-fontello' title='' data-avia-related-tooltip='Compartir en LinkedIn' rel=\"noopener\"><span class='avia_hidden_link_text'>Compartir en LinkedIn<\/span><\/a><\/li><li class='av-share-link av-social-link-mail' ><a  aria-label=\"Compartir por correo\" href='mailto:?subject=En%20fase%20final%20se%20encuentra%20dise%C3%B1o%20de%20Feria%20Hort%C3%ADcola%20de%20Puerto%20Ays%C3%A9n&#038;body=https:\/\/radiorevelacionfm.cl\/?p=50337' aria-hidden='false' data-av_icon='\ue805' data-av_iconfont='entypo-fontello' title='' data-avia-related-tooltip='Compartir por correo'><span class='avia_hidden_link_text'>Compartir por correo<\/span><\/a><\/li><\/ul><\/div><\/div>\n<div  style='height:50px' class='hr hr-invisible   avia-builder-el-8  el_after_av_social_share  el_before_av_comments_list '><span class='hr-inner ' ><span class='hr-inner-style'><\/span><\/span><\/div>\n<div  class='av-buildercomment  av-blog-meta-html-info-disabled av-blog-meta-tag-disabled  '><\/div>\n","protected":false},"excerpt":{"rendered":"","protected":false},"author":1,"featured_media":50338,"comment_status":"open","ping_status":"open","sticky":false,"template":"","format":"standard","meta":{"footnotes":""},"categories":[38],"tags":[],"class_list":["post-50337","post","type-post","status-publish","format-standard","has-post-thumbnail","hentry","category-regional"],"jetpack_featured_media_url":"https:\/\/radiorevelacionfm.cl\/wp-content\/uploads\/2025\/02\/Foto-1-FHA-1-1.jpg","_links":{"self":[{"href":"https:\/\/radiorevelacionfm.cl\/index.php?rest_route=\/wp\/v2\/posts\/50337","targetHints":{"allow":["GET"]}}],"collection":[{"href":"https:\/\/radiorevelacionfm.cl\/index.php?rest_route=\/wp\/v2\/posts"}],"about":[{"href":"https:\/\/radiorevelacionfm.cl\/index.php?rest_route=\/wp\/v2\/types\/post"}],"author":[{"embeddable":true,"href":"https:\/\/radiorevelacionfm.cl\/index.php?rest_route=\/wp\/v2\/users\/1"}],"replies":[{"embeddable":true,"href":"https:\/\/radiorevelacionfm.cl\/index.php?rest_route=%2Fwp%2Fv2%2Fcomments&post=50337"}],"version-history":[{"count":1,"href":"https:\/\/radiorevelacionfm.cl\/index.php?rest_route=\/wp\/v2\/posts\/50337\/revisions"}],"predecessor-version":[{"id":50339,"href":"https:\/\/radiorevelacionfm.cl\/index.php?rest_route=\/wp\/v2\/posts\/50337\/revisions\/50339"}],"wp:featuredmedia":[{"embeddable":true,"href":"https:\/\/radiorevelacionfm.cl\/index.php?rest_route=\/wp\/v2\/media\/50338"}],"wp:attachment":[{"href":"https:\/\/radiorevelacionfm.cl\/index.php?rest_route=%2Fwp%2Fv2%2Fmedia&parent=50337"}],"wp:term":[{"taxonomy":"category","embeddable":true,"href":"https:\/\/radiorevelacionfm.cl\/index.php?rest_route=%2Fwp%2Fv2%2Fcategories&post=50337"},{"taxonomy":"post_tag","embeddable":true,"href":"https:\/\/radiorevelacionfm.cl\/index.php?rest_route=%2Fwp%2Fv2%2Ftags&post=50337"}],"curies":[{"name":"wp","href":"https:\/\/api.w.org\/{rel}","templated":true}]}}