{"id":50334,"date":"2025-02-06T15:02:26","date_gmt":"2025-02-06T18:02:26","guid":{"rendered":"https:\/\/radiorevelacionfm.cl\/?p=50334"},"modified":"2025-02-06T15:02:26","modified_gmt":"2025-02-06T18:02:26","slug":"con-video-animado-refuerzan-involucramiento-comunitario-en-elaboracion-de-planes-de-accion-comunal-de-cambio-climatico","status":"publish","type":"post","link":"https:\/\/radiorevelacionfm.cl\/?p=50334","title":{"rendered":"Con video animado refuerzan involucramiento comunitario en elaboraci\u00f3n de Planes de Acci\u00f3n Comunal de Cambio Clim\u00e1tico"},"content":{"rendered":"<div class=\"flex_column av_one_full  flex_column_div av-zero-column-padding first  avia-builder-el-0  el_before_av_one_full  avia-builder-el-first  \" style='border-radius:0px; '><div  class='avia-image-container  av-styling-    avia-builder-el-1  avia-builder-el-no-sibling  avia-align-center '  itemprop=\"image\" itemscope=\"itemscope\" itemtype=\"https:\/\/schema.org\/ImageObject\"  ><div class='avia-image-container-inner'><div class='avia-image-overlay-wrap'><img decoding=\"async\" class='wp-image-50335 avia-img-lazy-loading-not-50335 avia_image' src=\"https:\/\/radiorevelacionfm.cl\/wp-content\/uploads\/2025\/02\/imagen-video-2-1_optimized.jpg\" alt='' title='imagen-video-(2)-(1)_optimized' height=\"600\" width=\"1027\"  itemprop=\"thumbnailUrl\" srcset=\"https:\/\/radiorevelacionfm.cl\/wp-content\/uploads\/2025\/02\/imagen-video-2-1_optimized.jpg 1027w, https:\/\/radiorevelacionfm.cl\/wp-content\/uploads\/2025\/02\/imagen-video-2-1_optimized-300x175.jpg 300w, https:\/\/radiorevelacionfm.cl\/wp-content\/uploads\/2025\/02\/imagen-video-2-1_optimized-768x449.jpg 768w, https:\/\/radiorevelacionfm.cl\/wp-content\/uploads\/2025\/02\/imagen-video-2-1_optimized-705x412.jpg 705w, https:\/\/radiorevelacionfm.cl\/wp-content\/uploads\/2025\/02\/imagen-video-2-1_optimized-450x263.jpg 450w, https:\/\/radiorevelacionfm.cl\/wp-content\/uploads\/2025\/02\/imagen-video-2-1_optimized-600x351.jpg 600w\" sizes=\"(max-width: 1027px) 100vw, 1027px\" \/><\/div><\/div><\/div><\/div><div class=\"flex_column av_one_full  flex_column_div av-zero-column-padding first  avia-builder-el-2  el_after_av_one_full  el_before_av_one_full  column-top-margin\" style='border-radius:0px; '><section class=\"av_textblock_section \"  itemscope=\"itemscope\" itemtype=\"https:\/\/schema.org\/BlogPosting\" itemprop=\"blogPost\" ><div class='avia_textblock  '   itemprop=\"text\" ><p style=\"text-align: center;\"><strong><span style=\"font-size: 18pt;\">Con video animado refuerzan involucramiento comunitario en elaboraci\u00f3n de Planes de Acci\u00f3n Comunal de Cambio Clim\u00e1tico<\/span><\/strong><\/p>\n<div id=\"gtx-trans\" style=\"position: absolute; left: -50px; top: 4.31534px;\">\n<div class=\"gtx-trans-icon\"><\/div>\n<\/div>\n<\/div><\/section><\/div><div class=\"flex_column av_one_full  flex_column_div av-zero-column-padding first  avia-builder-el-4  el_after_av_one_full  el_before_av_hr  column-top-margin\" style='border-radius:0px; '><section class=\"av_textblock_section \"  itemscope=\"itemscope\" itemtype=\"https:\/\/schema.org\/BlogPosting\" itemprop=\"blogPost\" ><div class='avia_textblock  '   itemprop=\"text\" ><p><i><span lang=\"ES-TRAD\">Producido por Chile Sustentable y la Corporaci\u00f3n Privada para el Desarrollo de Ays\u00e9n.<\/span><\/i><\/p>\n<p class=\"v1gmail-MsoListParagraph\" style=\"text-align: justify;\"><i><span lang=\"ES-TRAD\">Al acercarse el plazo para que los municipios de todo del pa\u00eds tengan publicados sus correspondientes planes, se apuesta en que ciudadanos y organizaciones participen en el proceso.<\/span><\/i><\/p>\n<p class=\"v1MsoNormal\" style=\"text-align: justify;\"><span lang=\"ES-TRAD\">S\u00f3lo cuatro meses restan para que los 345 municipios del pa\u00eds tengan publicados sus correspondientes Planes de Acci\u00f3n Comunal de Cambio Clim\u00e1tico (PACCC). As\u00ed lo estableci\u00f3 la Ley Marco sobre Cambio Clim\u00e1tico, publicada en junio de 2022. De no cumplir con esta obligaci\u00f3n, ser\u00e1n sancionados con una multa que deber\u00e1n cancelar de su propio patrimonio.<\/span><\/p>\n<p class=\"v1MsoNormal\" style=\"text-align: justify;\"><span lang=\"ES-TRAD\">Este documento, el cual deber\u00e1 guiarse bajo la<span class=\"v1gmail-Apple-converted-space\">\u00a0<\/span><a href=\"https:\/\/educacion.mma.gob.cl\/wp-content\/uploads\/2023\/06\/Guia-PACCC.pdf\" target=\"_blank\" rel=\"noopener noreferrer\">Gu\u00eda Metodol\u00f3gica para la Elaboraci\u00f3n de los PACCC<\/a><span class=\"v1gmail-Apple-converted-space\">\u00a0<\/span>con espacios de participaci\u00f3n ciudadana, contempla, al menos:<span class=\"v1gmail-Apple-converted-space\">\u00a0<\/span>a) Las vulnerabilidades de la comuna frente al cambio clim\u00e1tico, sus riesgos e impactos;<span class=\"v1gmail-Apple-converted-space\">\u00a0<\/span>b) Las medidas de mitigaci\u00f3n, adaptaci\u00f3n y un plan con acciones concretas, con plazos y responsables;<span class=\"v1gmail-Apple-converted-space\">\u00a0<\/span>c) Indicadores de monitoreo y de cumplimiento del plan.\u00a0<span class=\"v1gmail-Apple-converted-space\">\u00a0<\/span><\/span><\/p>\n<p class=\"v1MsoNormal\" style=\"text-align: justify;\"><span lang=\"ES-TRAD\">Como una forma de aportar desde la mirada de la ciudadan\u00eda a este proceso, desde<span class=\"v1gmail-Apple-converted-space\">\u00a0<\/span>Chile Sustentable<span class=\"v1gmail-Apple-converted-space\">\u00a0<\/span>y la<span class=\"v1gmail-Apple-converted-space\">\u00a0<\/span>Corporaci\u00f3n Privada para el Desarrollo de Ays\u00e9n<span class=\"v1gmail-Apple-converted-space\">\u00a0<\/span>lanzaron el<span class=\"v1gmail-Apple-converted-space\">\u00a0<\/span><a href=\"https:\/\/www.youtube.com\/watch?v=W620_ZHP-rU&amp;embeds_referring_euri=https%3A%2F%2Fchilesustentable.net%2F&amp;source_ve_path=Mjg2NjY\" target=\"_blank\" rel=\"noopener noreferrer\">video animado<\/a><span class=\"v1gmail-Apple-converted-space\">\u00a0<\/span>\u00ab<i>\u00bfPor qu\u00e9 es importante tener un plan de acci\u00f3n frente a la crisis clim\u00e1tica?<\/i>\u00bb que explica c\u00f3mo involucrarse en el proceso. Esto, con el fin de incorporar soluciones basadas en la naturaleza, co-beneficios y gesti\u00f3n de riesgo de desastres. Adem\u00e1s, desechar las falsas soluciones, que agravan la crisis ecol\u00f3gica global y local.<\/span><\/p>\n<p class=\"v1MsoNormal\" style=\"text-align: justify;\"><span lang=\"ES-TRAD\">Actualmente se tramita en el Congreso un<span class=\"v1gmail-Apple-converted-space\">\u00a0<\/span><a href=\"https:\/\/www.camara.cl\/legislacion\/ProyectosDeLey\/tramitacion.aspx?prmID=17955&amp;prmBOLETIN=17322-03\" target=\"_blank\" rel=\"noopener noreferrer\">proyecto de ley<\/a><span class=\"v1gmail-Apple-converted-space\">\u00a0<\/span>tendiente a prorrogar el plazo de elaboraci\u00f3n de los PACCC por un a\u00f1o, producto del retraso de los municipios del pa\u00eds en poner en marcha los procesos participativos.<\/span><\/p>\n<p class=\"v1MsoNormal\" style=\"text-align: justify;\"><span lang=\"ES-TRAD\">Revisar el video ac\u00e1:\u00a0<a href=\"https:\/\/www.youtube.com\/watch?v=W620_ZHP-rU\" target=\"_blank\" rel=\"noopener noreferrer\">https:\/\/www.youtube.com\/watch?v=W620_ZHP-rU<\/a><\/span><\/p>\n<\/div><\/section><\/div><div  style='height:50px' class='hr hr-invisible   avia-builder-el-6  el_after_av_one_full  el_before_av_social_share '><span class='hr-inner ' ><span class='hr-inner-style'><\/span><\/span><\/div><\/p>\n<div  class='av-social-sharing-box  avia-builder-el-7  el_after_av_hr  el_before_av_hr  '><div class='av-share-box'><h5 class='av-share-link-description av-no-toc '>Compartir esta noticia<\/h5><ul class='av-share-box-list noLightbox'><li class='av-share-link av-social-link-facebook' ><a target=\"_blank\" aria-label=\"Compartir en Facebook\" href='https:\/\/www.facebook.com\/sharer.php?u=https:\/\/radiorevelacionfm.cl\/?p=50334&#038;t=Con%20video%20animado%20refuerzan%20involucramiento%20comunitario%20en%20elaboraci%C3%B3n%20de%20Planes%20de%20Acci%C3%B3n%20Comunal%20de%20Cambio%20Clim%C3%A1tico' aria-hidden='false' data-av_icon='\ue8f3' data-av_iconfont='entypo-fontello' title='' data-avia-related-tooltip='Compartir en Facebook' rel=\"noopener\"><span class='avia_hidden_link_text'>Compartir en Facebook<\/span><\/a><\/li><li class='av-share-link av-social-link-twitter' ><a target=\"_blank\" aria-label=\"Compartir en Twitter\" href='https:\/\/twitter.com\/share?text=Con%20video%20animado%20refuerzan%20involucramiento%20comunitario%20en%20elaboraci%C3%B3n%20de%20Planes%20de%20Acci%C3%B3n%20Comunal%20de%20Cambio%20Clim%C3%A1tico&#038;url=https:\/\/radiorevelacionfm.cl\/?p=50334' aria-hidden='false' data-av_icon='\ue8f1' data-av_iconfont='entypo-fontello' title='' data-avia-related-tooltip='Compartir en Twitter' rel=\"noopener\"><span class='avia_hidden_link_text'>Compartir en Twitter<\/span><\/a><\/li><li class='av-share-link av-social-link-whatsapp' ><a target=\"_blank\" aria-label=\"Compartir en Whatsapp\" href='https:\/\/api.whatsapp.com\/send?text=https:\/\/radiorevelacionfm.cl\/?p=50334' aria-hidden='false' data-av_icon='\uf232' data-av_iconfont='entypo-fontello' title='' data-avia-related-tooltip='Compartir en Whatsapp' rel=\"noopener\"><span class='avia_hidden_link_text'>Compartir en Whatsapp<\/span><\/a><\/li><li class='av-share-link av-social-link-linkedin' ><a target=\"_blank\" aria-label=\"Compartir en LinkedIn\" href='https:\/\/linkedin.com\/shareArticle?mini=true&#038;title=Con%20video%20animado%20refuerzan%20involucramiento%20comunitario%20en%20elaboraci%C3%B3n%20de%20Planes%20de%20Acci%C3%B3n%20Comunal%20de%20Cambio%20Clim%C3%A1tico&#038;url=https:\/\/radiorevelacionfm.cl\/?p=50334' aria-hidden='false' data-av_icon='\ue8fc' data-av_iconfont='entypo-fontello' title='' data-avia-related-tooltip='Compartir en LinkedIn' rel=\"noopener\"><span class='avia_hidden_link_text'>Compartir en LinkedIn<\/span><\/a><\/li><li class='av-share-link av-social-link-mail' ><a  aria-label=\"Compartir por correo\" href='mailto:?subject=Con%20video%20animado%20refuerzan%20involucramiento%20comunitario%20en%20elaboraci%C3%B3n%20de%20Planes%20de%20Acci%C3%B3n%20Comunal%20de%20Cambio%20Clim%C3%A1tico&#038;body=https:\/\/radiorevelacionfm.cl\/?p=50334' aria-hidden='false' data-av_icon='\ue805' data-av_iconfont='entypo-fontello' title='' data-avia-related-tooltip='Compartir por correo'><span class='avia_hidden_link_text'>Compartir por correo<\/span><\/a><\/li><\/ul><\/div><\/div>\n<div  style='height:50px' class='hr hr-invisible   avia-builder-el-8  el_after_av_social_share  el_before_av_comments_list '><span class='hr-inner ' ><span class='hr-inner-style'><\/span><\/span><\/div>\n<div  class='av-buildercomment  av-blog-meta-html-info-disabled av-blog-meta-tag-disabled  '><\/div>\n","protected":false},"excerpt":{"rendered":"","protected":false},"author":1,"featured_media":50335,"comment_status":"open","ping_status":"open","sticky":false,"template":"","format":"standard","meta":{"footnotes":""},"categories":[39],"tags":[],"class_list":["post-50334","post","type-post","status-publish","format-standard","has-post-thumbnail","hentry","category-medio-ambiente"],"jetpack_featured_media_url":"https:\/\/radiorevelacionfm.cl\/wp-content\/uploads\/2025\/02\/imagen-video-2-1_optimized.jpg","_links":{"self":[{"href":"https:\/\/radiorevelacionfm.cl\/index.php?rest_route=\/wp\/v2\/posts\/50334","targetHints":{"allow":["GET"]}}],"collection":[{"href":"https:\/\/radiorevelacionfm.cl\/index.php?rest_route=\/wp\/v2\/posts"}],"about":[{"href":"https:\/\/radiorevelacionfm.cl\/index.php?rest_route=\/wp\/v2\/types\/post"}],"author":[{"embeddable":true,"href":"https:\/\/radiorevelacionfm.cl\/index.php?rest_route=\/wp\/v2\/users\/1"}],"replies":[{"embeddable":true,"href":"https:\/\/radiorevelacionfm.cl\/index.php?rest_route=%2Fwp%2Fv2%2Fcomments&post=50334"}],"version-history":[{"count":1,"href":"https:\/\/radiorevelacionfm.cl\/index.php?rest_route=\/wp\/v2\/posts\/50334\/revisions"}],"predecessor-version":[{"id":50336,"href":"https:\/\/radiorevelacionfm.cl\/index.php?rest_route=\/wp\/v2\/posts\/50334\/revisions\/50336"}],"wp:featuredmedia":[{"embeddable":true,"href":"https:\/\/radiorevelacionfm.cl\/index.php?rest_route=\/wp\/v2\/media\/50335"}],"wp:attachment":[{"href":"https:\/\/radiorevelacionfm.cl\/index.php?rest_route=%2Fwp%2Fv2%2Fmedia&parent=50334"}],"wp:term":[{"taxonomy":"category","embeddable":true,"href":"https:\/\/radiorevelacionfm.cl\/index.php?rest_route=%2Fwp%2Fv2%2Fcategories&post=50334"},{"taxonomy":"post_tag","embeddable":true,"href":"https:\/\/radiorevelacionfm.cl\/index.php?rest_route=%2Fwp%2Fv2%2Ftags&post=50334"}],"curies":[{"name":"wp","href":"https:\/\/api.w.org\/{rel}","templated":true}]}}