{"id":50330,"date":"2025-02-05T15:09:36","date_gmt":"2025-02-05T18:09:36","guid":{"rendered":"https:\/\/radiorevelacionfm.cl\/?p=50330"},"modified":"2025-02-05T15:09:36","modified_gmt":"2025-02-05T18:09:36","slug":"ultimos-dias-para-postular-programa-mujer-emprende-de-sernameg-extiende-su-convocatoria-a-toda-la-region-de-aysen-este-2025","status":"publish","type":"post","link":"https:\/\/radiorevelacionfm.cl\/?p=50330","title":{"rendered":"\u00daltimos d\u00edas para postular: Programa Mujer Emprende de SernamEG extiende su convocatoria a toda la Regi\u00f3n de Ays\u00e9n este 2025"},"content":{"rendered":"<div class=\"flex_column av_one_full  flex_column_div av-zero-column-padding first  avia-builder-el-0  el_before_av_one_full  avia-builder-el-first  \" style='border-radius:0px; '><div  class='avia-image-container  av-styling-    avia-builder-el-1  avia-builder-el-no-sibling  avia-align-center '  itemprop=\"image\" itemscope=\"itemscope\" itemtype=\"https:\/\/schema.org\/ImageObject\"  ><div class='avia-image-container-inner'><div class='avia-image-overlay-wrap'><img decoding=\"async\" class='wp-image-50332 avia-img-lazy-loading-not-50332 avia_image' src=\"https:\/\/radiorevelacionfm.cl\/wp-content\/uploads\/2025\/02\/ME-1-2-2-1.jpeg\" alt='' title='ME 1 (2) (2) (1)' height=\"600\" width=\"946\"  itemprop=\"thumbnailUrl\" srcset=\"https:\/\/radiorevelacionfm.cl\/wp-content\/uploads\/2025\/02\/ME-1-2-2-1.jpeg 946w, https:\/\/radiorevelacionfm.cl\/wp-content\/uploads\/2025\/02\/ME-1-2-2-1-300x190.jpeg 300w, https:\/\/radiorevelacionfm.cl\/wp-content\/uploads\/2025\/02\/ME-1-2-2-1-768x487.jpeg 768w, https:\/\/radiorevelacionfm.cl\/wp-content\/uploads\/2025\/02\/ME-1-2-2-1-705x447.jpeg 705w, https:\/\/radiorevelacionfm.cl\/wp-content\/uploads\/2025\/02\/ME-1-2-2-1-450x285.jpeg 450w, https:\/\/radiorevelacionfm.cl\/wp-content\/uploads\/2025\/02\/ME-1-2-2-1-600x381.jpeg 600w\" sizes=\"(max-width: 946px) 100vw, 946px\" \/><\/div><\/div><\/div><\/div><div class=\"flex_column av_one_full  flex_column_div av-zero-column-padding first  avia-builder-el-2  el_after_av_one_full  el_before_av_one_full  column-top-margin\" style='border-radius:0px; '><section class=\"av_textblock_section \"  itemscope=\"itemscope\" itemtype=\"https:\/\/schema.org\/BlogPosting\" itemprop=\"blogPost\" ><div class='avia_textblock  '   itemprop=\"text\" ><p style=\"text-align: center;\"><strong><span style=\"font-size: 18pt;\">\u00daltimos d\u00edas para postular: Programa Mujer Emprende de SernamEG extiende su convocatoria a toda la Regi\u00f3n de Ays\u00e9n este 2025<\/span><\/strong><\/p>\n<div id=\"gtx-trans\" style=\"position: absolute; left: -50px; top: 4.31534px;\">\n<div class=\"gtx-trans-icon\"><\/div>\n<\/div>\n<\/div><\/section><\/div><div class=\"flex_column av_one_full  flex_column_div av-zero-column-padding first  avia-builder-el-4  el_after_av_one_full  el_before_av_hr  column-top-margin\" style='border-radius:0px; '><section class=\"av_textblock_section \"  itemscope=\"itemscope\" itemtype=\"https:\/\/schema.org\/BlogPosting\" itemprop=\"blogPost\" ><div class='avia_textblock  '   itemprop=\"text\" ><p dir=\"ltr\" style=\"text-align: justify;\">El Servicio Nacional de la Mujer y la Equidad de G\u00e9nero (SernamEG) extiende este a\u00f1o una invitaci\u00f3n a todas las mujeres de la regi\u00f3n a participar en la nueva convocatoria del Programa Mujer Emprende. Las postulaciones estar\u00e1n abiertas hasta el 14 de febrero de 2025 en el sitio web del servicio, o hasta que se completen los cupos disponibles.<\/p>\n<p dir=\"ltr\" style=\"text-align: justify;\">Al respecto, la directora regional de SernamEG Ays\u00e9n, Patricia Baeza Cabezas, precis\u00f3 que \u00abpueden postular todas las mujeres mayores de 18 a\u00f1os, que tengan un emprendimiento con una antig\u00fcedad de un a\u00f1o aproximadamente y que tengan educaci\u00f3n media completa. Este programa busca fortalecer los emprendimientos y adem\u00e1s favorecer estos espacios de redes entre mujeres, para avanzar hacia su autonom\u00eda econ\u00f3mica. Por eso las invitamos a ingresar a nuestro sitio web, donde podr\u00e1n acceder a toda la informaci\u00f3n de nuestra iniciativa\u00bb.<\/p>\n<p dir=\"ltr\" style=\"text-align: justify;\">Dentro del programa, las mujeres podr\u00e1n participar de la Academia Mujer Emprende, que consta de una capacitaci\u00f3n asincr\u00f3nica de 40 horas que busca profesionalizar sus emprendimientos. Los contenidos incluyen innovaci\u00f3n, marketing, atenci\u00f3n al cliente\/a, modelos de negocio y m\u00e1s, con un enfoque de g\u00e9nero y gesti\u00f3n estrat\u00e9gica.<\/p>\n<p dir=\"ltr\" style=\"text-align: justify;\">Por otro lado, las participantes tambi\u00e9n contar\u00e1n con espacios formativos enfocados en compartir experiencias, generar redes, fomentar la asociatividad y el trabajo colaborativo.<\/p>\n<p dir=\"ltr\" style=\"text-align: justify;\">Finalmente, se entregar\u00e1 tambi\u00e9n informaci\u00f3n sobre normativas legales para la constituci\u00f3n de organizaciones asociativas y herramientas t\u00e9cnicas para proyectos colectivos, adem\u00e1s de otros beneficios como espacios de comercializaci\u00f3n, cursos, talleres y charlas dirigidos a fortalecer las capacidades de las mujeres emprendedoras.<\/p>\n<p dir=\"ltr\" style=\"text-align: justify;\">Las interesadas podr\u00e1n postular a trav\u00e9s de<a href=\"http:\/\/www.sernameg.gob.cl\/\" target=\"_blank\" rel=\"noopener noreferrer\">\u00a0www.sernameg.gob.cl<\/a>\u00a0o de manera presencial en la Direcci\u00f3n Regional de Ays\u00e9n, ubicada en calle Baquedano #257, Coyhaique.<\/p>\n<\/div><\/section><\/div><div  style='height:50px' class='hr hr-invisible   avia-builder-el-6  el_after_av_one_full  el_before_av_social_share '><span class='hr-inner ' ><span class='hr-inner-style'><\/span><\/span><\/div><\/p>\n<div  class='av-social-sharing-box  avia-builder-el-7  el_after_av_hr  el_before_av_hr  '><div class='av-share-box'><h5 class='av-share-link-description av-no-toc '>Compartir esta noticia<\/h5><ul class='av-share-box-list noLightbox'><li class='av-share-link av-social-link-facebook' ><a target=\"_blank\" aria-label=\"Compartir en Facebook\" href='https:\/\/www.facebook.com\/sharer.php?u=https:\/\/radiorevelacionfm.cl\/?p=50330&#038;t=%C3%9Altimos%20d%C3%ADas%20para%20postular%3A%20Programa%20Mujer%20Emprende%20de%20SernamEG%20extiende%20su%20convocatoria%20a%20toda%20la%20Regi%C3%B3n%20de%20Ays%C3%A9n%20este%202025' aria-hidden='false' data-av_icon='\ue8f3' data-av_iconfont='entypo-fontello' title='' data-avia-related-tooltip='Compartir en Facebook' rel=\"noopener\"><span class='avia_hidden_link_text'>Compartir en Facebook<\/span><\/a><\/li><li class='av-share-link av-social-link-twitter' ><a target=\"_blank\" aria-label=\"Compartir en Twitter\" href='https:\/\/twitter.com\/share?text=%C3%9Altimos%20d%C3%ADas%20para%20postular%3A%20Programa%20Mujer%20Emprende%20de%20SernamEG%20extiende%20su%20convocatoria%20a%20toda%20la%20Regi%C3%B3n%20de%20Ays%C3%A9n%20este%202025&#038;url=https:\/\/radiorevelacionfm.cl\/?p=50330' aria-hidden='false' data-av_icon='\ue8f1' data-av_iconfont='entypo-fontello' title='' data-avia-related-tooltip='Compartir en Twitter' rel=\"noopener\"><span class='avia_hidden_link_text'>Compartir en Twitter<\/span><\/a><\/li><li class='av-share-link av-social-link-whatsapp' ><a target=\"_blank\" aria-label=\"Compartir en Whatsapp\" href='https:\/\/api.whatsapp.com\/send?text=https:\/\/radiorevelacionfm.cl\/?p=50330' aria-hidden='false' data-av_icon='\uf232' data-av_iconfont='entypo-fontello' title='' data-avia-related-tooltip='Compartir en Whatsapp' rel=\"noopener\"><span class='avia_hidden_link_text'>Compartir en Whatsapp<\/span><\/a><\/li><li class='av-share-link av-social-link-linkedin' ><a target=\"_blank\" aria-label=\"Compartir en LinkedIn\" href='https:\/\/linkedin.com\/shareArticle?mini=true&#038;title=%C3%9Altimos%20d%C3%ADas%20para%20postular%3A%20Programa%20Mujer%20Emprende%20de%20SernamEG%20extiende%20su%20convocatoria%20a%20toda%20la%20Regi%C3%B3n%20de%20Ays%C3%A9n%20este%202025&#038;url=https:\/\/radiorevelacionfm.cl\/?p=50330' aria-hidden='false' data-av_icon='\ue8fc' data-av_iconfont='entypo-fontello' title='' data-avia-related-tooltip='Compartir en LinkedIn' rel=\"noopener\"><span class='avia_hidden_link_text'>Compartir en LinkedIn<\/span><\/a><\/li><li class='av-share-link av-social-link-mail' ><a  aria-label=\"Compartir por correo\" href='mailto:?subject=%C3%9Altimos%20d%C3%ADas%20para%20postular%3A%20Programa%20Mujer%20Emprende%20de%20SernamEG%20extiende%20su%20convocatoria%20a%20toda%20la%20Regi%C3%B3n%20de%20Ays%C3%A9n%20este%202025&#038;body=https:\/\/radiorevelacionfm.cl\/?p=50330' aria-hidden='false' data-av_icon='\ue805' data-av_iconfont='entypo-fontello' title='' data-avia-related-tooltip='Compartir por correo'><span class='avia_hidden_link_text'>Compartir por correo<\/span><\/a><\/li><\/ul><\/div><\/div>\n<div  style='height:50px' class='hr hr-invisible   avia-builder-el-8  el_after_av_social_share  el_before_av_comments_list '><span class='hr-inner ' ><span class='hr-inner-style'><\/span><\/span><\/div>\n<div  class='av-buildercomment  av-blog-meta-html-info-disabled av-blog-meta-tag-disabled  '><\/div>\n","protected":false},"excerpt":{"rendered":"","protected":false},"author":1,"featured_media":50332,"comment_status":"open","ping_status":"open","sticky":false,"template":"","format":"standard","meta":{"footnotes":""},"categories":[38],"tags":[],"class_list":["post-50330","post","type-post","status-publish","format-standard","has-post-thumbnail","hentry","category-regional"],"jetpack_featured_media_url":"https:\/\/radiorevelacionfm.cl\/wp-content\/uploads\/2025\/02\/ME-1-2-2-1.jpeg","_links":{"self":[{"href":"https:\/\/radiorevelacionfm.cl\/index.php?rest_route=\/wp\/v2\/posts\/50330","targetHints":{"allow":["GET"]}}],"collection":[{"href":"https:\/\/radiorevelacionfm.cl\/index.php?rest_route=\/wp\/v2\/posts"}],"about":[{"href":"https:\/\/radiorevelacionfm.cl\/index.php?rest_route=\/wp\/v2\/types\/post"}],"author":[{"embeddable":true,"href":"https:\/\/radiorevelacionfm.cl\/index.php?rest_route=\/wp\/v2\/users\/1"}],"replies":[{"embeddable":true,"href":"https:\/\/radiorevelacionfm.cl\/index.php?rest_route=%2Fwp%2Fv2%2Fcomments&post=50330"}],"version-history":[{"count":1,"href":"https:\/\/radiorevelacionfm.cl\/index.php?rest_route=\/wp\/v2\/posts\/50330\/revisions"}],"predecessor-version":[{"id":50333,"href":"https:\/\/radiorevelacionfm.cl\/index.php?rest_route=\/wp\/v2\/posts\/50330\/revisions\/50333"}],"wp:featuredmedia":[{"embeddable":true,"href":"https:\/\/radiorevelacionfm.cl\/index.php?rest_route=\/wp\/v2\/media\/50332"}],"wp:attachment":[{"href":"https:\/\/radiorevelacionfm.cl\/index.php?rest_route=%2Fwp%2Fv2%2Fmedia&parent=50330"}],"wp:term":[{"taxonomy":"category","embeddable":true,"href":"https:\/\/radiorevelacionfm.cl\/index.php?rest_route=%2Fwp%2Fv2%2Fcategories&post=50330"},{"taxonomy":"post_tag","embeddable":true,"href":"https:\/\/radiorevelacionfm.cl\/index.php?rest_route=%2Fwp%2Fv2%2Ftags&post=50330"}],"curies":[{"name":"wp","href":"https:\/\/api.w.org\/{rel}","templated":true}]}}