{"id":50325,"date":"2025-02-05T10:10:11","date_gmt":"2025-02-05T13:10:11","guid":{"rendered":"https:\/\/radiorevelacionfm.cl\/?p=50325"},"modified":"2025-02-05T10:23:03","modified_gmt":"2025-02-05T13:23:03","slug":"positivo-balance-de-la-fiesta-del-pescao-frito-y-su-gran-minga-solidaria-en-puerto-cisnes","status":"publish","type":"post","link":"https:\/\/radiorevelacionfm.cl\/?p=50325","title":{"rendered":"Positivo balance de la Fiesta del Pesca&#8217;o Frito y su Gran Minga Solidaria en Puerto Cisnes"},"content":{"rendered":"<div class=\"flex_column av_one_full  flex_column_div av-zero-column-padding first  avia-builder-el-0  el_before_av_one_full  avia-builder-el-first  \" style='border-radius:0px; '><div  class='avia-image-container  av-styling-    avia-builder-el-1  avia-builder-el-no-sibling  avia-align-center '  itemprop=\"image\" itemscope=\"itemscope\" itemtype=\"https:\/\/schema.org\/ImageObject\"  ><div class='avia-image-container-inner'><div class='avia-image-overlay-wrap'><img decoding=\"async\" class='wp-image-50328 avia-img-lazy-loading-not-50328 avia_image' src=\"https:\/\/radiorevelacionfm.cl\/wp-content\/uploads\/2025\/02\/Minga-2025-2-1.jpg\" alt='' title='Minga 2025 (2) (1)' height=\"600\" width=\"905\"  itemprop=\"thumbnailUrl\" srcset=\"https:\/\/radiorevelacionfm.cl\/wp-content\/uploads\/2025\/02\/Minga-2025-2-1.jpg 905w, https:\/\/radiorevelacionfm.cl\/wp-content\/uploads\/2025\/02\/Minga-2025-2-1-300x199.jpg 300w, https:\/\/radiorevelacionfm.cl\/wp-content\/uploads\/2025\/02\/Minga-2025-2-1-768x509.jpg 768w, https:\/\/radiorevelacionfm.cl\/wp-content\/uploads\/2025\/02\/Minga-2025-2-1-705x467.jpg 705w, https:\/\/radiorevelacionfm.cl\/wp-content\/uploads\/2025\/02\/Minga-2025-2-1-450x298.jpg 450w, https:\/\/radiorevelacionfm.cl\/wp-content\/uploads\/2025\/02\/Minga-2025-2-1-600x398.jpg 600w\" sizes=\"(max-width: 905px) 100vw, 905px\" \/><\/div><\/div><\/div><\/div><div class=\"flex_column av_one_full  flex_column_div av-zero-column-padding first  avia-builder-el-2  el_after_av_one_full  el_before_av_one_full  column-top-margin\" style='border-radius:0px; '><section class=\"av_textblock_section \"  itemscope=\"itemscope\" itemtype=\"https:\/\/schema.org\/BlogPosting\" itemprop=\"blogPost\" ><div class='avia_textblock  '   itemprop=\"text\" ><p style=\"text-align: center;\"><strong><span style=\"font-size: 18pt;\">Positivo balance de la Fiesta del Pesca&#8217;o Frito y su Gran Minga Solidaria en Puerto Cisnes<\/span><\/strong><\/p>\n<div id=\"gtx-trans\" style=\"position: absolute; left: -50px; top: 4.31534px;\">\n<div class=\"gtx-trans-icon\"><\/div>\n<\/div>\n<\/div><\/section><\/div><\/p>\n<div class=\"flex_column av_one_full  flex_column_div av-zero-column-padding first  avia-builder-el-4  el_after_av_one_full  el_before_av_hr  column-top-margin\" style='border-radius:0px; '><section class=\"av_textblock_section \"  itemscope=\"itemscope\" itemtype=\"https:\/\/schema.org\/BlogPosting\" itemprop=\"blogPost\" ><div class='avia_textblock  '   itemprop=\"text\" ><p style=\"text-align: justify;\">La tradicional Fiesta del Pesca&#8217;o Frito y su Gran Minga Solidaria, que tuvo lugar este 31 de enero y 01 de febrero en la comuna de Cisnes, alcanz\u00f3 un \u00e9xito sin precedentes, tanto en t\u00e9rminos de participaci\u00f3n como de impacto comunitario. Con una afluencia de aproximadamente 10.000 visitantes, la fiesta se consolid\u00f3 como uno de los eventos m\u00e1s importantes de la regi\u00f3n, no solo por su riqueza cultural y gastron\u00f3mica, sino tambi\u00e9n por la destacada minga solidaria que dej\u00f3 huella en la comuna. El evento celebr\u00f3 la entrega de la casa a su beneficiaria la Sra. Francisca Alarc\u00f3n, quien hab\u00eda perdido su vivienda tras un incendio el pasado 24 de mayo del 2024.<\/p>\n<p style=\"text-align: justify;\">Uno de los aspectos m\u00e1s llamativos de este evento es el recorrido de la minga solidaria, que se llev\u00f3 a cabo a lo largo del trayecto que cruza Puerto Cisnes. Este evento moviliz\u00f3 a miles de personas y, en un acto simb\u00f3lico de apoyo, muchos participantes \u00abtiraron la casa\u00bb, un t\u00e9rmino utilizado en la comunidad para describir la incre\u00edble disposici\u00f3n y generosidad con la que los asistentes colaboraron.<\/p>\n<p style=\"text-align: justify;\">Durante los dos d\u00edas de festividades, los asistentes disfrutaron de una variada oferta program\u00e1tica, que incluy\u00f3 m\u00fasica en vivo, danzas tradicionales y la degustaci\u00f3n de un delicioso trozo de pescado frito al finalizar la minga solidaria. Adem\u00e1s, el evento promovi\u00f3 el comercio de productos artesanales, servicios tur\u00edsticos y alojamiento, lo que contribuy\u00f3 a dinamizar la econom\u00eda de Puerto Cisnes y sus alrededores. La llegada masiva de turistas y visitantes tambi\u00e9n tuvo un impacto positivo en restaurantes, hoteles, transporte y comercios locales, que vieron un notable aumento en sus ventas.<\/p>\n<p style=\"text-align: justify;\">Francisco Roncagliolo, Alcalde de la comuna de Cisnes, destac\u00f3 el gran impacto econ\u00f3mico para la comuna: \u00abEl balance de nosotros es positivo, tenemos una muy buena cantidad de visitantes, les ha ido muy bien a los distintos locatarios y eso obviamente, es parte de los objetivos que uno busca de una fiesta que es social, que tiene un sentido de apoyo a vecinos de la comunidad.\u00bb<\/p>\n<p style=\"text-align: justify;\">Ricardo Mendoza, Teniente de la Subcomisar\u00eda de Carabineros Puerto Cisnes, tambi\u00e9n se mostr\u00f3 satisfecho con los resultados de la jornada: \u00abEn materia de seguridad p\u00fablica hemos tenido un balance positivo\u00bb. Durante los dos d\u00edas de celebraci\u00f3n, se despleg\u00f3 un significativo n\u00famero de dotaci\u00f3n de carabineros, generando las fiscalizaciones necesarias y el refuerzo de los patrullajes nocturnos para garantizar la seguridad de cada uno de los vecinos y visitantes.<\/p>\n<p style=\"text-align: justify;\">Ricardo M\u00e9ndez, Presidente de la organizaci\u00f3n, destac\u00f3 la gran concurrencia de p\u00fablico: \u00abUn balance muy positivo porque la econom\u00eda circular que se produjo dentro de nuestro pueblo fue muy importante. Aqu\u00ed ganamos todos con esta fiesta\u00bb. Por otro lado, agradeci\u00f3 la cooperaci\u00f3n de la gente y a las distintas instituciones para la correcta seguridad para evitar cualquier tipo de accidente.<\/p>\n<p style=\"text-align: justify;\">El \u00e9xito de la Fiesta del Pesca&#8217;o Frito y su minga solidaria no solo reflejan el compromiso de su organizaci\u00f3n y comunidad cisnense, sino tambi\u00e9n la capacidad de la comuna para generar juntos un impacto econ\u00f3mico positivo a trav\u00e9s de la cultura, el turismo y la solidaridad. Con alrededor de 10.000 personas en su edici\u00f3n 2025.<\/p>\n<\/div><\/section><\/div>\n<div  style='height:50px' class='hr hr-invisible   avia-builder-el-6  el_after_av_one_full  el_before_av_social_share '><span class='hr-inner ' ><span class='hr-inner-style'><\/span><\/span><\/div>\n<div  class='av-social-sharing-box  avia-builder-el-7  el_after_av_hr  el_before_av_hr  '><div class='av-share-box'><h5 class='av-share-link-description av-no-toc '>Compartir esta noticia<\/h5><ul class='av-share-box-list noLightbox'><li class='av-share-link av-social-link-facebook' ><a target=\"_blank\" aria-label=\"Compartir en Facebook\" href='https:\/\/www.facebook.com\/sharer.php?u=https:\/\/radiorevelacionfm.cl\/?p=50325&#038;t=Positivo%20balance%20de%20la%20Fiesta%20del%20Pesca%E2%80%99o%20Frito%20y%20su%20Gran%20Minga%20Solidaria%20en%20Puerto%20Cisnes' aria-hidden='false' data-av_icon='\ue8f3' data-av_iconfont='entypo-fontello' title='' data-avia-related-tooltip='Compartir en Facebook' rel=\"noopener\"><span class='avia_hidden_link_text'>Compartir en Facebook<\/span><\/a><\/li><li class='av-share-link av-social-link-twitter' ><a target=\"_blank\" aria-label=\"Compartir en Twitter\" href='https:\/\/twitter.com\/share?text=Positivo%20balance%20de%20la%20Fiesta%20del%20Pesca%E2%80%99o%20Frito%20y%20su%20Gran%20Minga%20Solidaria%20en%20Puerto%20Cisnes&#038;url=https:\/\/radiorevelacionfm.cl\/?p=50325' aria-hidden='false' data-av_icon='\ue8f1' data-av_iconfont='entypo-fontello' title='' data-avia-related-tooltip='Compartir en Twitter' rel=\"noopener\"><span class='avia_hidden_link_text'>Compartir en Twitter<\/span><\/a><\/li><li class='av-share-link av-social-link-whatsapp' ><a target=\"_blank\" aria-label=\"Compartir en Whatsapp\" href='https:\/\/api.whatsapp.com\/send?text=https:\/\/radiorevelacionfm.cl\/?p=50325' aria-hidden='false' data-av_icon='\uf232' data-av_iconfont='entypo-fontello' title='' data-avia-related-tooltip='Compartir en Whatsapp' rel=\"noopener\"><span class='avia_hidden_link_text'>Compartir en Whatsapp<\/span><\/a><\/li><li class='av-share-link av-social-link-linkedin' ><a target=\"_blank\" aria-label=\"Compartir en LinkedIn\" href='https:\/\/linkedin.com\/shareArticle?mini=true&#038;title=Positivo%20balance%20de%20la%20Fiesta%20del%20Pesca%E2%80%99o%20Frito%20y%20su%20Gran%20Minga%20Solidaria%20en%20Puerto%20Cisnes&#038;url=https:\/\/radiorevelacionfm.cl\/?p=50325' aria-hidden='false' data-av_icon='\ue8fc' data-av_iconfont='entypo-fontello' title='' data-avia-related-tooltip='Compartir en LinkedIn' rel=\"noopener\"><span class='avia_hidden_link_text'>Compartir en LinkedIn<\/span><\/a><\/li><li class='av-share-link av-social-link-mail' ><a  aria-label=\"Compartir por correo\" href='mailto:?subject=Positivo%20balance%20de%20la%20Fiesta%20del%20Pesca%E2%80%99o%20Frito%20y%20su%20Gran%20Minga%20Solidaria%20en%20Puerto%20Cisnes&#038;body=https:\/\/radiorevelacionfm.cl\/?p=50325' aria-hidden='false' data-av_icon='\ue805' data-av_iconfont='entypo-fontello' title='' data-avia-related-tooltip='Compartir por correo'><span class='avia_hidden_link_text'>Compartir por correo<\/span><\/a><\/li><\/ul><\/div><\/div>\n<div  style='height:50px' class='hr hr-invisible   avia-builder-el-8  el_after_av_social_share  el_before_av_comments_list '><span class='hr-inner ' ><span class='hr-inner-style'><\/span><\/span><\/div>\n<div  class='av-buildercomment  av-blog-meta-html-info-disabled av-blog-meta-tag-disabled  '><\/div>\n","protected":false},"excerpt":{"rendered":"","protected":false},"author":1,"featured_media":50328,"comment_status":"open","ping_status":"open","sticky":false,"template":"","format":"standard","meta":{"footnotes":""},"categories":[38],"tags":[],"class_list":["post-50325","post","type-post","status-publish","format-standard","has-post-thumbnail","hentry","category-regional"],"jetpack_featured_media_url":"https:\/\/radiorevelacionfm.cl\/wp-content\/uploads\/2025\/02\/Minga-2025-2-1.jpg","_links":{"self":[{"href":"https:\/\/radiorevelacionfm.cl\/index.php?rest_route=\/wp\/v2\/posts\/50325","targetHints":{"allow":["GET"]}}],"collection":[{"href":"https:\/\/radiorevelacionfm.cl\/index.php?rest_route=\/wp\/v2\/posts"}],"about":[{"href":"https:\/\/radiorevelacionfm.cl\/index.php?rest_route=\/wp\/v2\/types\/post"}],"author":[{"embeddable":true,"href":"https:\/\/radiorevelacionfm.cl\/index.php?rest_route=\/wp\/v2\/users\/1"}],"replies":[{"embeddable":true,"href":"https:\/\/radiorevelacionfm.cl\/index.php?rest_route=%2Fwp%2Fv2%2Fcomments&post=50325"}],"version-history":[{"count":2,"href":"https:\/\/radiorevelacionfm.cl\/index.php?rest_route=\/wp\/v2\/posts\/50325\/revisions"}],"predecessor-version":[{"id":50329,"href":"https:\/\/radiorevelacionfm.cl\/index.php?rest_route=\/wp\/v2\/posts\/50325\/revisions\/50329"}],"wp:featuredmedia":[{"embeddable":true,"href":"https:\/\/radiorevelacionfm.cl\/index.php?rest_route=\/wp\/v2\/media\/50328"}],"wp:attachment":[{"href":"https:\/\/radiorevelacionfm.cl\/index.php?rest_route=%2Fwp%2Fv2%2Fmedia&parent=50325"}],"wp:term":[{"taxonomy":"category","embeddable":true,"href":"https:\/\/radiorevelacionfm.cl\/index.php?rest_route=%2Fwp%2Fv2%2Fcategories&post=50325"},{"taxonomy":"post_tag","embeddable":true,"href":"https:\/\/radiorevelacionfm.cl\/index.php?rest_route=%2Fwp%2Fv2%2Ftags&post=50325"}],"curies":[{"name":"wp","href":"https:\/\/api.w.org\/{rel}","templated":true}]}}