{"id":50322,"date":"2025-02-05T09:55:36","date_gmt":"2025-02-05T12:55:36","guid":{"rendered":"https:\/\/radiorevelacionfm.cl\/?p=50322"},"modified":"2025-02-05T09:55:36","modified_gmt":"2025-02-05T12:55:36","slug":"siat-no-estar-atento-a-la-condiciones-del-transito-figura-como-una-de-las-principales-causas-de-siniestros-viales","status":"publish","type":"post","link":"https:\/\/radiorevelacionfm.cl\/?p=50322","title":{"rendered":"SIAT: No estar atento a la condiciones del tr\u00e1nsito figura como una de las principales causas de siniestros viales"},"content":{"rendered":"<div class=\"flex_column av_one_full  flex_column_div av-zero-column-padding first  avia-builder-el-0  el_before_av_one_full  avia-builder-el-first  \" style='border-radius:0px; '><div  class='avia-image-container  av-styling-    avia-builder-el-1  avia-builder-el-no-sibling  avia-align-center '  itemprop=\"image\" itemscope=\"itemscope\" itemtype=\"https:\/\/schema.org\/ImageObject\"  ><div class='avia-image-container-inner'><div class='avia-image-overlay-wrap'><img decoding=\"async\" class='wp-image-50323 avia-img-lazy-loading-not-50323 avia_image' src=\"https:\/\/radiorevelacionfm.cl\/wp-content\/uploads\/2025\/02\/0da7b749-b951-4854-b169-b3c67e474d48-1_optimized.jpg\" alt='' title='0da7b749-b951-4854-b169-b3c67e474d48-(1)_optimized' height=\"600\" width=\"800\"  itemprop=\"thumbnailUrl\" srcset=\"https:\/\/radiorevelacionfm.cl\/wp-content\/uploads\/2025\/02\/0da7b749-b951-4854-b169-b3c67e474d48-1_optimized.jpg 800w, https:\/\/radiorevelacionfm.cl\/wp-content\/uploads\/2025\/02\/0da7b749-b951-4854-b169-b3c67e474d48-1_optimized-300x225.jpg 300w, https:\/\/radiorevelacionfm.cl\/wp-content\/uploads\/2025\/02\/0da7b749-b951-4854-b169-b3c67e474d48-1_optimized-768x576.jpg 768w, https:\/\/radiorevelacionfm.cl\/wp-content\/uploads\/2025\/02\/0da7b749-b951-4854-b169-b3c67e474d48-1_optimized-705x529.jpg 705w, https:\/\/radiorevelacionfm.cl\/wp-content\/uploads\/2025\/02\/0da7b749-b951-4854-b169-b3c67e474d48-1_optimized-450x338.jpg 450w, https:\/\/radiorevelacionfm.cl\/wp-content\/uploads\/2025\/02\/0da7b749-b951-4854-b169-b3c67e474d48-1_optimized-600x450.jpg 600w\" sizes=\"(max-width: 800px) 100vw, 800px\" \/><\/div><\/div><\/div><\/div><div class=\"flex_column av_one_full  flex_column_div av-zero-column-padding first  avia-builder-el-2  el_after_av_one_full  el_before_av_one_full  column-top-margin\" style='border-radius:0px; '><section class=\"av_textblock_section \"  itemscope=\"itemscope\" itemtype=\"https:\/\/schema.org\/BlogPosting\" itemprop=\"blogPost\" ><div class='avia_textblock  '   itemprop=\"text\" ><p style=\"text-align: center;\"><span style=\"font-size: 18pt;\"><strong>SIAT: No estar atento a la condiciones del tr\u00e1nsito figura como una de las principales causas de siniestros viales<\/strong><\/span><\/p>\n<div id=\"gtx-trans\" style=\"position: absolute; left: -50px; top: 4.31534px;\">\n<div class=\"gtx-trans-icon\"><\/div>\n<\/div>\n<\/div><\/section><\/div><div class=\"flex_column av_one_full  flex_column_div av-zero-column-padding first  avia-builder-el-4  el_after_av_one_full  el_before_av_hr  column-top-margin\" style='border-radius:0px; '><section class=\"av_textblock_section \"  itemscope=\"itemscope\" itemtype=\"https:\/\/schema.org\/BlogPosting\" itemprop=\"blogPost\" ><div class='avia_textblock  '   itemprop=\"text\" ><p dir=\"ltr\" style=\"text-align: justify;\"><em>Durante el mes de enero del a\u00f1o 2024, hubo 37 accidentes en las v\u00edas de la regi\u00f3n de Ays\u00e9n, mientras en igual periodo del a\u00f1o 2025, se han suscitado 23 accidentes.<\/em><\/p>\n<p dir=\"ltr\" style=\"text-align: justify;\"><em>Desde el mes de enero al 4 de febrero del presente a\u00f1o, cinco personas han perdido la vida en accidentes de tr\u00e1nsito en las rutas de la regi\u00f3n.<\/em><\/p>\n<p dir=\"ltr\" style=\"text-align: justify;\">Distracci\u00f3n o no estar atento a las condiciones del tr\u00e1nsito, constituye una las principales causas de accidentes viales en las rutas de la regi\u00f3n de Ays\u00e9n, seg\u00fan inform\u00f3 Carabineros de la Secci\u00f3n de Investigaci\u00f3n de Accidentes de Tr\u00e1nsito (SIAT) tras un control y fiscalizaci\u00f3n efectuado en la Ruta 7 sur.<\/p>\n<p dir=\"ltr\" style=\"text-align: justify;\">El Jefe de la SIAT, Capit\u00e1n Claudio Vera Andrade se\u00f1al\u00f3 que durante el mes de enero del a\u00f1o 2024 se registr\u00f3 un total de 37 siniestros viales en la regi\u00f3n de Ays\u00e9n, mientras en igual periodo del a\u00f1o 2025, se han suscitado 23 accidentes de tr\u00e1nsito (17 en Coyhaique), correspondiendo mayormente a colisiones y choques.<\/p>\n<p dir=\"ltr\" style=\"text-align: justify;\">\u00abVemos con preocupaci\u00f3n que estando a 4 de febrero, tengamos cinco fallecidos. Carabineros realiza control en diferentes rutas -principalmente por el aumento del turismo en este per\u00edodo, por lo que continuaremos intensificando las fiscalizaciones\u00bb, indic\u00f3.<\/p>\n<p dir=\"ltr\" style=\"text-align: justify;\">El Oficial a\u00f1adi\u00f3 que durante el mes de enero del a\u00f1o 2024 hubo una tasa mayor de accidentes, con una saldo de cuatro personas fallecidas en accidentes viales.<\/p>\n<p dir=\"ltr\" style=\"text-align: justify;\">\u00abEste a\u00f1o, finalizamos el mes de enero con un fallecido, sin embargo, entre el 1 y el 4 de febrero, hubo cuatro muertos, y eso es preocupante\u00bb, expres\u00f3 el Oficial.<\/p>\n<p dir=\"ltr\" style=\"text-align: justify;\"><strong>Chequeos mec\u00e1nicos<\/strong><\/p>\n<p dir=\"ltr\" style=\"text-align: justify;\">Frente a lo anterior, el Jefe de la SIAT de Carabineros Ays\u00e9n inst\u00f3 a los conductores a ser precavidos a la hora de planificar un viaje o desplazamiento, verificando aspectos mec\u00e1nicos del veh\u00edculo, sumado a la prudencia tras el volante, considerando las caracter\u00edsticas topogr\u00e1ficas y climatol\u00f3gicas del territorio.<\/p>\n<p dir=\"ltr\" style=\"text-align: justify;\">\u00abRevisar el veh\u00edculo es muy importante, verificar el estado de los neum\u00e1ticos, las condiciones mec\u00e1nicas (&#8230;). La causa principal de accidentes que tenemos hasta el momento es la conducci\u00f3n no atenta, es decir, fumando o usando el tel\u00e9fono celular. La segunda causa es la velocidad no razonable o prudente, m\u00e1s a\u00fan en esta regi\u00f3n donde hay un dise\u00f1o vial en curvas tanto horizontales como verticales (pendientes). Ah\u00ed es importante el sistema de frenos, revisi\u00f3n nuevamente de las condiciones mec\u00e1nicas del veh\u00edculo. La tercera causa es la conducci\u00f3n en estado de ebriedad o bajo la influencia del alcohol\u00bb, detall\u00f3 el Jefe de la SIAT de Carabineros Ays\u00e9n.<\/p>\n<p dir=\"ltr\" style=\"text-align: justify;\"><strong>\u00abVemos muchas conductas negligentes\u00bb<\/strong><\/p>\n<p dir=\"ltr\" style=\"text-align: justify;\">El Capit\u00e1n Vera inst\u00f3 a los conductores a respetar el l\u00edmite de velocidad establecido, con la finalidad de evitar una p\u00e9rdida de control del veh\u00edculo y prevenir hechos lamentables.<\/p>\n<p dir=\"ltr\" style=\"text-align: justify;\">\u00abLas se\u00f1al\u00e9ticas informan a los conductores. Vemos muchas conductas negligentes en cuanto a adoptar velocidades en los m\u00f3viles que no son las apropiadas. El llamado es a las personas que no son de esta regi\u00f3n o que no conocen los caminos, que se pueden enfrentar ante alg\u00fan bache o alg\u00fan desperfecto en la ruta, lo que va a aumentar las condiciones de riesgo ante un accidente inminente\u00bb, acot\u00f3 el Jefe de la SIAT Ays\u00e9n.<\/p>\n<p dir=\"ltr\" style=\"text-align: justify;\">La regi\u00f3n presenta una condici\u00f3n clim\u00e1tica variable, con lluvias, donde la presencia de humedad en la calzada reduce las condiciones de adherencia, lo que se traduce en mayores distancias de frenado, aspecto que debe ser considerado por los conductores al momento de sus desplazamientos.<\/p>\n<p dir=\"ltr\" style=\"text-align: justify;\">Carabineros enfatiz\u00f3 en no conducir en caso de haber ingerido alcohol, usar siempre el cintur\u00f3n de seguridad y silla de retenci\u00f3n infantil al momento de viajar con menores, toda vez que se trata de dispositivos de seguridad que pueden salvar vidas.<\/p>\n<p dir=\"ltr\" style=\"text-align: justify;\">La Instituci\u00f3n continuar\u00e1 intensificando los controles vehiculares, verificando documentaci\u00f3n, velocidad y respeto a la normativa de tr\u00e1nsito vigente.<\/p>\n<\/div><\/section><\/div><div  style='height:50px' class='hr hr-invisible   avia-builder-el-6  el_after_av_one_full  el_before_av_social_share '><span class='hr-inner ' ><span class='hr-inner-style'><\/span><\/span><\/div><\/p>\n<div  class='av-social-sharing-box  avia-builder-el-7  el_after_av_hr  el_before_av_hr  '><div class='av-share-box'><h5 class='av-share-link-description av-no-toc '>Compartir esta noticia<\/h5><ul class='av-share-box-list noLightbox'><li class='av-share-link av-social-link-facebook' ><a target=\"_blank\" aria-label=\"Compartir en Facebook\" href='https:\/\/www.facebook.com\/sharer.php?u=https:\/\/radiorevelacionfm.cl\/?p=50322&#038;t=SIAT%3A%20No%20estar%20atento%20a%20la%20condiciones%20del%20tr%C3%A1nsito%20figura%20como%20una%20de%20las%20principales%20causas%20de%20siniestros%20viales' aria-hidden='false' data-av_icon='\ue8f3' data-av_iconfont='entypo-fontello' title='' data-avia-related-tooltip='Compartir en Facebook' rel=\"noopener\"><span class='avia_hidden_link_text'>Compartir en Facebook<\/span><\/a><\/li><li class='av-share-link av-social-link-twitter' ><a target=\"_blank\" aria-label=\"Compartir en Twitter\" href='https:\/\/twitter.com\/share?text=SIAT%3A%20No%20estar%20atento%20a%20la%20condiciones%20del%20tr%C3%A1nsito%20figura%20como%20una%20de%20las%20principales%20causas%20de%20siniestros%20viales&#038;url=https:\/\/radiorevelacionfm.cl\/?p=50322' aria-hidden='false' data-av_icon='\ue8f1' data-av_iconfont='entypo-fontello' title='' data-avia-related-tooltip='Compartir en Twitter' rel=\"noopener\"><span class='avia_hidden_link_text'>Compartir en Twitter<\/span><\/a><\/li><li class='av-share-link av-social-link-whatsapp' ><a target=\"_blank\" aria-label=\"Compartir en Whatsapp\" href='https:\/\/api.whatsapp.com\/send?text=https:\/\/radiorevelacionfm.cl\/?p=50322' aria-hidden='false' data-av_icon='\uf232' data-av_iconfont='entypo-fontello' title='' data-avia-related-tooltip='Compartir en Whatsapp' rel=\"noopener\"><span class='avia_hidden_link_text'>Compartir en Whatsapp<\/span><\/a><\/li><li class='av-share-link av-social-link-linkedin' ><a target=\"_blank\" aria-label=\"Compartir en LinkedIn\" href='https:\/\/linkedin.com\/shareArticle?mini=true&#038;title=SIAT%3A%20No%20estar%20atento%20a%20la%20condiciones%20del%20tr%C3%A1nsito%20figura%20como%20una%20de%20las%20principales%20causas%20de%20siniestros%20viales&#038;url=https:\/\/radiorevelacionfm.cl\/?p=50322' aria-hidden='false' data-av_icon='\ue8fc' data-av_iconfont='entypo-fontello' title='' data-avia-related-tooltip='Compartir en LinkedIn' rel=\"noopener\"><span class='avia_hidden_link_text'>Compartir en LinkedIn<\/span><\/a><\/li><li class='av-share-link av-social-link-mail' ><a  aria-label=\"Compartir por correo\" href='mailto:?subject=SIAT%3A%20No%20estar%20atento%20a%20la%20condiciones%20del%20tr%C3%A1nsito%20figura%20como%20una%20de%20las%20principales%20causas%20de%20siniestros%20viales&#038;body=https:\/\/radiorevelacionfm.cl\/?p=50322' aria-hidden='false' data-av_icon='\ue805' data-av_iconfont='entypo-fontello' title='' data-avia-related-tooltip='Compartir por correo'><span class='avia_hidden_link_text'>Compartir por correo<\/span><\/a><\/li><\/ul><\/div><\/div>\n<div  style='height:50px' class='hr hr-invisible   avia-builder-el-8  el_after_av_social_share  el_before_av_comments_list '><span class='hr-inner ' ><span class='hr-inner-style'><\/span><\/span><\/div>\n<div  class='av-buildercomment  av-blog-meta-html-info-disabled av-blog-meta-tag-disabled  '><\/div>\n","protected":false},"excerpt":{"rendered":"","protected":false},"author":1,"featured_media":50323,"comment_status":"open","ping_status":"open","sticky":false,"template":"","format":"standard","meta":{"footnotes":""},"categories":[36],"tags":[],"class_list":["post-50322","post","type-post","status-publish","format-standard","has-post-thumbnail","hentry","category-policial"],"jetpack_featured_media_url":"https:\/\/radiorevelacionfm.cl\/wp-content\/uploads\/2025\/02\/0da7b749-b951-4854-b169-b3c67e474d48-1_optimized.jpg","_links":{"self":[{"href":"https:\/\/radiorevelacionfm.cl\/index.php?rest_route=\/wp\/v2\/posts\/50322","targetHints":{"allow":["GET"]}}],"collection":[{"href":"https:\/\/radiorevelacionfm.cl\/index.php?rest_route=\/wp\/v2\/posts"}],"about":[{"href":"https:\/\/radiorevelacionfm.cl\/index.php?rest_route=\/wp\/v2\/types\/post"}],"author":[{"embeddable":true,"href":"https:\/\/radiorevelacionfm.cl\/index.php?rest_route=\/wp\/v2\/users\/1"}],"replies":[{"embeddable":true,"href":"https:\/\/radiorevelacionfm.cl\/index.php?rest_route=%2Fwp%2Fv2%2Fcomments&post=50322"}],"version-history":[{"count":1,"href":"https:\/\/radiorevelacionfm.cl\/index.php?rest_route=\/wp\/v2\/posts\/50322\/revisions"}],"predecessor-version":[{"id":50324,"href":"https:\/\/radiorevelacionfm.cl\/index.php?rest_route=\/wp\/v2\/posts\/50322\/revisions\/50324"}],"wp:featuredmedia":[{"embeddable":true,"href":"https:\/\/radiorevelacionfm.cl\/index.php?rest_route=\/wp\/v2\/media\/50323"}],"wp:attachment":[{"href":"https:\/\/radiorevelacionfm.cl\/index.php?rest_route=%2Fwp%2Fv2%2Fmedia&parent=50322"}],"wp:term":[{"taxonomy":"category","embeddable":true,"href":"https:\/\/radiorevelacionfm.cl\/index.php?rest_route=%2Fwp%2Fv2%2Fcategories&post=50322"},{"taxonomy":"post_tag","embeddable":true,"href":"https:\/\/radiorevelacionfm.cl\/index.php?rest_route=%2Fwp%2Fv2%2Ftags&post=50322"}],"curies":[{"name":"wp","href":"https:\/\/api.w.org\/{rel}","templated":true}]}}