{"id":50319,"date":"2025-02-04T21:31:13","date_gmt":"2025-02-05T00:31:13","guid":{"rendered":"https:\/\/radiorevelacionfm.cl\/?p=50319"},"modified":"2025-02-04T21:31:13","modified_gmt":"2025-02-05T00:31:13","slug":"carabineros-de-coyhaique-detiene-a-profugo-de-la-justicia-requerido-por-tres-delitos-entre-ellos-secuestro","status":"publish","type":"post","link":"https:\/\/radiorevelacionfm.cl\/?p=50319","title":{"rendered":"Carabineros de Coyhaique detiene a pr\u00f3fugo de la justicia requerido por tres delitos, entre ellos secuestro"},"content":{"rendered":"<div class=\"flex_column av_one_full  flex_column_div av-zero-column-padding first  avia-builder-el-0  el_before_av_one_full  avia-builder-el-first  \" style='border-radius:0px; '><div  class='avia-image-container  av-styling-    avia-builder-el-1  avia-builder-el-no-sibling  avia-align-center '  itemprop=\"image\" itemscope=\"itemscope\" itemtype=\"https:\/\/schema.org\/ImageObject\"  ><div class='avia-image-container-inner'><div class='avia-image-overlay-wrap'><img decoding=\"async\" class='wp-image-50320 avia-img-lazy-loading-not-50320 avia_image' src=\"https:\/\/radiorevelacionfm.cl\/wp-content\/uploads\/2025\/02\/3c7027f9-d85d-4d59-969f-4e7148b5a640-1-1.jpg\" alt='' title='3c7027f9-d85d-4d59-969f-4e7148b5a640 (1) (1)' height=\"615\" width=\"801\"  itemprop=\"thumbnailUrl\" srcset=\"https:\/\/radiorevelacionfm.cl\/wp-content\/uploads\/2025\/02\/3c7027f9-d85d-4d59-969f-4e7148b5a640-1-1.jpg 801w, https:\/\/radiorevelacionfm.cl\/wp-content\/uploads\/2025\/02\/3c7027f9-d85d-4d59-969f-4e7148b5a640-1-1-300x230.jpg 300w, https:\/\/radiorevelacionfm.cl\/wp-content\/uploads\/2025\/02\/3c7027f9-d85d-4d59-969f-4e7148b5a640-1-1-768x590.jpg 768w, https:\/\/radiorevelacionfm.cl\/wp-content\/uploads\/2025\/02\/3c7027f9-d85d-4d59-969f-4e7148b5a640-1-1-705x541.jpg 705w, https:\/\/radiorevelacionfm.cl\/wp-content\/uploads\/2025\/02\/3c7027f9-d85d-4d59-969f-4e7148b5a640-1-1-450x346.jpg 450w, https:\/\/radiorevelacionfm.cl\/wp-content\/uploads\/2025\/02\/3c7027f9-d85d-4d59-969f-4e7148b5a640-1-1-600x461.jpg 600w\" sizes=\"(max-width: 801px) 100vw, 801px\" \/><\/div><\/div><\/div><\/div><div class=\"flex_column av_one_full  flex_column_div av-zero-column-padding first  avia-builder-el-2  el_after_av_one_full  el_before_av_one_full  column-top-margin\" style='border-radius:0px; '><section class=\"av_textblock_section \"  itemscope=\"itemscope\" itemtype=\"https:\/\/schema.org\/BlogPosting\" itemprop=\"blogPost\" ><div class='avia_textblock  '   itemprop=\"text\" ><p style=\"text-align: center;\"><strong><span style=\"font-size: 18pt;\">Carabineros de Coyhaique detiene a pr\u00f3fugo de la justicia requerido por tres delitos, entre ellos secuestro<\/span><\/strong><\/p>\n<div id=\"gtx-trans\" style=\"position: absolute; left: -50px; top: 4.31534px;\">\n<div class=\"gtx-trans-icon\"><\/div>\n<\/div>\n<\/div><\/section><\/div><div class=\"flex_column av_one_full  flex_column_div av-zero-column-padding first  avia-builder-el-4  el_after_av_one_full  el_before_av_hr  column-top-margin\" style='border-radius:0px; '><section class=\"av_textblock_section \"  itemscope=\"itemscope\" itemtype=\"https:\/\/schema.org\/BlogPosting\" itemprop=\"blogPost\" ><div class='avia_textblock  '   itemprop=\"text\" ><p dir=\"ltr\" style=\"text-align: justify;\"><em>El sujeto registra 28 detenciones previas por diversos delitos, siendo puesto a disposici\u00f3n de la Fiscal\u00eda.<\/em><\/p>\n<p dir=\"ltr\" style=\"text-align: justify;\">Un sujeto pr\u00f3fugo de la justicia fue detenido ayer por Carabineros de la 1ra Comisar\u00eda de Coyhaique, luego de una persecuci\u00f3n que se inici\u00f3 por un robo de celular y que termin\u00f3 con la captura del individuo, quien manten\u00eda tres \u00f3rdenes de detenci\u00f3n pendientes, incluyendo una por secuestro.<\/p>\n<p dir=\"ltr\" style=\"text-align: justify;\">La alerta oportuna por la sustracci\u00f3n de un tel\u00e9fono celular, sumado al r\u00e1pido actuar por parte de Carabineros permiti\u00f3 detener al vinculado a diversos delitos en la regi\u00f3n.<\/p>\n<p dir=\"ltr\" style=\"text-align: justify;\">Seg\u00fan indic\u00f3 el Comisario (S) de Coyhaique, Capit\u00e1n Mat\u00edas Maureira, el operativo se despleg\u00f3 a las 15:30 horas del lunes, cuando personal de Carabineros realizaba un patrullaje preventivo en el sector alto de la ciudad y fue alertado sobre el robo de un tel\u00e9fono m\u00f3vil en la intersecci\u00f3n de la calle Circunvalaci\u00f3n Escuela Agr\u00edcola, instante en que la v\u00edctima se\u00f1al\u00f3 al individuo como el responsable del delito.<\/p>\n<p dir=\"ltr\" style=\"text-align: justify;\">\u00abCarabineros inicia un seguimiento a esta persona, quien en el sector Villa Los Glaciares, huye hacia la ribera del r\u00edo (Coyhaique) y el personal luego de mucho tiempo sigui\u00e9ndolo a pie, bajan, cruzan el r\u00edo y logran la detenci\u00f3n de este individuo\u00bb, se\u00f1al\u00f3 el Oficial.<\/p>\n<p dir=\"ltr\" style=\"text-align: justify;\">\u00abAl detenerlo, Carabineros constat\u00f3 que este sujeto manten\u00eda tres \u00f3rdenes de detenci\u00f3n vigentes por secuestro, hurto y da\u00f1os. Adem\u00e1s se encontraba en cumplimiento de una condena por secuestro y tambi\u00e9n por robo con violencia en el centro semi cerrado de Coyhaique y no le estaba dando cumplimiento desde junio del a\u00f1o 2024\u00bb, a\u00f1adi\u00f3 el Comisario (S) de Carabineros de esta ciudad.<\/p>\n<p dir=\"ltr\" style=\"text-align: justify;\">Seg\u00fan inform\u00f3 el Capit\u00e1n Maureira, el detenido presenta un historial delictual significativo, con 28 detenciones previas por diversos delitos. \u00abEsta detenci\u00f3n es de gran relevancia para nuestra Comisar\u00eda, ya que se trata de una persona con un alto compromiso delictual\u00bb, se\u00f1al\u00f3 el Oficial.<\/p>\n<p dir=\"ltr\" style=\"text-align: justify;\">Tras la captura, el sujeto fue trasladado para constatar sus lesiones, y los antecedentes fueron puestos a disposici\u00f3n de la Fiscal\u00eda, que continuar\u00e1 con el proceso correspondiente.<\/p>\n<\/div><\/section><\/div><div  style='height:50px' class='hr hr-invisible   avia-builder-el-6  el_after_av_one_full  el_before_av_social_share '><span class='hr-inner ' ><span class='hr-inner-style'><\/span><\/span><\/div><\/p>\n<div  class='av-social-sharing-box  avia-builder-el-7  el_after_av_hr  el_before_av_hr  '><div class='av-share-box'><h5 class='av-share-link-description av-no-toc '>Compartir esta noticia<\/h5><ul class='av-share-box-list noLightbox'><li class='av-share-link av-social-link-facebook' ><a target=\"_blank\" aria-label=\"Compartir en Facebook\" href='https:\/\/www.facebook.com\/sharer.php?u=https:\/\/radiorevelacionfm.cl\/?p=50319&#038;t=Carabineros%20de%20Coyhaique%20detiene%20a%20pr%C3%B3fugo%20de%20la%20justicia%20requerido%20por%20tres%20delitos%2C%20entre%20ellos%20secuestro' aria-hidden='false' data-av_icon='\ue8f3' data-av_iconfont='entypo-fontello' title='' data-avia-related-tooltip='Compartir en Facebook' rel=\"noopener\"><span class='avia_hidden_link_text'>Compartir en Facebook<\/span><\/a><\/li><li class='av-share-link av-social-link-twitter' ><a target=\"_blank\" aria-label=\"Compartir en Twitter\" href='https:\/\/twitter.com\/share?text=Carabineros%20de%20Coyhaique%20detiene%20a%20pr%C3%B3fugo%20de%20la%20justicia%20requerido%20por%20tres%20delitos%2C%20entre%20ellos%20secuestro&#038;url=https:\/\/radiorevelacionfm.cl\/?p=50319' aria-hidden='false' data-av_icon='\ue8f1' data-av_iconfont='entypo-fontello' title='' data-avia-related-tooltip='Compartir en Twitter' rel=\"noopener\"><span class='avia_hidden_link_text'>Compartir en Twitter<\/span><\/a><\/li><li class='av-share-link av-social-link-whatsapp' ><a target=\"_blank\" aria-label=\"Compartir en Whatsapp\" href='https:\/\/api.whatsapp.com\/send?text=https:\/\/radiorevelacionfm.cl\/?p=50319' aria-hidden='false' data-av_icon='\uf232' data-av_iconfont='entypo-fontello' title='' data-avia-related-tooltip='Compartir en Whatsapp' rel=\"noopener\"><span class='avia_hidden_link_text'>Compartir en Whatsapp<\/span><\/a><\/li><li class='av-share-link av-social-link-linkedin' ><a target=\"_blank\" aria-label=\"Compartir en LinkedIn\" href='https:\/\/linkedin.com\/shareArticle?mini=true&#038;title=Carabineros%20de%20Coyhaique%20detiene%20a%20pr%C3%B3fugo%20de%20la%20justicia%20requerido%20por%20tres%20delitos%2C%20entre%20ellos%20secuestro&#038;url=https:\/\/radiorevelacionfm.cl\/?p=50319' aria-hidden='false' data-av_icon='\ue8fc' data-av_iconfont='entypo-fontello' title='' data-avia-related-tooltip='Compartir en LinkedIn' rel=\"noopener\"><span class='avia_hidden_link_text'>Compartir en LinkedIn<\/span><\/a><\/li><li class='av-share-link av-social-link-mail' ><a  aria-label=\"Compartir por correo\" href='mailto:?subject=Carabineros%20de%20Coyhaique%20detiene%20a%20pr%C3%B3fugo%20de%20la%20justicia%20requerido%20por%20tres%20delitos%2C%20entre%20ellos%20secuestro&#038;body=https:\/\/radiorevelacionfm.cl\/?p=50319' aria-hidden='false' data-av_icon='\ue805' data-av_iconfont='entypo-fontello' title='' data-avia-related-tooltip='Compartir por correo'><span class='avia_hidden_link_text'>Compartir por correo<\/span><\/a><\/li><\/ul><\/div><\/div>\n<div  style='height:50px' class='hr hr-invisible   avia-builder-el-8  el_after_av_social_share  el_before_av_comments_list '><span class='hr-inner ' ><span class='hr-inner-style'><\/span><\/span><\/div>\n<div  class='av-buildercomment  av-blog-meta-html-info-disabled av-blog-meta-tag-disabled  '><\/div>\n","protected":false},"excerpt":{"rendered":"","protected":false},"author":1,"featured_media":50320,"comment_status":"open","ping_status":"open","sticky":false,"template":"","format":"standard","meta":{"footnotes":""},"categories":[36],"tags":[],"class_list":["post-50319","post","type-post","status-publish","format-standard","has-post-thumbnail","hentry","category-policial"],"jetpack_featured_media_url":"https:\/\/radiorevelacionfm.cl\/wp-content\/uploads\/2025\/02\/3c7027f9-d85d-4d59-969f-4e7148b5a640-1-1.jpg","_links":{"self":[{"href":"https:\/\/radiorevelacionfm.cl\/index.php?rest_route=\/wp\/v2\/posts\/50319","targetHints":{"allow":["GET"]}}],"collection":[{"href":"https:\/\/radiorevelacionfm.cl\/index.php?rest_route=\/wp\/v2\/posts"}],"about":[{"href":"https:\/\/radiorevelacionfm.cl\/index.php?rest_route=\/wp\/v2\/types\/post"}],"author":[{"embeddable":true,"href":"https:\/\/radiorevelacionfm.cl\/index.php?rest_route=\/wp\/v2\/users\/1"}],"replies":[{"embeddable":true,"href":"https:\/\/radiorevelacionfm.cl\/index.php?rest_route=%2Fwp%2Fv2%2Fcomments&post=50319"}],"version-history":[{"count":1,"href":"https:\/\/radiorevelacionfm.cl\/index.php?rest_route=\/wp\/v2\/posts\/50319\/revisions"}],"predecessor-version":[{"id":50321,"href":"https:\/\/radiorevelacionfm.cl\/index.php?rest_route=\/wp\/v2\/posts\/50319\/revisions\/50321"}],"wp:featuredmedia":[{"embeddable":true,"href":"https:\/\/radiorevelacionfm.cl\/index.php?rest_route=\/wp\/v2\/media\/50320"}],"wp:attachment":[{"href":"https:\/\/radiorevelacionfm.cl\/index.php?rest_route=%2Fwp%2Fv2%2Fmedia&parent=50319"}],"wp:term":[{"taxonomy":"category","embeddable":true,"href":"https:\/\/radiorevelacionfm.cl\/index.php?rest_route=%2Fwp%2Fv2%2Fcategories&post=50319"},{"taxonomy":"post_tag","embeddable":true,"href":"https:\/\/radiorevelacionfm.cl\/index.php?rest_route=%2Fwp%2Fv2%2Ftags&post=50319"}],"curies":[{"name":"wp","href":"https:\/\/api.w.org\/{rel}","templated":true}]}}