{"id":50316,"date":"2025-02-05T21:47:37","date_gmt":"2025-02-06T00:47:37","guid":{"rendered":"https:\/\/radiorevelacionfm.cl\/?p=50316"},"modified":"2025-02-05T21:47:37","modified_gmt":"2025-02-06T00:47:37","slug":"seremi-mop-expone-plan-de-infraestructura-en-10-comunas-de-la-region","status":"publish","type":"post","link":"https:\/\/radiorevelacionfm.cl\/?p=50316","title":{"rendered":"Seremi MOP expone plan de infraestructura en 10 comunas de la regi\u00f3n"},"content":{"rendered":"<div class=\"flex_column av_one_full  flex_column_div av-zero-column-padding first  avia-builder-el-0  el_before_av_one_full  avia-builder-el-first  \" style='border-radius:0px; '><div  class='avia-image-container  av-styling-    avia-builder-el-1  avia-builder-el-no-sibling  avia-align-center '  itemprop=\"image\" itemscope=\"itemscope\" itemtype=\"https:\/\/schema.org\/ImageObject\"  ><div class='avia-image-container-inner'><div class='avia-image-overlay-wrap'><img decoding=\"async\" class='wp-image-50317 avia-img-lazy-loading-not-50317 avia_image' src=\"https:\/\/radiorevelacionfm.cl\/wp-content\/uploads\/2025\/02\/img-20250204-wa0019-1_optimized-e1738708578727.jpg\" alt='' title='img-20250204-wa0019-(1)_optimized' height=\"600\" width=\"800\"  itemprop=\"thumbnailUrl\" srcset=\"https:\/\/radiorevelacionfm.cl\/wp-content\/uploads\/2025\/02\/img-20250204-wa0019-1_optimized-e1738708578727.jpg 800w, https:\/\/radiorevelacionfm.cl\/wp-content\/uploads\/2025\/02\/img-20250204-wa0019-1_optimized-e1738708578727-300x225.jpg 300w, https:\/\/radiorevelacionfm.cl\/wp-content\/uploads\/2025\/02\/img-20250204-wa0019-1_optimized-e1738708578727-768x576.jpg 768w, https:\/\/radiorevelacionfm.cl\/wp-content\/uploads\/2025\/02\/img-20250204-wa0019-1_optimized-e1738708578727-705x529.jpg 705w, https:\/\/radiorevelacionfm.cl\/wp-content\/uploads\/2025\/02\/img-20250204-wa0019-1_optimized-e1738708578727-450x338.jpg 450w, https:\/\/radiorevelacionfm.cl\/wp-content\/uploads\/2025\/02\/img-20250204-wa0019-1_optimized-e1738708578727-600x450.jpg 600w\" sizes=\"(max-width: 800px) 100vw, 800px\" \/><\/div><\/div><\/div><\/div><div class=\"flex_column av_one_full  flex_column_div av-zero-column-padding first  avia-builder-el-2  el_after_av_one_full  el_before_av_one_full  column-top-margin\" style='border-radius:0px; '><section class=\"av_textblock_section \"  itemscope=\"itemscope\" itemtype=\"https:\/\/schema.org\/BlogPosting\" itemprop=\"blogPost\" ><div class='avia_textblock  '   itemprop=\"text\" ><p style=\"text-align: center;\"><strong><span style=\"font-size: 18pt;\">Seremi MOP expone plan de infraestructura en 10 comunas de la regi\u00f3n<\/span><\/strong><\/p>\n<div id=\"gtx-trans\" style=\"position: absolute; left: -50px; top: 4.31534px;\">\n<div class=\"gtx-trans-icon\"><\/div>\n<\/div>\n<\/div><\/section><\/div><div class=\"flex_column av_one_full  flex_column_div av-zero-column-padding first  avia-builder-el-4  el_after_av_one_full  el_before_av_hr  column-top-margin\" style='border-radius:0px; '><section class=\"av_textblock_section \"  itemscope=\"itemscope\" itemtype=\"https:\/\/schema.org\/BlogPosting\" itemprop=\"blogPost\" ><div class='avia_textblock  '   itemprop=\"text\" ><ul>\n<li style=\"text-align: justify;\"><em>Autoridad regional de OOPP concluy\u00f3 presentaci\u00f3n a Alcaldes y Concejos Municipales de Cartera de Proyectos MOP 2025 y PEDZE <\/em><\/li>\n<\/ul>\n<p style=\"text-align: justify;\">A las diez comunas de la regi\u00f3n de Ays\u00e9n viaj\u00f3 este mes la Secretaria Regional Ministerial de Obras P\u00fablicas, Paloma Jara Vald\u00e9s, para dar a conocer la Cartera de Proyectos MOP 2025, el PEDZE y proyectar la infraestructura a largo plazo, tanto a los Alcaldes como a los Concejos Municipales, integrando a la infraestructura la mirada local.<\/p>\n<p style=\"text-align: justify;\">\u201cEsta fue una reuni\u00f3n que se planific\u00f3 junto a la Seremi de Obras P\u00fablicas para informarle al Concejo de los programas y planes de Obras P\u00fablicas para el a\u00f1o 2025, que explicaron en varios \u00e1mbitos y entre ellos lo m\u00e1s pr\u00f3ximo que vimos es la construcci\u00f3n de la barcaza nueva para el lago O\u00b4Higgins y la construcci\u00f3n de tres muelles para tres puertos en el mismo ventisquero que es un lugar muy helado, muy extremo y al que como el Estado no se ha llegado, as\u00ed que muy bien ah\u00ed, porque es muy complejo. Nos interesa esta informaci\u00f3n para compartirla con los pobladores y al Concejo, am\u00e9n de la conservaci\u00f3n de los caminos, las nuevas proyecciones que hay para la comuna durante el a\u00f1o 2025 y una planificaci\u00f3n para 50 a\u00f1os m\u00e1s, as\u00ed que para nosotros esta es una reuni\u00f3n muy importante y ser\u00e1 transmitida a la comunidad para que se entere en qu\u00e9 est\u00e1 el municipio junto al Concejo\u201d, expres\u00f3 luego de la reuni\u00f3n el Alcalde de la comuna de O\u00b4Higgins, Jos\u00e9 Fica G\u00f3mez.<\/p>\n<p style=\"text-align: justify;\">El Alcalde de la comuna de R\u00edo Ib\u00e1\u00f1ez, Marcelo J\u00e9lvez C\u00e1rdenas \u201cen primer lugar agradecer la disposici\u00f3n de la Seremi, para nosotros es muy importante poder estar informados al cien de lo que cada Direcci\u00f3n del Ministerio de Obras P\u00fablicas est\u00e1 haciendo, lo que se est\u00e1 planificando y m\u00e1s bien lo que se est\u00e1 ejecutando, para nosotros es muy importante. Como Administraci\u00f3n entrante dentro de este proceso alcaldicio es muy importante que tanto nuestras Unidades como nuestros Concejales manejen la informaci\u00f3n de manera uniforme, se lo manifest\u00e9 a la Seremi, para nosotros es muy importante tener esta informaci\u00f3n y de la misma forma se lo agradec\u00ed porque gr\u00e1ficamente nos explic\u00f3 en qu\u00e9 estamos, c\u00f3mo vamos y qu\u00e9 es lo que se proyecta para los pr\u00f3ximos 30 a\u00f1os aproximadamente\u201d.<\/p>\n<p style=\"text-align: justify;\">En tanto, Humberto Pizarro P\u00e9rez, Concejal de la comuna de O\u00b4Higgins, indic\u00f3: \u201cFue interesante, porque por primera vez tuvimos a la Seremi de Obras P\u00fablicas ac\u00e1, al jefe de Vialidad de Cochrane, a la Delegada Presidencial de la Provincia Capit\u00e1n Prat y todos los Concejales y el Alcalde. Los temas que se tocaron fueron importantes. Yo iba a presentar el camino a Bah\u00eda Bahamonde, Bah\u00eda Pescado que es importante para la comunidad, para ser atendida la gente de la poblaci\u00f3n del lago O\u00b4Higgins\u201d.<\/p>\n<p style=\"text-align: justify;\">La Alcaldesa de Tortel, Marisela Jim\u00e9nez Cruces, junto con agradecer la visita de la Seremi Paloma Jara, destac\u00f3 como \u201cmuy fruct\u00edfera la reuni\u00f3n que sostuvimos hoy junto a la Delegada Provincial y el Concejo municipal. Nos pudieron presentar su cartera de inversi\u00f3n para el a\u00f1o 2025 y los Concejales pudieron hacer sus consultas de acuerdo a los requerimientos de la comuna y de los pobladores que reciben, as\u00ed que muy contenta con la actividad y espero que puedan volver a Tortel\u201d.<\/p>\n<p style=\"text-align: justify;\">En tanto, la Delegada Presidencial de la Provincia Capit\u00e1n Prat, Marta Montiel, manifest\u00f3: \u201cGratamente podemos contar que hemos acompa\u00f1ado a nuestra SEREMI MOP en esta gira 2025, y por qu\u00e9 es grato, primero porque nos reunimos con los tres Alcaldes y sus Concejos municipales y destacamos la participaci\u00f3n de las autoridades locales, porque es muy importante que conozcan\u00a0 cu\u00e1les es la inversi\u00f3n, cu\u00e1l es la proyecci\u00f3n y tambi\u00e9n que le presenten a trav\u00e9s de la SEREMI del MOP los requerimientos para sus Servicios Obras Portuarias, caminos, conectividad; necesitamos infraestructura, Servicios Sanitarios y que importante tambi\u00e9n es la participaci\u00f3n de los vecinos y vecinas de nuestra provincia. Hoy d\u00eda destacamos esta gira en las tres comunas de nuestra provincia Capit\u00e1n Prat; estuvimos en Villa O\u00b4Higgins, estuvimos en Tortel y hoy d\u00eda cerramos aqu\u00ed en Cochrane, en la capital de la provincia de Los Glaciares\u201d.<\/p>\n<p style=\"text-align: justify;\">De esta forma, el gobierno del presidente Gabriel Boric Font a trav\u00e9s de Ministerio de Obras P\u00fablicas se despliega en el territorio, para exponer la importante inversi\u00f3n que se materializar\u00e1 este 2025 y proyectar su planificaci\u00f3n a 50 a\u00f1os m\u00e1s, en el entendido que los proyectos de infraestructura son de largo aliento y trascienden gobiernos.<\/p>\n<p style=\"text-align: justify;\">As\u00ed lo expres\u00f3 la Seremi de Obras P\u00fablicas, Paloma Jara Vald\u00e9s: \u201cHoy en la comuna de Chile Chico hemos concluido nuestra gira MOP 2025, una gira que nos ha llevado por cada una de las comunas de la regi\u00f3n de Ays\u00e9n donde hemos podido mostrar la cartera del Ministerio de Obras P\u00fablicas en cada uno de los territorios pudiendo enriquecer nuestra inversi\u00f3n desde las visiones territoriales. Lo que cada uno de los y las concejales nos han ido diciendo, lo que las autoridades comunales han podido representar a trav\u00e9s de estas reuniones ha mejorado la forma en que vemos c\u00f3mo vamos a invertir en este \u00faltimo a\u00f1o de gobierno y c\u00f3mo podemos seguir fortaleciendo el trabajo que viene para los a\u00f1os venideros. La planificaci\u00f3n en el Ministerio de Obras P\u00fablicas es un eje fundamental puesto que nuestras obras no solo de gobierno sino tambi\u00e9n de Estado y tienen un largo tiempo para desarrollarse, por lo mismo queremos fortalecer que estas sean obras que realmente tengan impacto y eso lo hemos visto hoy d\u00eda y durante todas las semanas anteriores en las que hemos tenido conversaciones con todas las autoridades locales\u201d.<\/p>\n<\/div><\/section><\/div><div  style='height:50px' class='hr hr-invisible   avia-builder-el-6  el_after_av_one_full  el_before_av_social_share '><span class='hr-inner ' ><span class='hr-inner-style'><\/span><\/span><\/div><\/p>\n<div  class='av-social-sharing-box  avia-builder-el-7  el_after_av_hr  el_before_av_hr  '><div class='av-share-box'><h5 class='av-share-link-description av-no-toc '>Compartir esta noticia<\/h5><ul class='av-share-box-list noLightbox'><li class='av-share-link av-social-link-facebook' ><a target=\"_blank\" aria-label=\"Compartir en Facebook\" href='https:\/\/www.facebook.com\/sharer.php?u=https:\/\/radiorevelacionfm.cl\/?p=50316&#038;t=Seremi%20MOP%20expone%20plan%20de%20infraestructura%20en%2010%20comunas%20de%20la%20regi%C3%B3n' aria-hidden='false' data-av_icon='\ue8f3' data-av_iconfont='entypo-fontello' title='' data-avia-related-tooltip='Compartir en Facebook' rel=\"noopener\"><span class='avia_hidden_link_text'>Compartir en Facebook<\/span><\/a><\/li><li class='av-share-link av-social-link-twitter' ><a target=\"_blank\" aria-label=\"Compartir en Twitter\" href='https:\/\/twitter.com\/share?text=Seremi%20MOP%20expone%20plan%20de%20infraestructura%20en%2010%20comunas%20de%20la%20regi%C3%B3n&#038;url=https:\/\/radiorevelacionfm.cl\/?p=50316' aria-hidden='false' data-av_icon='\ue8f1' data-av_iconfont='entypo-fontello' title='' data-avia-related-tooltip='Compartir en Twitter' rel=\"noopener\"><span class='avia_hidden_link_text'>Compartir en Twitter<\/span><\/a><\/li><li class='av-share-link av-social-link-whatsapp' ><a target=\"_blank\" aria-label=\"Compartir en Whatsapp\" href='https:\/\/api.whatsapp.com\/send?text=https:\/\/radiorevelacionfm.cl\/?p=50316' aria-hidden='false' data-av_icon='\uf232' data-av_iconfont='entypo-fontello' title='' data-avia-related-tooltip='Compartir en Whatsapp' rel=\"noopener\"><span class='avia_hidden_link_text'>Compartir en Whatsapp<\/span><\/a><\/li><li class='av-share-link av-social-link-linkedin' ><a target=\"_blank\" aria-label=\"Compartir en LinkedIn\" href='https:\/\/linkedin.com\/shareArticle?mini=true&#038;title=Seremi%20MOP%20expone%20plan%20de%20infraestructura%20en%2010%20comunas%20de%20la%20regi%C3%B3n&#038;url=https:\/\/radiorevelacionfm.cl\/?p=50316' aria-hidden='false' data-av_icon='\ue8fc' data-av_iconfont='entypo-fontello' title='' data-avia-related-tooltip='Compartir en LinkedIn' rel=\"noopener\"><span class='avia_hidden_link_text'>Compartir en LinkedIn<\/span><\/a><\/li><li class='av-share-link av-social-link-mail' ><a  aria-label=\"Compartir por correo\" href='mailto:?subject=Seremi%20MOP%20expone%20plan%20de%20infraestructura%20en%2010%20comunas%20de%20la%20regi%C3%B3n&#038;body=https:\/\/radiorevelacionfm.cl\/?p=50316' aria-hidden='false' data-av_icon='\ue805' data-av_iconfont='entypo-fontello' title='' data-avia-related-tooltip='Compartir por correo'><span class='avia_hidden_link_text'>Compartir por correo<\/span><\/a><\/li><\/ul><\/div><\/div>\n<div  style='height:50px' class='hr hr-invisible   avia-builder-el-8  el_after_av_social_share  el_before_av_comments_list '><span class='hr-inner ' ><span class='hr-inner-style'><\/span><\/span><\/div>\n<div  class='av-buildercomment  av-blog-meta-html-info-disabled av-blog-meta-tag-disabled  '><\/div>\n","protected":false},"excerpt":{"rendered":"","protected":false},"author":1,"featured_media":50317,"comment_status":"open","ping_status":"open","sticky":false,"template":"","format":"standard","meta":{"footnotes":""},"categories":[38],"tags":[],"class_list":["post-50316","post","type-post","status-publish","format-standard","has-post-thumbnail","hentry","category-regional"],"jetpack_featured_media_url":"https:\/\/radiorevelacionfm.cl\/wp-content\/uploads\/2025\/02\/img-20250204-wa0019-1_optimized-e1738708578727.jpg","_links":{"self":[{"href":"https:\/\/radiorevelacionfm.cl\/index.php?rest_route=\/wp\/v2\/posts\/50316","targetHints":{"allow":["GET"]}}],"collection":[{"href":"https:\/\/radiorevelacionfm.cl\/index.php?rest_route=\/wp\/v2\/posts"}],"about":[{"href":"https:\/\/radiorevelacionfm.cl\/index.php?rest_route=\/wp\/v2\/types\/post"}],"author":[{"embeddable":true,"href":"https:\/\/radiorevelacionfm.cl\/index.php?rest_route=\/wp\/v2\/users\/1"}],"replies":[{"embeddable":true,"href":"https:\/\/radiorevelacionfm.cl\/index.php?rest_route=%2Fwp%2Fv2%2Fcomments&post=50316"}],"version-history":[{"count":1,"href":"https:\/\/radiorevelacionfm.cl\/index.php?rest_route=\/wp\/v2\/posts\/50316\/revisions"}],"predecessor-version":[{"id":50318,"href":"https:\/\/radiorevelacionfm.cl\/index.php?rest_route=\/wp\/v2\/posts\/50316\/revisions\/50318"}],"wp:featuredmedia":[{"embeddable":true,"href":"https:\/\/radiorevelacionfm.cl\/index.php?rest_route=\/wp\/v2\/media\/50317"}],"wp:attachment":[{"href":"https:\/\/radiorevelacionfm.cl\/index.php?rest_route=%2Fwp%2Fv2%2Fmedia&parent=50316"}],"wp:term":[{"taxonomy":"category","embeddable":true,"href":"https:\/\/radiorevelacionfm.cl\/index.php?rest_route=%2Fwp%2Fv2%2Fcategories&post=50316"},{"taxonomy":"post_tag","embeddable":true,"href":"https:\/\/radiorevelacionfm.cl\/index.php?rest_route=%2Fwp%2Fv2%2Ftags&post=50316"}],"curies":[{"name":"wp","href":"https:\/\/api.w.org\/{rel}","templated":true}]}}