{"id":50313,"date":"2025-02-05T10:57:26","date_gmt":"2025-02-05T13:57:26","guid":{"rendered":"https:\/\/radiorevelacionfm.cl\/?p=50313"},"modified":"2025-02-05T10:57:26","modified_gmt":"2025-02-05T13:57:26","slug":"en-dia-mundial-contra-el-cancer-red-asistencial-reafirma-su-estrategia-preventiva-y-mayor-acceso-a-prestaciones-oncologicas","status":"publish","type":"post","link":"https:\/\/radiorevelacionfm.cl\/?p=50313","title":{"rendered":"En D\u00eda Mundial Contra el C\u00e1ncer Red Asistencial reafirma su estrategia preventiva y mayor acceso a prestaciones oncol\u00f3gicas"},"content":{"rendered":"<div class=\"flex_column av_one_full  flex_column_div av-zero-column-padding first  avia-builder-el-0  el_before_av_one_full  avia-builder-el-first  \" style='border-radius:0px; '><div  class='avia-image-container  av-styling-    avia-builder-el-1  avia-builder-el-no-sibling  avia-align-center '  itemprop=\"image\" itemscope=\"itemscope\" itemtype=\"https:\/\/schema.org\/ImageObject\"  ><div class='avia-image-container-inner'><div class='avia-image-overlay-wrap'><img decoding=\"async\" class='wp-image-50314 avia-img-lazy-loading-not-50314 avia_image' src=\"https:\/\/radiorevelacionfm.cl\/wp-content\/uploads\/2025\/02\/MARIA-TERESA-ARIAS-1-1.jpeg\" alt='' title='MAR\u00cdA TERESA ARIAS (1) (1)' height=\"600\" width=\"1031\"  itemprop=\"thumbnailUrl\" srcset=\"https:\/\/radiorevelacionfm.cl\/wp-content\/uploads\/2025\/02\/MARIA-TERESA-ARIAS-1-1.jpeg 1031w, https:\/\/radiorevelacionfm.cl\/wp-content\/uploads\/2025\/02\/MARIA-TERESA-ARIAS-1-1-300x175.jpeg 300w, https:\/\/radiorevelacionfm.cl\/wp-content\/uploads\/2025\/02\/MARIA-TERESA-ARIAS-1-1-768x447.jpeg 768w, https:\/\/radiorevelacionfm.cl\/wp-content\/uploads\/2025\/02\/MARIA-TERESA-ARIAS-1-1-705x410.jpeg 705w, https:\/\/radiorevelacionfm.cl\/wp-content\/uploads\/2025\/02\/MARIA-TERESA-ARIAS-1-1-450x262.jpeg 450w, https:\/\/radiorevelacionfm.cl\/wp-content\/uploads\/2025\/02\/MARIA-TERESA-ARIAS-1-1-600x349.jpeg 600w\" sizes=\"(max-width: 1031px) 100vw, 1031px\" \/><\/div><\/div><\/div><\/div><div class=\"flex_column av_one_full  flex_column_div av-zero-column-padding first  avia-builder-el-2  el_after_av_one_full  el_before_av_one_full  column-top-margin\" style='border-radius:0px; '><section class=\"av_textblock_section \"  itemscope=\"itemscope\" itemtype=\"https:\/\/schema.org\/BlogPosting\" itemprop=\"blogPost\" ><div class='avia_textblock  '   itemprop=\"text\" ><p style=\"text-align: center;\"><span style=\"font-size: 18pt;\"><b>En D\u00eda Mundial Contra el C\u00e1ncer Red Asistencial reafirma su estrategia preventiva y mayor acceso a prestaciones oncol\u00f3gicas<\/b><\/span><\/p>\n<div id=\"gtx-trans\" style=\"position: absolute; left: -50px; top: 4.31534px;\">\n<div class=\"gtx-trans-icon\"><\/div>\n<\/div>\n<\/div><\/section><\/div><div class=\"flex_column av_one_full  flex_column_div av-zero-column-padding first  avia-builder-el-4  el_after_av_one_full  el_before_av_hr  column-top-margin\" style='border-radius:0px; '><section class=\"av_textblock_section \"  itemscope=\"itemscope\" itemtype=\"https:\/\/schema.org\/BlogPosting\" itemprop=\"blogPost\" ><div class='avia_textblock  '   itemprop=\"text\" ><p class=\"v1MsoNormal\" style=\"text-align: justify;\">El c\u00e1ncer de mama y cervicouterino son los c\u00e1nceres m\u00e1s prevalentes entre las mujeres de la regi\u00f3n de Ays\u00e9n, mientras que entre hombres destaca el g\u00e1strico, colorrectal y de pr\u00f3stata.<\/p>\n<p class=\"v1MsoNormal\" style=\"text-align: justify;\">En el caso de los ni\u00f1os y ni\u00f1as los n\u00fameros son bastante bajos y promedian dos casos por a\u00f1o, lo cual no significa que no exista un an\u00e1lisis, vigilancia y observaci\u00f3n del comportamiento de la enfermedad.<\/p>\n<p class=\"v1MsoNormal\" style=\"text-align: justify;\">La Red Asistencial de Ays\u00e9n trabaja permanentemente para disminuir las cifras a trav\u00e9s de distintas l\u00edneas de acci\u00f3n. \u00abTenemos tres l\u00edneas estrat\u00e9gicas que se est\u00e1n trabajando, preventivas, acceso a prestaciones oncol\u00f3gicas y soluciones intermedias desde el a\u00f1o 2024, trabajando con la Corporaci\u00f3n Onco Ays\u00e9n para dar soluci\u00f3n a la demanda de la poblaci\u00f3n con el Centro Oncol\u00f3gico Transitorio\u00bb, advierte Pamela Aguirre, Coordinadora de la Red Oncol\u00f3gica del Servicio de Salud Ays\u00e9n.<\/p>\n<p class=\"v1MsoNormal\" style=\"text-align: justify;\">Al aumento de ex\u00e1menes preventivos con mamograf\u00edas, endoscop\u00edas digestivas y PAP se suman rondas de especialidades en zonas alejadas, a la vez de una mayor resolutividad del Hospital Regional Coyhaique y el trabajo a trav\u00e9s de la mesa intersectorial con el fin de abordar de manera integral esta problem\u00e1tica.<\/p>\n<p class=\"v1MsoNormal\" style=\"text-align: justify;\">Cabe mencionar que cada a\u00f1o se recuerda el 4 de febrero como el D\u00eda Mundial Contra el C\u00e1ncer para concientizar y prevenir esta enfermedad que anualmente cobra miles de vidas en Chile.<\/p>\n<p class=\"v1MsoNormal\" style=\"text-align: justify;\">Es as\u00ed que es muy importante que cada uno de los habitantes de Ays\u00e9n puedan realizarse controles m\u00e9dicos permanentes para ante cualquier sospecha actuar lo m\u00e1s pronto posible y detectar tempranamente cualquier tipo de c\u00e1ncer.<\/p>\n<p class=\"v1MsoNormal\" style=\"text-align: justify;\">\u00abSi tenemos factores o antecedentes familiares de c\u00e1ncer de mama o de est\u00f3mago, cervicouterino es muy importante acudir al CESFAM, consultorio o posta de salud rural m\u00e1s cercana para realizarnos estos ex\u00e1menes m\u00e9dicos preventivos del adulto mayor y tambi\u00e9n nuestros controles con matrona o ginec\u00f3logo para realizar este tipo de ex\u00e1menes como PAP, mamograf\u00edas, detecci\u00f3n temprana del c\u00e1ncer g\u00e1strico, entre otros\u00bb<\/p>\n<p class=\"v1MsoNormal\" style=\"text-align: justify;\">Aguirre Sep\u00falveda subray\u00f3 la importancia de hacerse ex\u00e1menes peri\u00f3dicos para conocer su estado de salud, a trav\u00e9s de los operativos que dispone la Red Asistencial. De forma especial hizo una invitaci\u00f3n a los hombres para que se realicen el examen prost\u00e1tico, adem\u00e1s de mantener una dieta y estilos de vida saludables.<\/p>\n<p class=\"v1MsoNormal\" style=\"text-align: justify;\">El Servicio de Salud Junto a la Corporaci\u00f3n Onco Ays\u00e9n, se encuentra trabajando para informar a la comunidad acerca de los flujos de atenci\u00f3n, inicialmente para c\u00e1ncer de mama, c\u00e9rvico uterino e infantil.<\/p>\n<p class=\"v1MsoNormal\" style=\"text-align: justify;\"><b>Testimonios de lucha y esperanza<\/b><\/p>\n<p class=\"v1MsoNormal\" style=\"text-align: justify;\">Aunque el c\u00e1ncer es una enfermedad compleja, es importante saber que siempre existen caminos para poder sobrellevarla, como lo retratan algunas personas que lo han sufrido y lo sufren actualmente.<\/p>\n<p class=\"v1MsoNormal\" style=\"text-align: justify;\">\u00abEn alg\u00fan momento me olvid\u00e9 un poco de mi misma y eso gatill\u00f3 una enfermedad, la cual se diagnostic\u00f3 c\u00e1ncer y para mi fue mi regalo de amor y fe. Esto sucedi\u00f3 a principios de febrero del a\u00f1o ante pasado, donde toqu\u00e9 un porotito. La gente asocia mucho c\u00e1ncer y muerte y no es as\u00ed, si t\u00fa lo detectas a tiempo en etapa 1, 2 o 3 no te asustes hay tratamientos y gente especializada y con mucha empat\u00eda que est\u00e1 esperando para poder ayudarte\u00bb, dijo Mar\u00eda Teresa Arias, de Chile Chico.<\/p>\n<p class=\"v1MsoNormal\" style=\"text-align: justify;\">Mientras \u00c1ngel, de Coyhaique, quien se dedica a la m\u00fasica recibi\u00f3 una mala noticia cuando le diagnosticaron leucemia. Sin embargo, lejos de considerar la angustia o la depresi\u00f3n como camino, decidi\u00f3 verlo como una oportunidad de lucha. \u00abLo tom\u00e9 como un sin\u00f3nimo de lucha, de querer dar amor y recibirlo de los cercanos y que es muy importante tener un centro oncol\u00f3gico en la regi\u00f3n, ya que para una persona de ac\u00e1 recibir un tratamiento es sumamente complejo, ya que ir afuera son gastos en arriendo, alimentaci\u00f3n y el hecho de tenerlo ac\u00e1 ayuda mucho para el bolsillo de cada familia y paciente y siempre hay una lucecita que te dice que hay gente que te quiere\u00bb, destac\u00f3.<\/p>\n<\/div><\/section><\/div><div  style='height:50px' class='hr hr-invisible   avia-builder-el-6  el_after_av_one_full  el_before_av_social_share '><span class='hr-inner ' ><span class='hr-inner-style'><\/span><\/span><\/div><\/p>\n<div  class='av-social-sharing-box  avia-builder-el-7  el_after_av_hr  el_before_av_hr  '><div class='av-share-box'><h5 class='av-share-link-description av-no-toc '>Compartir esta noticia<\/h5><ul class='av-share-box-list noLightbox'><li class='av-share-link av-social-link-facebook' ><a target=\"_blank\" aria-label=\"Compartir en Facebook\" href='https:\/\/www.facebook.com\/sharer.php?u=https:\/\/radiorevelacionfm.cl\/?p=50313&#038;t=En%20D%C3%ADa%20Mundial%20Contra%20el%20C%C3%A1ncer%20Red%20Asistencial%20reafirma%20su%20estrategia%20preventiva%20y%20mayor%20acceso%20a%20prestaciones%20oncol%C3%B3gicas' aria-hidden='false' data-av_icon='\ue8f3' data-av_iconfont='entypo-fontello' title='' data-avia-related-tooltip='Compartir en Facebook' rel=\"noopener\"><span class='avia_hidden_link_text'>Compartir en Facebook<\/span><\/a><\/li><li class='av-share-link av-social-link-twitter' ><a target=\"_blank\" aria-label=\"Compartir en Twitter\" href='https:\/\/twitter.com\/share?text=En%20D%C3%ADa%20Mundial%20Contra%20el%20C%C3%A1ncer%20Red%20Asistencial%20reafirma%20su%20estrategia%20preventiva%20y%20mayor%20acceso%20a%20prestaciones%20oncol%C3%B3gicas&#038;url=https:\/\/radiorevelacionfm.cl\/?p=50313' aria-hidden='false' data-av_icon='\ue8f1' data-av_iconfont='entypo-fontello' title='' data-avia-related-tooltip='Compartir en Twitter' rel=\"noopener\"><span class='avia_hidden_link_text'>Compartir en Twitter<\/span><\/a><\/li><li class='av-share-link av-social-link-whatsapp' ><a target=\"_blank\" aria-label=\"Compartir en Whatsapp\" href='https:\/\/api.whatsapp.com\/send?text=https:\/\/radiorevelacionfm.cl\/?p=50313' aria-hidden='false' data-av_icon='\uf232' data-av_iconfont='entypo-fontello' title='' data-avia-related-tooltip='Compartir en Whatsapp' rel=\"noopener\"><span class='avia_hidden_link_text'>Compartir en Whatsapp<\/span><\/a><\/li><li class='av-share-link av-social-link-linkedin' ><a target=\"_blank\" aria-label=\"Compartir en LinkedIn\" href='https:\/\/linkedin.com\/shareArticle?mini=true&#038;title=En%20D%C3%ADa%20Mundial%20Contra%20el%20C%C3%A1ncer%20Red%20Asistencial%20reafirma%20su%20estrategia%20preventiva%20y%20mayor%20acceso%20a%20prestaciones%20oncol%C3%B3gicas&#038;url=https:\/\/radiorevelacionfm.cl\/?p=50313' aria-hidden='false' data-av_icon='\ue8fc' data-av_iconfont='entypo-fontello' title='' data-avia-related-tooltip='Compartir en LinkedIn' rel=\"noopener\"><span class='avia_hidden_link_text'>Compartir en LinkedIn<\/span><\/a><\/li><li class='av-share-link av-social-link-mail' ><a  aria-label=\"Compartir por correo\" href='mailto:?subject=En%20D%C3%ADa%20Mundial%20Contra%20el%20C%C3%A1ncer%20Red%20Asistencial%20reafirma%20su%20estrategia%20preventiva%20y%20mayor%20acceso%20a%20prestaciones%20oncol%C3%B3gicas&#038;body=https:\/\/radiorevelacionfm.cl\/?p=50313' aria-hidden='false' data-av_icon='\ue805' data-av_iconfont='entypo-fontello' title='' data-avia-related-tooltip='Compartir por correo'><span class='avia_hidden_link_text'>Compartir por correo<\/span><\/a><\/li><\/ul><\/div><\/div>\n<div  style='height:50px' class='hr hr-invisible   avia-builder-el-8  el_after_av_social_share  el_before_av_comments_list '><span class='hr-inner ' ><span class='hr-inner-style'><\/span><\/span><\/div>\n<div  class='av-buildercomment  av-blog-meta-html-info-disabled av-blog-meta-tag-disabled  '><\/div>\n","protected":false},"excerpt":{"rendered":"","protected":false},"author":1,"featured_media":50314,"comment_status":"open","ping_status":"open","sticky":false,"template":"","format":"standard","meta":{"footnotes":""},"categories":[46],"tags":[],"class_list":["post-50313","post","type-post","status-publish","format-standard","has-post-thumbnail","hentry","category-salud"],"jetpack_featured_media_url":"https:\/\/radiorevelacionfm.cl\/wp-content\/uploads\/2025\/02\/MARIA-TERESA-ARIAS-1-1.jpeg","_links":{"self":[{"href":"https:\/\/radiorevelacionfm.cl\/index.php?rest_route=\/wp\/v2\/posts\/50313","targetHints":{"allow":["GET"]}}],"collection":[{"href":"https:\/\/radiorevelacionfm.cl\/index.php?rest_route=\/wp\/v2\/posts"}],"about":[{"href":"https:\/\/radiorevelacionfm.cl\/index.php?rest_route=\/wp\/v2\/types\/post"}],"author":[{"embeddable":true,"href":"https:\/\/radiorevelacionfm.cl\/index.php?rest_route=\/wp\/v2\/users\/1"}],"replies":[{"embeddable":true,"href":"https:\/\/radiorevelacionfm.cl\/index.php?rest_route=%2Fwp%2Fv2%2Fcomments&post=50313"}],"version-history":[{"count":1,"href":"https:\/\/radiorevelacionfm.cl\/index.php?rest_route=\/wp\/v2\/posts\/50313\/revisions"}],"predecessor-version":[{"id":50315,"href":"https:\/\/radiorevelacionfm.cl\/index.php?rest_route=\/wp\/v2\/posts\/50313\/revisions\/50315"}],"wp:featuredmedia":[{"embeddable":true,"href":"https:\/\/radiorevelacionfm.cl\/index.php?rest_route=\/wp\/v2\/media\/50314"}],"wp:attachment":[{"href":"https:\/\/radiorevelacionfm.cl\/index.php?rest_route=%2Fwp%2Fv2%2Fmedia&parent=50313"}],"wp:term":[{"taxonomy":"category","embeddable":true,"href":"https:\/\/radiorevelacionfm.cl\/index.php?rest_route=%2Fwp%2Fv2%2Fcategories&post=50313"},{"taxonomy":"post_tag","embeddable":true,"href":"https:\/\/radiorevelacionfm.cl\/index.php?rest_route=%2Fwp%2Fv2%2Ftags&post=50313"}],"curies":[{"name":"wp","href":"https:\/\/api.w.org\/{rel}","templated":true}]}}