{"id":50310,"date":"2025-02-05T09:39:22","date_gmt":"2025-02-05T12:39:22","guid":{"rendered":"https:\/\/radiorevelacionfm.cl\/?p=50310"},"modified":"2025-02-05T09:39:22","modified_gmt":"2025-02-05T12:39:22","slug":"fia-reconoce-por-tercer-ano-consecutivo-a-mujeres-en-aysen-lideres-en-agroinnovacion","status":"publish","type":"post","link":"https:\/\/radiorevelacionfm.cl\/?p=50310","title":{"rendered":"FIA reconoce por tercer a\u00f1o consecutivo a mujeres en Ays\u00e9n l\u00edderes en agroinnovaci\u00f3n"},"content":{"rendered":"<div class=\"flex_column av_one_full  flex_column_div av-zero-column-padding first  avia-builder-el-0  el_before_av_one_full  avia-builder-el-first  \" style='border-radius:0px; '><div  class='avia-image-container  av-styling-    avia-builder-el-1  avia-builder-el-no-sibling  avia-align-center '  itemprop=\"image\" itemscope=\"itemscope\" itemtype=\"https:\/\/schema.org\/ImageObject\"  ><div class='avia-image-container-inner'><div class='avia-image-overlay-wrap'><img decoding=\"async\" class='wp-image-50311 avia-img-lazy-loading-not-50311 avia_image' src=\"https:\/\/radiorevelacionfm.cl\/wp-content\/uploads\/2025\/02\/premiadas-red-mai-aysen-2024-1_optimized.jpg\" alt='' title='premiadas-red-mai-ays\u00e9n-2024-(1)_optimized' height=\"600\" width=\"1294\"  itemprop=\"thumbnailUrl\" srcset=\"https:\/\/radiorevelacionfm.cl\/wp-content\/uploads\/2025\/02\/premiadas-red-mai-aysen-2024-1_optimized.jpg 1294w, https:\/\/radiorevelacionfm.cl\/wp-content\/uploads\/2025\/02\/premiadas-red-mai-aysen-2024-1_optimized-300x139.jpg 300w, https:\/\/radiorevelacionfm.cl\/wp-content\/uploads\/2025\/02\/premiadas-red-mai-aysen-2024-1_optimized-1030x478.jpg 1030w, https:\/\/radiorevelacionfm.cl\/wp-content\/uploads\/2025\/02\/premiadas-red-mai-aysen-2024-1_optimized-768x356.jpg 768w, https:\/\/radiorevelacionfm.cl\/wp-content\/uploads\/2025\/02\/premiadas-red-mai-aysen-2024-1_optimized-705x327.jpg 705w, https:\/\/radiorevelacionfm.cl\/wp-content\/uploads\/2025\/02\/premiadas-red-mai-aysen-2024-1_optimized-450x209.jpg 450w, https:\/\/radiorevelacionfm.cl\/wp-content\/uploads\/2025\/02\/premiadas-red-mai-aysen-2024-1_optimized-600x278.jpg 600w\" sizes=\"(max-width: 1294px) 100vw, 1294px\" \/><\/div><\/div><\/div><\/div><div class=\"flex_column av_one_full  flex_column_div av-zero-column-padding first  avia-builder-el-2  el_after_av_one_full  el_before_av_one_full  column-top-margin\" style='border-radius:0px; '><section class=\"av_textblock_section \"  itemscope=\"itemscope\" itemtype=\"https:\/\/schema.org\/BlogPosting\" itemprop=\"blogPost\" ><div class='avia_textblock  '   itemprop=\"text\" ><p style=\"text-align: center;\"><span style=\"font-size: 18pt;\"><b>FIA reconoce por tercer a\u00f1o consecutivo a mujeres en Ays\u00e9n l\u00edderes en agroinnovaci\u00f3n<\/b><\/span><\/p>\n<div id=\"gtx-trans\" style=\"position: absolute; left: -50px; top: 4.31534px;\">\n<div class=\"gtx-trans-icon\"><\/div>\n<\/div>\n<\/div><\/section><\/div><div class=\"flex_column av_one_full  flex_column_div av-zero-column-padding first  avia-builder-el-4  el_after_av_one_full  el_before_av_hr  column-top-margin\" style='border-radius:0px; '><section class=\"av_textblock_section \"  itemscope=\"itemscope\" itemtype=\"https:\/\/schema.org\/BlogPosting\" itemprop=\"blogPost\" ><div class='avia_textblock  '   itemprop=\"text\" ><p style=\"text-align: justify;\">A partir del 2021 a nivel nacional, y desde el 2019 en la Patagonia aisenina, la agencia FIA del Minagri, la Organizaci\u00f3n de las Naciones Unidas para la Alimentaci\u00f3n y la Agricultura (FAO) y la Subsecretar\u00eda de Ciencias reconocen a mujeres innovadoras del sector agropecuario de acuerdo con el programa Red MAI. En 2024, 32 mujeres fueron destacadas, de las cuales 2 pertenecen a la regi\u00f3n de Ays\u00e9n.<\/p>\n<p style=\"text-align: justify;\">El objetivo de la iniciativa es impulsar el reconocimiento de m\u00e1s mujeres por su aporte al agro, fomentando su participaci\u00f3n en la innovaci\u00f3n del sector silvoagropecuario, destacando su talento y fortaleciendo su integraci\u00f3n en el ecosistema agroalimentario.<\/p>\n<p style=\"text-align: justify;\">Para ello se encuentra la categor\u00eda\u00a0<em>Agricultora \u2013 Emprendedora<\/em>, destinada para aquellas que realizan actividades vinculadas al sector silvoagropecuario y la cadena agroalimentaria, destac\u00e1ndose por su innovaci\u00f3n, liderazgo y contribuci\u00f3n al desarrollo sostenible. Adicionalmente, est\u00e1 la categor\u00eda\u00a0<em>Acad\u00e9mica \u2013 Investigadora<\/em>, enfocada en quienes destacan por su liderazgo en proyectos, difusi\u00f3n de conocimiento, formaci\u00f3n de personas y fomento al emprendimiento o asociatividad.<\/p>\n<p style=\"text-align: justify;\">Ante el positivo reconocimiento, el seremi de Agricultura, Eugenio Ruiz Espinoza, expres\u00f3 que \u00abestamos muy contentos y orgullosos que por tercera vez consecutiva y de la mano con FIA Ays\u00e9n, en nuestra regi\u00f3n podamos destacar y reconocer a una dupla de mujeres agroinnovadoras. Esto nos permite resaltar el fundamental rol de las mujeres en los procesos silvoagropecuarios de la Patagonia, una regi\u00f3n caracterizada por sus desafiantes condiciones clim\u00e1ticas y muy destacados rubros\u00bb.<\/p>\n<p style=\"text-align: justify;\">\u00abLa agroecolog\u00eda y el mejoramiento gen\u00e9tico con impacto directo en los sistemas productivos son \u00e1reas que tambi\u00e9n lideran las mujeres patagonas, quienes demuestran estar a la vanguardia y representan un valioso aporte al desarrollo de nuestro sector\u00bb, destac\u00f3 Ruiz.<\/p>\n<p style=\"text-align: justify;\">Por su parte, la representante regional de FIA en Ays\u00e9n, Deysi Rubilar Vel\u00e1squez, destac\u00f3 el liderazgo e impacto transformador de las mujeres en el agro chileno, y agreg\u00f3 que \u00abfelicito a las mujeres que con determinaci\u00f3n y pasi\u00f3n impulsan el progreso del agro para un desarrollo sostenible, adem\u00e1s de generar diversas formas y acciones que prometen ser importantes alternativas agr\u00edcolas para el futuro. La Red MAI permite, adem\u00e1s, ser un espacio para inspirar a futuras generaciones y eso es lo que estamos consolidando paso a paso en la regi\u00f3n de Ays\u00e9n\u00bb.<\/p>\n<p style=\"text-align: justify;\"><strong>\u00bfQui\u00e9nes son las destacadas por la Red MAI en 2024?<\/strong><\/p>\n<p style=\"text-align: justify;\"><em>En la categor\u00eda Agricultora \u2013 Emprendedora, Nicole Reyes Batlle<\/em><\/p>\n<p style=\"text-align: justify;\">Desde ni\u00f1a gozaba estar en el campo, rodeada de naturaleza y animales. Tras terminar sus estudios, regres\u00f3 a Chile Chico con el deseo de cambiar la realidad de su comunidad, donde la contaminaci\u00f3n y el uso de qu\u00edmicos en la agricultura da\u00f1aban la salud y el entorno. Cre\u00f3 un huerto biointensivo agroecol\u00f3gico, \u00abHuerto R\u00edo Jeinimeni\u00bb, que ofrece una experiencia \u00fanica de voluntariado en agricultura regenerativa con el objetivo de desarrollar sistemas alimentarios sostenibles y resilientes.<\/p>\n<p style=\"text-align: justify;\"><em>En la categor\u00eda Acad\u00e9mica \u2013 Investigadora, Marilyn Tapia Montes<\/em><\/p>\n<p style=\"text-align: justify;\">M\u00e9dica Veterinaria e Investigadora en el Instituto de Investigaciones Agropecuarias (INIA) Tamel Aike<strong>.\u00a0<\/strong>Especialista en transferencia tecnol\u00f3gica y desarrollo agropecuario, ha dedicado su carrera a impulsar sistemas productivos en sectores tradicionalmente dominados por hombres. Su trayectoria abarca desde la producci\u00f3n agropecuaria hasta la agregaci\u00f3n de valor industrial y la investigaci\u00f3n aplicada.<\/p>\n<p style=\"text-align: justify;\">En la Patagonia de Ays\u00e9n, ha liderado proyectos demostrativos y de evaluaci\u00f3n en sistemas intensivos de producci\u00f3n ovina y bovina, poniendo \u00e9nfasis en la sostenibilidad y la eficiencia productiva. Su enfoque se centra en implementar herramientas de desarrollo y mejoramiento gen\u00e9tico que impacten significativamente en los sistemas productivos. Esto permite optimizar los tiempos de avance vinculados a los ciclos biol\u00f3gicos y mantener los costos dentro de m\u00e1rgenes accesibles para los productores, promoviendo as\u00ed el progreso integral de la regi\u00f3n en esta materia.<\/p>\n<p style=\"text-align: justify;\">Las respectivas premiaciones se realizar\u00e1n a partir de abril de 2025<strong>.<\/strong><\/p>\n<\/div><\/section><\/div><div  style='height:50px' class='hr hr-invisible   avia-builder-el-6  el_after_av_one_full  el_before_av_social_share '><span class='hr-inner ' ><span class='hr-inner-style'><\/span><\/span><\/div><\/p>\n<div  class='av-social-sharing-box  avia-builder-el-7  el_after_av_hr  el_before_av_hr  '><div class='av-share-box'><h5 class='av-share-link-description av-no-toc '>Compartir esta noticia<\/h5><ul class='av-share-box-list noLightbox'><li class='av-share-link av-social-link-facebook' ><a target=\"_blank\" aria-label=\"Compartir en Facebook\" href='https:\/\/www.facebook.com\/sharer.php?u=https:\/\/radiorevelacionfm.cl\/?p=50310&#038;t=FIA%20reconoce%20por%20tercer%20a%C3%B1o%20consecutivo%20a%20mujeres%20en%20Ays%C3%A9n%20l%C3%ADderes%20en%20agroinnovaci%C3%B3n' aria-hidden='false' data-av_icon='\ue8f3' data-av_iconfont='entypo-fontello' title='' data-avia-related-tooltip='Compartir en Facebook' rel=\"noopener\"><span class='avia_hidden_link_text'>Compartir en Facebook<\/span><\/a><\/li><li class='av-share-link av-social-link-twitter' ><a target=\"_blank\" aria-label=\"Compartir en Twitter\" href='https:\/\/twitter.com\/share?text=FIA%20reconoce%20por%20tercer%20a%C3%B1o%20consecutivo%20a%20mujeres%20en%20Ays%C3%A9n%20l%C3%ADderes%20en%20agroinnovaci%C3%B3n&#038;url=https:\/\/radiorevelacionfm.cl\/?p=50310' aria-hidden='false' data-av_icon='\ue8f1' data-av_iconfont='entypo-fontello' title='' data-avia-related-tooltip='Compartir en Twitter' rel=\"noopener\"><span class='avia_hidden_link_text'>Compartir en Twitter<\/span><\/a><\/li><li class='av-share-link av-social-link-whatsapp' ><a target=\"_blank\" aria-label=\"Compartir en Whatsapp\" href='https:\/\/api.whatsapp.com\/send?text=https:\/\/radiorevelacionfm.cl\/?p=50310' aria-hidden='false' data-av_icon='\uf232' data-av_iconfont='entypo-fontello' title='' data-avia-related-tooltip='Compartir en Whatsapp' rel=\"noopener\"><span class='avia_hidden_link_text'>Compartir en Whatsapp<\/span><\/a><\/li><li class='av-share-link av-social-link-linkedin' ><a target=\"_blank\" aria-label=\"Compartir en LinkedIn\" href='https:\/\/linkedin.com\/shareArticle?mini=true&#038;title=FIA%20reconoce%20por%20tercer%20a%C3%B1o%20consecutivo%20a%20mujeres%20en%20Ays%C3%A9n%20l%C3%ADderes%20en%20agroinnovaci%C3%B3n&#038;url=https:\/\/radiorevelacionfm.cl\/?p=50310' aria-hidden='false' data-av_icon='\ue8fc' data-av_iconfont='entypo-fontello' title='' data-avia-related-tooltip='Compartir en LinkedIn' rel=\"noopener\"><span class='avia_hidden_link_text'>Compartir en LinkedIn<\/span><\/a><\/li><li class='av-share-link av-social-link-mail' ><a  aria-label=\"Compartir por correo\" href='mailto:?subject=FIA%20reconoce%20por%20tercer%20a%C3%B1o%20consecutivo%20a%20mujeres%20en%20Ays%C3%A9n%20l%C3%ADderes%20en%20agroinnovaci%C3%B3n&#038;body=https:\/\/radiorevelacionfm.cl\/?p=50310' aria-hidden='false' data-av_icon='\ue805' data-av_iconfont='entypo-fontello' title='' data-avia-related-tooltip='Compartir por correo'><span class='avia_hidden_link_text'>Compartir por correo<\/span><\/a><\/li><\/ul><\/div><\/div>\n<div  style='height:50px' class='hr hr-invisible   avia-builder-el-8  el_after_av_social_share  el_before_av_comments_list '><span class='hr-inner ' ><span class='hr-inner-style'><\/span><\/span><\/div>\n<div  class='av-buildercomment  av-blog-meta-html-info-disabled av-blog-meta-tag-disabled  '><\/div>\n","protected":false},"excerpt":{"rendered":"","protected":false},"author":1,"featured_media":50311,"comment_status":"open","ping_status":"open","sticky":false,"template":"","format":"standard","meta":{"footnotes":""},"categories":[58],"tags":[],"class_list":["post-50310","post","type-post","status-publish","format-standard","has-post-thumbnail","hentry","category-agricultura"],"jetpack_featured_media_url":"https:\/\/radiorevelacionfm.cl\/wp-content\/uploads\/2025\/02\/premiadas-red-mai-aysen-2024-1_optimized.jpg","_links":{"self":[{"href":"https:\/\/radiorevelacionfm.cl\/index.php?rest_route=\/wp\/v2\/posts\/50310","targetHints":{"allow":["GET"]}}],"collection":[{"href":"https:\/\/radiorevelacionfm.cl\/index.php?rest_route=\/wp\/v2\/posts"}],"about":[{"href":"https:\/\/radiorevelacionfm.cl\/index.php?rest_route=\/wp\/v2\/types\/post"}],"author":[{"embeddable":true,"href":"https:\/\/radiorevelacionfm.cl\/index.php?rest_route=\/wp\/v2\/users\/1"}],"replies":[{"embeddable":true,"href":"https:\/\/radiorevelacionfm.cl\/index.php?rest_route=%2Fwp%2Fv2%2Fcomments&post=50310"}],"version-history":[{"count":1,"href":"https:\/\/radiorevelacionfm.cl\/index.php?rest_route=\/wp\/v2\/posts\/50310\/revisions"}],"predecessor-version":[{"id":50312,"href":"https:\/\/radiorevelacionfm.cl\/index.php?rest_route=\/wp\/v2\/posts\/50310\/revisions\/50312"}],"wp:featuredmedia":[{"embeddable":true,"href":"https:\/\/radiorevelacionfm.cl\/index.php?rest_route=\/wp\/v2\/media\/50311"}],"wp:attachment":[{"href":"https:\/\/radiorevelacionfm.cl\/index.php?rest_route=%2Fwp%2Fv2%2Fmedia&parent=50310"}],"wp:term":[{"taxonomy":"category","embeddable":true,"href":"https:\/\/radiorevelacionfm.cl\/index.php?rest_route=%2Fwp%2Fv2%2Fcategories&post=50310"},{"taxonomy":"post_tag","embeddable":true,"href":"https:\/\/radiorevelacionfm.cl\/index.php?rest_route=%2Fwp%2Fv2%2Ftags&post=50310"}],"curies":[{"name":"wp","href":"https:\/\/api.w.org\/{rel}","templated":true}]}}