{"id":50307,"date":"2025-02-04T21:44:02","date_gmt":"2025-02-05T00:44:02","guid":{"rendered":"https:\/\/radiorevelacionfm.cl\/?p=50307"},"modified":"2025-02-04T21:44:02","modified_gmt":"2025-02-05T00:44:02","slug":"mas-de-25-mujeres-participaron-de-exitosa-segunda-edicion-de-patagonas-al-agua-en-aysen","status":"publish","type":"post","link":"https:\/\/radiorevelacionfm.cl\/?p=50307","title":{"rendered":"M\u00e1s de 25 mujeres participaron de exitosa segunda edici\u00f3n de \u00abPatagonas al Agua\u00bb en Ays\u00e9n"},"content":{"rendered":"<div class=\"flex_column av_one_full  flex_column_div av-zero-column-padding first  avia-builder-el-0  el_before_av_one_full  avia-builder-el-first  \" style='border-radius:0px; '><div  class='avia-image-container  av-styling-    avia-builder-el-1  avia-builder-el-no-sibling  avia-align-center '  itemprop=\"image\" itemscope=\"itemscope\" itemtype=\"https:\/\/schema.org\/ImageObject\"  ><div class='avia-image-container-inner'><div class='avia-image-overlay-wrap'><img decoding=\"async\" class='wp-image-50308 avia-img-lazy-loading-not-50308 avia_image' src=\"https:\/\/radiorevelacionfm.cl\/wp-content\/uploads\/2025\/02\/patagonas-al-agua-2_optimized_optimized.-jpg-1-1.jpg\" alt='' title='patagonas-al-agua-2_optimized_optimized.-jpg-(1)-(1)' height=\"600\" width=\"904\"  itemprop=\"thumbnailUrl\" srcset=\"https:\/\/radiorevelacionfm.cl\/wp-content\/uploads\/2025\/02\/patagonas-al-agua-2_optimized_optimized.-jpg-1-1.jpg 904w, https:\/\/radiorevelacionfm.cl\/wp-content\/uploads\/2025\/02\/patagonas-al-agua-2_optimized_optimized.-jpg-1-1-300x199.jpg 300w, https:\/\/radiorevelacionfm.cl\/wp-content\/uploads\/2025\/02\/patagonas-al-agua-2_optimized_optimized.-jpg-1-1-768x510.jpg 768w, https:\/\/radiorevelacionfm.cl\/wp-content\/uploads\/2025\/02\/patagonas-al-agua-2_optimized_optimized.-jpg-1-1-705x468.jpg 705w, https:\/\/radiorevelacionfm.cl\/wp-content\/uploads\/2025\/02\/patagonas-al-agua-2_optimized_optimized.-jpg-1-1-450x299.jpg 450w, https:\/\/radiorevelacionfm.cl\/wp-content\/uploads\/2025\/02\/patagonas-al-agua-2_optimized_optimized.-jpg-1-1-600x398.jpg 600w\" sizes=\"(max-width: 904px) 100vw, 904px\" \/><\/div><\/div><\/div><\/div><div class=\"flex_column av_one_full  flex_column_div av-zero-column-padding first  avia-builder-el-2  el_after_av_one_full  el_before_av_one_full  column-top-margin\" style='border-radius:0px; '><section class=\"av_textblock_section \"  itemscope=\"itemscope\" itemtype=\"https:\/\/schema.org\/BlogPosting\" itemprop=\"blogPost\" ><div class='avia_textblock  '   itemprop=\"text\" ><p style=\"text-align: center;\"><strong><span style=\"font-size: 18pt;\">M\u00e1s de 25 mujeres participaron de exitosa segunda edici\u00f3n de \u00abPatagonas al Agua\u00bb en Ays\u00e9n<\/span><\/strong><\/p>\n<div id=\"gtx-trans\" style=\"position: absolute; left: -50px; top: 4.31534px;\">\n<div class=\"gtx-trans-icon\"><\/div>\n<\/div>\n<\/div><\/section><\/div><div class=\"flex_column av_one_full  flex_column_div av-zero-column-padding first  avia-builder-el-4  el_after_av_one_full  el_before_av_hr  column-top-margin\" style='border-radius:0px; '><section class=\"av_textblock_section \"  itemscope=\"itemscope\" itemtype=\"https:\/\/schema.org\/BlogPosting\" itemprop=\"blogPost\" ><div class='avia_textblock  '   itemprop=\"text\" ><p class=\"v1MsoNormal\" style=\"text-align: justify;\"><i>M\u00e1s de 25 mujeres de entre los 8 y 63 a\u00f1os participaron del encuentro de nado femenino en aguas abiertas, quienes fueron acompa\u00f1adas por la reconocida triatleta regional, Vanesa Garrido, y cont\u00f3 con el apoyo de la Municipalidad de Puerto Ays\u00e9n, la Corporaci\u00f3n de Deporte, la Capitan\u00eda de Puerto y la Gobernaci\u00f3n Mar\u00edtima.<\/i><\/p>\n<p class=\"v1MsoNormal\" style=\"text-align: justify;\">Con gran entusiasmo, el pasado domingo 26 de enero casi una treintena de mujeres dieron vida a la segunda versi\u00f3n de \u00abPatagonas al Agua\u00bb, consolid\u00e1ndose como un evento deportivo y social clave para la comuna de Ays\u00e9n. La actividad, organizada por AquaChile, cont\u00f3 con el apoyo de la Ilustre Municipalidad de Puerto Ays\u00e9n, la Corporaci\u00f3n de Deporte, la Capitan\u00eda de Puerto y la Gobernaci\u00f3n Mar\u00edtima, permitiendo que la iniciativa tuviera todas las medidas necesarias para asegurar su \u00e9xito.<\/p>\n<p class=\"v1MsoNormal\" style=\"text-align: justify;\">La jornada estuvo marcada por la participaci\u00f3n de mujeres de entre los 8 y 63 a\u00f1os, destacando la participaci\u00f3n de las organizaciones Orcas de Puerto Ays\u00e9n, Patagones Kids de Puerto Chacabuco y de la reconocida triatleta regional, Vanesa Garrido. \u00abFue una experiencia \u00fanica donde pudimos disfrutar de poder nadar en aguas abiertas, pude acompa\u00f1ar a las personas que tienen menos experiencia en el agua, liderando la traves\u00eda, lo que es s\u00faper emotivo, porque las mujeres se sienten super bien, todas terminaron felices y al final estas instancias sirven para motivar el deporte, para estar cerca de la naturaleza y de nuestro mar\u00bb, destac\u00f3 la destacada triatleta regional que fue reconocida por su clasificaci\u00f3n a dos mundiales de triatl\u00f3n en el \u00faltimo a\u00f1o.<\/p>\n<p class=\"v1MsoNormal\" style=\"text-align: justify;\">Karina Navia, participante del encuentro de nado en aguas abiertas que estuvo marcado por una intensa lluvia y bajas temperaturas, coment\u00f3 que \u00abes el segundo a\u00f1o que vengo, me gusta compartir con las dem\u00e1s mujeres que vienen, de todas las edades. El poder compartir en el agua y vivir momentos inolvidables, porque ac\u00e1 en la patagonia no tenemos tantos d\u00edas bonitos como para entrar al agua y esta instancia se da para disfrutar.\u00bb Para Paulina Fuentes, otra de las participantes, \u00abla motivaci\u00f3n de las mujeres me parece muy bien, porque sirve para todo, sirve para tener mejor salud, para sacarse el estr\u00e9s, para divertirse, compartir con otras mujeres y eso es muy importante\u00bb.<\/p>\n<p class=\"v1MsoNormal\" style=\"text-align: justify;\">El alcalde de la comuna de Puerto Ays\u00e9n, Luis Mart\u00ednez, asegur\u00f3 estar \u00abcontento de que podamos hacer estas alianzas p\u00fablico-privadas que a veces son dif\u00edciles de hacer, pero nosotros no tenemos miedo de que las cosas pasen de la forma que sea. Hoy d\u00eda estamos felices con las aiseninas que vinieron a nadar\u00bb.<\/p>\n<p class=\"v1MsoNormal\" style=\"text-align: justify;\">Asimismo, el Gobernador Mar\u00edtimo de Ays\u00e9n, Octavio Valenzuela, se\u00f1al\u00f3 que \u00abcomo instituci\u00f3n estamos muy prestos a poder cooperar, siempre con medidas de seguridad y fomentar todas las actividades n\u00e1uticas que conlleva hacer el uso del mar, que tiene m\u00faltiples usos\u00bb.<\/p>\n<p class=\"v1MsoNormal\" style=\"text-align: justify;\">El \u00e9xito de esta segunda edici\u00f3n de \u00abPatagonas al Agua\u00bb refuerza el compromiso de AquaChile y las entidades colaboradoras con el fomento del deporte, la integraci\u00f3n comunitaria y el empoderamiento femenino. \u00abEsta segunda versi\u00f3n de Patagonas al Agua estuvo marcada por un alto inter\u00e9s de mujeres de todas las edades, quienes valoraron el v\u00ednculo que generamos con el deporte y la naturaleza en torno al mar, y esto nos desaf\u00eda a seguir impulsando iniciativas que generen valor a nuestras comunidades\u00bb, coment\u00f3 Ximena Sol\u00eds, jefa de Relaciones Comunitarias de AquaChile en Ays\u00e9n.<\/p>\n<\/div><\/section><\/div><div  style='height:50px' class='hr hr-invisible   avia-builder-el-6  el_after_av_one_full  el_before_av_social_share '><span class='hr-inner ' ><span class='hr-inner-style'><\/span><\/span><\/div><\/p>\n<div  class='av-social-sharing-box  avia-builder-el-7  el_after_av_hr  el_before_av_hr  '><div class='av-share-box'><h5 class='av-share-link-description av-no-toc '>Compartir esta noticia<\/h5><ul class='av-share-box-list noLightbox'><li class='av-share-link av-social-link-facebook' ><a target=\"_blank\" aria-label=\"Compartir en Facebook\" href='https:\/\/www.facebook.com\/sharer.php?u=https:\/\/radiorevelacionfm.cl\/?p=50307&#038;t=M%C3%A1s%20de%2025%20mujeres%20participaron%20de%20exitosa%20segunda%20edici%C3%B3n%20de%20%C2%ABPatagonas%20al%20Agua%C2%BB%20en%20Ays%C3%A9n' aria-hidden='false' data-av_icon='\ue8f3' data-av_iconfont='entypo-fontello' title='' data-avia-related-tooltip='Compartir en Facebook' rel=\"noopener\"><span class='avia_hidden_link_text'>Compartir en Facebook<\/span><\/a><\/li><li class='av-share-link av-social-link-twitter' ><a target=\"_blank\" aria-label=\"Compartir en Twitter\" href='https:\/\/twitter.com\/share?text=M%C3%A1s%20de%2025%20mujeres%20participaron%20de%20exitosa%20segunda%20edici%C3%B3n%20de%20%C2%ABPatagonas%20al%20Agua%C2%BB%20en%20Ays%C3%A9n&#038;url=https:\/\/radiorevelacionfm.cl\/?p=50307' aria-hidden='false' data-av_icon='\ue8f1' data-av_iconfont='entypo-fontello' title='' data-avia-related-tooltip='Compartir en Twitter' rel=\"noopener\"><span class='avia_hidden_link_text'>Compartir en Twitter<\/span><\/a><\/li><li class='av-share-link av-social-link-whatsapp' ><a target=\"_blank\" aria-label=\"Compartir en Whatsapp\" href='https:\/\/api.whatsapp.com\/send?text=https:\/\/radiorevelacionfm.cl\/?p=50307' aria-hidden='false' data-av_icon='\uf232' data-av_iconfont='entypo-fontello' title='' data-avia-related-tooltip='Compartir en Whatsapp' rel=\"noopener\"><span class='avia_hidden_link_text'>Compartir en Whatsapp<\/span><\/a><\/li><li class='av-share-link av-social-link-linkedin' ><a target=\"_blank\" aria-label=\"Compartir en LinkedIn\" href='https:\/\/linkedin.com\/shareArticle?mini=true&#038;title=M%C3%A1s%20de%2025%20mujeres%20participaron%20de%20exitosa%20segunda%20edici%C3%B3n%20de%20%C2%ABPatagonas%20al%20Agua%C2%BB%20en%20Ays%C3%A9n&#038;url=https:\/\/radiorevelacionfm.cl\/?p=50307' aria-hidden='false' data-av_icon='\ue8fc' data-av_iconfont='entypo-fontello' title='' data-avia-related-tooltip='Compartir en LinkedIn' rel=\"noopener\"><span class='avia_hidden_link_text'>Compartir en LinkedIn<\/span><\/a><\/li><li class='av-share-link av-social-link-mail' ><a  aria-label=\"Compartir por correo\" href='mailto:?subject=M%C3%A1s%20de%2025%20mujeres%20participaron%20de%20exitosa%20segunda%20edici%C3%B3n%20de%20%C2%ABPatagonas%20al%20Agua%C2%BB%20en%20Ays%C3%A9n&#038;body=https:\/\/radiorevelacionfm.cl\/?p=50307' aria-hidden='false' data-av_icon='\ue805' data-av_iconfont='entypo-fontello' title='' data-avia-related-tooltip='Compartir por correo'><span class='avia_hidden_link_text'>Compartir por correo<\/span><\/a><\/li><\/ul><\/div><\/div>\n<div  style='height:50px' class='hr hr-invisible   avia-builder-el-8  el_after_av_social_share  el_before_av_comments_list '><span class='hr-inner ' ><span class='hr-inner-style'><\/span><\/span><\/div>\n<div  class='av-buildercomment  av-blog-meta-html-info-disabled av-blog-meta-tag-disabled  '><\/div>\n","protected":false},"excerpt":{"rendered":"","protected":false},"author":1,"featured_media":50308,"comment_status":"open","ping_status":"open","sticky":false,"template":"","format":"standard","meta":{"footnotes":""},"categories":[38],"tags":[],"class_list":["post-50307","post","type-post","status-publish","format-standard","has-post-thumbnail","hentry","category-regional"],"jetpack_featured_media_url":"https:\/\/radiorevelacionfm.cl\/wp-content\/uploads\/2025\/02\/patagonas-al-agua-2_optimized_optimized.-jpg-1-1.jpg","_links":{"self":[{"href":"https:\/\/radiorevelacionfm.cl\/index.php?rest_route=\/wp\/v2\/posts\/50307","targetHints":{"allow":["GET"]}}],"collection":[{"href":"https:\/\/radiorevelacionfm.cl\/index.php?rest_route=\/wp\/v2\/posts"}],"about":[{"href":"https:\/\/radiorevelacionfm.cl\/index.php?rest_route=\/wp\/v2\/types\/post"}],"author":[{"embeddable":true,"href":"https:\/\/radiorevelacionfm.cl\/index.php?rest_route=\/wp\/v2\/users\/1"}],"replies":[{"embeddable":true,"href":"https:\/\/radiorevelacionfm.cl\/index.php?rest_route=%2Fwp%2Fv2%2Fcomments&post=50307"}],"version-history":[{"count":1,"href":"https:\/\/radiorevelacionfm.cl\/index.php?rest_route=\/wp\/v2\/posts\/50307\/revisions"}],"predecessor-version":[{"id":50309,"href":"https:\/\/radiorevelacionfm.cl\/index.php?rest_route=\/wp\/v2\/posts\/50307\/revisions\/50309"}],"wp:featuredmedia":[{"embeddable":true,"href":"https:\/\/radiorevelacionfm.cl\/index.php?rest_route=\/wp\/v2\/media\/50308"}],"wp:attachment":[{"href":"https:\/\/radiorevelacionfm.cl\/index.php?rest_route=%2Fwp%2Fv2%2Fmedia&parent=50307"}],"wp:term":[{"taxonomy":"category","embeddable":true,"href":"https:\/\/radiorevelacionfm.cl\/index.php?rest_route=%2Fwp%2Fv2%2Fcategories&post=50307"},{"taxonomy":"post_tag","embeddable":true,"href":"https:\/\/radiorevelacionfm.cl\/index.php?rest_route=%2Fwp%2Fv2%2Ftags&post=50307"}],"curies":[{"name":"wp","href":"https:\/\/api.w.org\/{rel}","templated":true}]}}