{"id":50304,"date":"2025-02-04T18:29:22","date_gmt":"2025-02-04T21:29:22","guid":{"rendered":"https:\/\/radiorevelacionfm.cl\/?p=50304"},"modified":"2025-02-04T18:29:22","modified_gmt":"2025-02-04T21:29:22","slug":"nuevas-viviendas-rurales-transforman-la-vida-de-familias-en-la-comuna-de-cisnes","status":"publish","type":"post","link":"https:\/\/radiorevelacionfm.cl\/?p=50304","title":{"rendered":"Nuevas viviendas rurales transforman la vida de familias en la comuna de Cisnes"},"content":{"rendered":"<div class=\"flex_column av_one_full  flex_column_div av-zero-column-padding first  avia-builder-el-0  el_before_av_one_full  avia-builder-el-first  \" style='border-radius:0px; '><div  class='avia-image-container  av-styling-    avia-builder-el-1  avia-builder-el-no-sibling  avia-align-center '  itemprop=\"image\" itemscope=\"itemscope\" itemtype=\"https:\/\/schema.org\/ImageObject\"  ><div class='avia-image-container-inner'><div class='avia-image-overlay-wrap'><img decoding=\"async\" class='wp-image-50305 avia-img-lazy-loading-not-50305 avia_image' src=\"https:\/\/radiorevelacionfm.cl\/wp-content\/uploads\/2025\/02\/Visita-Seremi-comuna-de-Cisnes-4-1-1.jpeg\" alt='' title='Visita Seremi comuna de Cisnes 4 (1) (1)' height=\"600\" width=\"800\"  itemprop=\"thumbnailUrl\" srcset=\"https:\/\/radiorevelacionfm.cl\/wp-content\/uploads\/2025\/02\/Visita-Seremi-comuna-de-Cisnes-4-1-1.jpeg 800w, https:\/\/radiorevelacionfm.cl\/wp-content\/uploads\/2025\/02\/Visita-Seremi-comuna-de-Cisnes-4-1-1-300x225.jpeg 300w, https:\/\/radiorevelacionfm.cl\/wp-content\/uploads\/2025\/02\/Visita-Seremi-comuna-de-Cisnes-4-1-1-768x576.jpeg 768w, https:\/\/radiorevelacionfm.cl\/wp-content\/uploads\/2025\/02\/Visita-Seremi-comuna-de-Cisnes-4-1-1-705x529.jpeg 705w, https:\/\/radiorevelacionfm.cl\/wp-content\/uploads\/2025\/02\/Visita-Seremi-comuna-de-Cisnes-4-1-1-450x338.jpeg 450w, https:\/\/radiorevelacionfm.cl\/wp-content\/uploads\/2025\/02\/Visita-Seremi-comuna-de-Cisnes-4-1-1-600x450.jpeg 600w\" sizes=\"(max-width: 800px) 100vw, 800px\" \/><\/div><\/div><\/div><\/div><div class=\"flex_column av_one_full  flex_column_div av-zero-column-padding first  avia-builder-el-2  el_after_av_one_full  el_before_av_one_full  column-top-margin\" style='border-radius:0px; '><section class=\"av_textblock_section \"  itemscope=\"itemscope\" itemtype=\"https:\/\/schema.org\/BlogPosting\" itemprop=\"blogPost\" ><div class='avia_textblock  '   itemprop=\"text\" ><p style=\"text-align: center;\"><strong><span style=\"font-size: 18pt;\">Nuevas viviendas rurales transforman la vida de familias en la comuna de Cisnes<\/span><\/strong><\/p>\n<div id=\"gtx-trans\" style=\"position: absolute; left: -50px; top: 4.31534px;\">\n<div class=\"gtx-trans-icon\"><\/div>\n<\/div>\n<\/div><\/section><\/div><div class=\"flex_column av_one_full  flex_column_div av-zero-column-padding first  avia-builder-el-4  el_after_av_one_full  el_before_av_hr  column-top-margin\" style='border-radius:0px; '><section class=\"av_textblock_section \"  itemscope=\"itemscope\" itemtype=\"https:\/\/schema.org\/BlogPosting\" itemprop=\"blogPost\" ><div class='avia_textblock  '   itemprop=\"text\" ><p style=\"text-align: justify;\">El anhelo de una vivienda propia se ha hecho realidad para familias de <strong>La Junta, Puyuhuapi y Puerto Ra\u00fal Mar\u00edn Balmaceda<\/strong>, gracias al <strong>Programa de Habitabilidad Rural (D.S. N\u00b010)<\/strong>. Este programa no solo busca reducir el d\u00e9ficit habitacional en zonas apartadas, sino tambi\u00e9n fortalecer el arraigo y mejorar la calidad de vida de las familias en la regi\u00f3n de Ays\u00e9n.<\/p>\n<p style=\"text-align: justify;\">En <strong>La Junta<\/strong>, cinco familias han recibido viviendas de <strong>50,36 m\u00b2<\/strong>, con una inversi\u00f3n total de aproximadamente <strong>$52 millones de pesos<\/strong>. Estas casas, dise\u00f1adas para enfrentar las condiciones clim\u00e1ticas locales, ofrecen espacios seguros y confortables para sus nuevos habitantes.<\/p>\n<p style=\"text-align: justify;\">En <strong>Puyuhuapi<\/strong>, dos familias han sido beneficiadas con viviendas de <strong>65,45 m\u00b2<\/strong>, con una inversi\u00f3n cercana a <strong>$65 millones de pesos<\/strong>. Estos nuevos hogares representan un cambio significativo en la calidad de vida de sus residentes, brind\u00e1ndoles un espacio adecuado para su desarrollo y bienestar.<\/p>\n<p style=\"text-align: justify;\">En <strong>Puerto Ra\u00fal Mar\u00edn Balmaceda<\/strong>, la entrega de viviendas marca un <strong>hito hist\u00f3rico<\/strong> para la localidad. Por primera vez, familias han podido acceder a una soluci\u00f3n habitacional bajo el programa de Habitabilidad Rural, adaptado a las condiciones geogr\u00e1ficas y clim\u00e1ticas del sector. Las dos viviendas entregadas, con superficies de <strong>52,35 y 63,15 m\u00b2<\/strong>, representaron una inversi\u00f3n total que supera los <strong>$177 millones de pesos<\/strong>. Este logro refuerza el compromiso del Gobierno con las familias que habitan en sectores aislados, garantizando viviendas dignas y construidas con los m\u00e1s altos est\u00e1ndares de calidad y eficiencia energ\u00e9tica.<\/p>\n<p style=\"text-align: justify;\">La Seremi de Vivienda y Urbanismo, <strong>Paulina Ruz<\/strong>, destac\u00f3 la importancia de esta entrega:<\/p>\n<p style=\"text-align: justify;\"><em>\u00abDurante la semana hicimos una gira hasta la comuna de Cisnes, traslad\u00e1ndonos hasta las localidades de Puyuhuapi, La Junta y Puerto Ra\u00fal Mar\u00edn Balmaceda, donde entregamos sus casas propias definitivas a familias de estas localidades como parte del programa de Habitabilidad Rural, m\u00e1s conocido como DS 10. Ver los rostros de emoci\u00f3n de las familias nos motiva a seguir entregando estas soluciones habitacionales y cumplir estos compromisos.\u00bb<\/em>\u200b<\/p>\n<p style=\"text-align: justify;\">Adem\u00e1s, la autoridad enfatiz\u00f3 el impacto de estos avances en el Plan de Emergencia Habitacional:<\/p>\n<p style=\"text-align: justify;\"><em>\u00abAl d\u00eda de hoy podemos se\u00f1alar que estas viviendas forman parte del Plan de Emergencia Habitacional, el cual ya alcanza m\u00e1s del 90% de avance en la regi\u00f3n. Esto demuestra que el acceso a la vivienda no solo se logra a trav\u00e9s de un comit\u00e9 habitacional o del DS 49, sino que el Programa de Habitabilidad Rural es una soluci\u00f3n concreta y efectiva, especialmente para quienes viven en zonas aisladas y requieren viviendas con pertinencia territorial.\u00bb<\/em>\u200b<\/p>\n<p style=\"text-align: justify;\">Desde la comunidad, <strong>Bernarda Ferreira<\/strong>, beneficiaria de Puerto Ra\u00fal Mar\u00edn Balmaceda, expres\u00f3 su emoci\u00f3n por este hito en su vida y la de su familia:<\/p>\n<p style=\"text-align: justify;\"><em>\u00abRecibir mi casa propia es un sue\u00f1o cumplido. Estoy feliz y muy agradecida de todas las autoridades que hicieron esto posible. Ha sido un d\u00eda muy emocionante, sobre todo por mis peque\u00f1os. Ahora vivimos en nuestro hogar y eso nos llena de alegr\u00eda.\u00bb<\/em>\u200b<\/p>\n<p style=\"text-align: justify;\">Este avance reafirma el compromiso del Gobierno con las familias de la regi\u00f3n, asegurando que cada hogar construido cuente con altos est\u00e1ndares de calidad, aislamiento t\u00e9rmico y eficiencia energ\u00e9tica. Con estos proyectos, no solo se entregan viviendas, sino tambi\u00e9n oportunidades de desarrollo y bienestar para las comunidades.<\/p>\n<p style=\"text-align: justify;\">El desarrollo de estos proyectos subraya la importancia de la inversi\u00f3n p\u00fablica en vivienda rural y el trabajo colaborativo con los municipios, permitiendo que m\u00e1s familias de Ays\u00e9n accedan a una casa propia, fortaleciendo el tejido social y comunitario en la regi\u00f3n.<\/p>\n<\/div><\/section><\/div><div  style='height:50px' class='hr hr-invisible   avia-builder-el-6  el_after_av_one_full  el_before_av_social_share '><span class='hr-inner ' ><span class='hr-inner-style'><\/span><\/span><\/div><\/p>\n<div  class='av-social-sharing-box  avia-builder-el-7  el_after_av_hr  el_before_av_hr  '><div class='av-share-box'><h5 class='av-share-link-description av-no-toc '>Compartir esta noticia<\/h5><ul class='av-share-box-list noLightbox'><li class='av-share-link av-social-link-facebook' ><a target=\"_blank\" aria-label=\"Compartir en Facebook\" href='https:\/\/www.facebook.com\/sharer.php?u=https:\/\/radiorevelacionfm.cl\/?p=50304&#038;t=Nuevas%20viviendas%20rurales%20transforman%20la%20vida%20de%20familias%20en%20la%20comuna%20de%20Cisnes' aria-hidden='false' data-av_icon='\ue8f3' data-av_iconfont='entypo-fontello' title='' data-avia-related-tooltip='Compartir en Facebook' rel=\"noopener\"><span class='avia_hidden_link_text'>Compartir en Facebook<\/span><\/a><\/li><li class='av-share-link av-social-link-twitter' ><a target=\"_blank\" aria-label=\"Compartir en Twitter\" href='https:\/\/twitter.com\/share?text=Nuevas%20viviendas%20rurales%20transforman%20la%20vida%20de%20familias%20en%20la%20comuna%20de%20Cisnes&#038;url=https:\/\/radiorevelacionfm.cl\/?p=50304' aria-hidden='false' data-av_icon='\ue8f1' data-av_iconfont='entypo-fontello' title='' data-avia-related-tooltip='Compartir en Twitter' rel=\"noopener\"><span class='avia_hidden_link_text'>Compartir en Twitter<\/span><\/a><\/li><li class='av-share-link av-social-link-whatsapp' ><a target=\"_blank\" aria-label=\"Compartir en Whatsapp\" href='https:\/\/api.whatsapp.com\/send?text=https:\/\/radiorevelacionfm.cl\/?p=50304' aria-hidden='false' data-av_icon='\uf232' data-av_iconfont='entypo-fontello' title='' data-avia-related-tooltip='Compartir en Whatsapp' rel=\"noopener\"><span class='avia_hidden_link_text'>Compartir en Whatsapp<\/span><\/a><\/li><li class='av-share-link av-social-link-linkedin' ><a target=\"_blank\" aria-label=\"Compartir en LinkedIn\" href='https:\/\/linkedin.com\/shareArticle?mini=true&#038;title=Nuevas%20viviendas%20rurales%20transforman%20la%20vida%20de%20familias%20en%20la%20comuna%20de%20Cisnes&#038;url=https:\/\/radiorevelacionfm.cl\/?p=50304' aria-hidden='false' data-av_icon='\ue8fc' data-av_iconfont='entypo-fontello' title='' data-avia-related-tooltip='Compartir en LinkedIn' rel=\"noopener\"><span class='avia_hidden_link_text'>Compartir en LinkedIn<\/span><\/a><\/li><li class='av-share-link av-social-link-mail' ><a  aria-label=\"Compartir por correo\" href='mailto:?subject=Nuevas%20viviendas%20rurales%20transforman%20la%20vida%20de%20familias%20en%20la%20comuna%20de%20Cisnes&#038;body=https:\/\/radiorevelacionfm.cl\/?p=50304' aria-hidden='false' data-av_icon='\ue805' data-av_iconfont='entypo-fontello' title='' data-avia-related-tooltip='Compartir por correo'><span class='avia_hidden_link_text'>Compartir por correo<\/span><\/a><\/li><\/ul><\/div><\/div>\n<div  style='height:50px' class='hr hr-invisible   avia-builder-el-8  el_after_av_social_share  el_before_av_comments_list '><span class='hr-inner ' ><span class='hr-inner-style'><\/span><\/span><\/div>\n<div  class='av-buildercomment  av-blog-meta-html-info-disabled av-blog-meta-tag-disabled  '><\/div>\n","protected":false},"excerpt":{"rendered":"","protected":false},"author":1,"featured_media":50305,"comment_status":"open","ping_status":"open","sticky":false,"template":"","format":"standard","meta":{"footnotes":""},"categories":[57],"tags":[],"class_list":["post-50304","post","type-post","status-publish","format-standard","has-post-thumbnail","hentry","category-vivienda"],"jetpack_featured_media_url":"https:\/\/radiorevelacionfm.cl\/wp-content\/uploads\/2025\/02\/Visita-Seremi-comuna-de-Cisnes-4-1-1.jpeg","_links":{"self":[{"href":"https:\/\/radiorevelacionfm.cl\/index.php?rest_route=\/wp\/v2\/posts\/50304","targetHints":{"allow":["GET"]}}],"collection":[{"href":"https:\/\/radiorevelacionfm.cl\/index.php?rest_route=\/wp\/v2\/posts"}],"about":[{"href":"https:\/\/radiorevelacionfm.cl\/index.php?rest_route=\/wp\/v2\/types\/post"}],"author":[{"embeddable":true,"href":"https:\/\/radiorevelacionfm.cl\/index.php?rest_route=\/wp\/v2\/users\/1"}],"replies":[{"embeddable":true,"href":"https:\/\/radiorevelacionfm.cl\/index.php?rest_route=%2Fwp%2Fv2%2Fcomments&post=50304"}],"version-history":[{"count":1,"href":"https:\/\/radiorevelacionfm.cl\/index.php?rest_route=\/wp\/v2\/posts\/50304\/revisions"}],"predecessor-version":[{"id":50306,"href":"https:\/\/radiorevelacionfm.cl\/index.php?rest_route=\/wp\/v2\/posts\/50304\/revisions\/50306"}],"wp:featuredmedia":[{"embeddable":true,"href":"https:\/\/radiorevelacionfm.cl\/index.php?rest_route=\/wp\/v2\/media\/50305"}],"wp:attachment":[{"href":"https:\/\/radiorevelacionfm.cl\/index.php?rest_route=%2Fwp%2Fv2%2Fmedia&parent=50304"}],"wp:term":[{"taxonomy":"category","embeddable":true,"href":"https:\/\/radiorevelacionfm.cl\/index.php?rest_route=%2Fwp%2Fv2%2Fcategories&post=50304"},{"taxonomy":"post_tag","embeddable":true,"href":"https:\/\/radiorevelacionfm.cl\/index.php?rest_route=%2Fwp%2Fv2%2Ftags&post=50304"}],"curies":[{"name":"wp","href":"https:\/\/api.w.org\/{rel}","templated":true}]}}