{"id":50294,"date":"2025-02-04T15:15:22","date_gmt":"2025-02-04T18:15:22","guid":{"rendered":"https:\/\/radiorevelacionfm.cl\/?p=50294"},"modified":"2025-02-04T15:15:22","modified_gmt":"2025-02-04T18:15:22","slug":"gabinete-economico-destaca-reactivacion-de-sectores-productivos","status":"publish","type":"post","link":"https:\/\/radiorevelacionfm.cl\/?p=50294","title":{"rendered":"Gabinete Econ\u00f3mico destaca reactivaci\u00f3n de sectores productivos"},"content":{"rendered":"<div class=\"flex_column av_one_full  flex_column_div av-zero-column-padding first  avia-builder-el-0  el_before_av_one_full  avia-builder-el-first  \" style='border-radius:0px; '><div  class='avia-image-container  av-styling-    avia-builder-el-1  avia-builder-el-no-sibling  avia-align-center '  itemprop=\"image\" itemscope=\"itemscope\" itemtype=\"https:\/\/schema.org\/ImageObject\"  ><div class='avia-image-container-inner'><div class='avia-image-overlay-wrap'><img decoding=\"async\" class='wp-image-50295 avia-img-lazy-loading-not-50295 avia_image' src=\"https:\/\/radiorevelacionfm.cl\/wp-content\/uploads\/2025\/02\/coastal-5336420-1-1.jpg\" alt='' title='coastal-5336420 (1) (1)' height=\"600\" width=\"900\"  itemprop=\"thumbnailUrl\" srcset=\"https:\/\/radiorevelacionfm.cl\/wp-content\/uploads\/2025\/02\/coastal-5336420-1-1.jpg 900w, https:\/\/radiorevelacionfm.cl\/wp-content\/uploads\/2025\/02\/coastal-5336420-1-1-300x200.jpg 300w, https:\/\/radiorevelacionfm.cl\/wp-content\/uploads\/2025\/02\/coastal-5336420-1-1-768x512.jpg 768w, https:\/\/radiorevelacionfm.cl\/wp-content\/uploads\/2025\/02\/coastal-5336420-1-1-705x470.jpg 705w, https:\/\/radiorevelacionfm.cl\/wp-content\/uploads\/2025\/02\/coastal-5336420-1-1-450x300.jpg 450w, https:\/\/radiorevelacionfm.cl\/wp-content\/uploads\/2025\/02\/coastal-5336420-1-1-600x400.jpg 600w\" sizes=\"(max-width: 900px) 100vw, 900px\" \/><\/div><\/div><\/div><\/div><div class=\"flex_column av_one_full  flex_column_div av-zero-column-padding first  avia-builder-el-2  el_after_av_one_full  el_before_av_one_full  column-top-margin\" style='border-radius:0px; '><section class=\"av_textblock_section \"  itemscope=\"itemscope\" itemtype=\"https:\/\/schema.org\/BlogPosting\" itemprop=\"blogPost\" ><div class='avia_textblock  '   itemprop=\"text\" ><p style=\"text-align: center;\"><span style=\"font-size: 18pt;\"><b>Gabinete Econ\u00f3mico destaca reactivaci\u00f3n de sectores productivos<\/b><\/span><\/p>\n<div id=\"gtx-trans\" style=\"position: absolute; left: -50px; top: 4.31534px;\">\n<div class=\"gtx-trans-icon\"><\/div>\n<\/div>\n<\/div><\/section><\/div><div class=\"flex_column av_one_full  flex_column_div av-zero-column-padding first  avia-builder-el-4  el_after_av_one_full  el_before_av_hr  column-top-margin\" style='border-radius:0px; '><section class=\"av_textblock_section \"  itemscope=\"itemscope\" itemtype=\"https:\/\/schema.org\/BlogPosting\" itemprop=\"blogPost\" ><div class='avia_textblock  '   itemprop=\"text\" ><p style=\"font-weight: 400; text-align: justify;\">El turismo, las exportaciones y el comercio, entre otros sectores productivos, han experimentado una tendencia favorable desde el \u00faltimo trimestre del a\u00f1o pasado, de acuerdo a informaci\u00f3n proporcionada por el Gabinete Econ\u00f3mico Regional, convocado por el Delegado Presidencial, Jorge D\u00edaz Guzm\u00e1n, junto al seremi de Econom\u00eda, Felipe Rojas Pizarro.<\/p>\n<p style=\"font-weight: 400; text-align: justify;\">La\u00a0 instancia re\u00fane a las instituciones de gobierno con presupuestos de inversi\u00f3n regional, como las seremis de Obras P\u00fablicas, Vivienda, Agricultura, Bienes Nacionales y Salud; Servicio de Salud, ProChile, Corfo y Sernatur, entre otros, con el objetivo de afianzar la coordinaci\u00f3n intersectorial.<\/p>\n<p style=\"font-weight: 400; text-align: justify;\">\u201cHemos sostenido una reuni\u00f3n con el gabinete econ\u00f3mico para analizar, por una parte, el comportamiento econ\u00f3mico de la regi\u00f3n durante el a\u00f1o 2024 y ver las proyecciones del a\u00f1o 2025 y hacer las coordinaciones que nos permitan ir destrabando algunas dificultades que a veces tienen proyectos, tanto del sector privado como p\u00fablico, con el objetivo de dinamizar a\u00fan m\u00e1s la econom\u00eda local. Este Comit\u00e9 Econ\u00f3mico, que est\u00e1 liderado naturalmente por el Seremi de Econom\u00eda, va a sesionar una vez al mes en esta materia tan importante para el desarrollo de nuestra regi\u00f3n y de nuestros territorios\u201d, se\u00f1al\u00f3 Jorge D\u00edaz Guzm\u00e1n.<\/p>\n<p style=\"font-weight: 400; text-align: justify;\">De acuerdo a las cifras del Instituto Nacional de Estad\u00edsticas (INE), en el caso del turismo, durante diciembre de 2024 se registraron 31.914 pernoctaciones a nivel regional, aumentando 8,2% en comparaci\u00f3n a igual mes del a\u00f1o 2023.<\/p>\n<p style=\"font-weight: 400; text-align: justify;\">Asimismo, la regi\u00f3n export\u00f3 productos por 276 millones de d\u00f3lares el a\u00f1o pasado, experimentando un alza de 13,4% interanualmente en el monto exportado, seg\u00fan datos de ProChile.<\/p>\n<p style=\"font-weight: 400; text-align: justify;\">En tanto, en diciembre \u00faltimo, el \u00cdndice de Ventas de Supermercados a precios constantes de la regi\u00f3n registr\u00f3 un aumento de 5,0% en doce meses.<\/p>\n<p style=\"font-weight: 400; text-align: justify;\">El seremi Felipe Rojas dijo que las cifras oficiales son positivas, confirmando que la reactivaci\u00f3n comenz\u00f3 durante el segundo semestre del a\u00f1o pasado y seguir\u00e1 as\u00ed durante los pr\u00f3ximos trimestres.<\/p>\n<p style=\"font-weight: 400; text-align: justify;\">\u201cComo gobierno estamos trabajando fuertemente en la reactivaci\u00f3n econ\u00f3mica regional. Reconocemos la importancia de la inversi\u00f3n privada y p\u00fablica. En el caso de la inversi\u00f3n p\u00fablica, son importantes las coordinaciones con distintos ministerios, seremis y servicios, para destrabar ciertas situaciones. Lo mismo para la para el sector privado, estamos haciendo una revisi\u00f3n habitual de los proyectos, c\u00f3mo van avanzando y c\u00f3mo impactan en cada una de las provincias de la regi\u00f3n de Ays\u00e9n\u201d.<\/p>\n<p style=\"font-weight: 400; text-align: justify;\">A\u00f1adi\u00f3 que \u201chay sectores que desde el tercer trimestre del a\u00f1o pasado muestran cifras muy positivas, particularmente lo que est\u00e1 pasando en turismo, con una temporada alta muy relevante e in\u00e9dita en la regi\u00f3n durante los \u00faltimos a\u00f1os, sobre todo despu\u00e9s de la pandemia. Tambi\u00e9n, lo que est\u00e1 pasando en otros sectores que tienen que ver con inversi\u00f3n, por ejemplo, con energ\u00eda, que se est\u00e1n activando proyectos que esperamos que se concreten durante este a\u00f1o\u201d.<\/p>\n<p style=\"font-weight: 400; text-align: justify;\">El Gabinete Econ\u00f3mico valor\u00f3 tambi\u00e9n la tasa de desocupaci\u00f3n de 3,5% en el cuarto trimestre del 2024, el PIB Regional con crecimiento de 1% en el Tercer Trimestre del a\u00f1o pasado, y el incremento de ingresos asociado a la aprobaci\u00f3n de la Reforma de Pensiones.<\/p>\n<\/div><\/section><\/div><div  style='height:50px' class='hr hr-invisible   avia-builder-el-6  el_after_av_one_full  el_before_av_social_share '><span class='hr-inner ' ><span class='hr-inner-style'><\/span><\/span><\/div><\/p>\n<div  class='av-social-sharing-box  avia-builder-el-7  el_after_av_hr  el_before_av_hr  '><div class='av-share-box'><h5 class='av-share-link-description av-no-toc '>Compartir esta noticia<\/h5><ul class='av-share-box-list noLightbox'><li class='av-share-link av-social-link-facebook' ><a target=\"_blank\" aria-label=\"Compartir en Facebook\" href='https:\/\/www.facebook.com\/sharer.php?u=https:\/\/radiorevelacionfm.cl\/?p=50294&#038;t=Gabinete%20Econ%C3%B3mico%20destaca%20reactivaci%C3%B3n%20de%20sectores%20productivos' aria-hidden='false' data-av_icon='\ue8f3' data-av_iconfont='entypo-fontello' title='' data-avia-related-tooltip='Compartir en Facebook' rel=\"noopener\"><span class='avia_hidden_link_text'>Compartir en Facebook<\/span><\/a><\/li><li class='av-share-link av-social-link-twitter' ><a target=\"_blank\" aria-label=\"Compartir en Twitter\" href='https:\/\/twitter.com\/share?text=Gabinete%20Econ%C3%B3mico%20destaca%20reactivaci%C3%B3n%20de%20sectores%20productivos&#038;url=https:\/\/radiorevelacionfm.cl\/?p=50294' aria-hidden='false' data-av_icon='\ue8f1' data-av_iconfont='entypo-fontello' title='' data-avia-related-tooltip='Compartir en Twitter' rel=\"noopener\"><span class='avia_hidden_link_text'>Compartir en Twitter<\/span><\/a><\/li><li class='av-share-link av-social-link-whatsapp' ><a target=\"_blank\" aria-label=\"Compartir en Whatsapp\" href='https:\/\/api.whatsapp.com\/send?text=https:\/\/radiorevelacionfm.cl\/?p=50294' aria-hidden='false' data-av_icon='\uf232' data-av_iconfont='entypo-fontello' title='' data-avia-related-tooltip='Compartir en Whatsapp' rel=\"noopener\"><span class='avia_hidden_link_text'>Compartir en Whatsapp<\/span><\/a><\/li><li class='av-share-link av-social-link-linkedin' ><a target=\"_blank\" aria-label=\"Compartir en LinkedIn\" href='https:\/\/linkedin.com\/shareArticle?mini=true&#038;title=Gabinete%20Econ%C3%B3mico%20destaca%20reactivaci%C3%B3n%20de%20sectores%20productivos&#038;url=https:\/\/radiorevelacionfm.cl\/?p=50294' aria-hidden='false' data-av_icon='\ue8fc' data-av_iconfont='entypo-fontello' title='' data-avia-related-tooltip='Compartir en LinkedIn' rel=\"noopener\"><span class='avia_hidden_link_text'>Compartir en LinkedIn<\/span><\/a><\/li><li class='av-share-link av-social-link-mail' ><a  aria-label=\"Compartir por correo\" href='mailto:?subject=Gabinete%20Econ%C3%B3mico%20destaca%20reactivaci%C3%B3n%20de%20sectores%20productivos&#038;body=https:\/\/radiorevelacionfm.cl\/?p=50294' aria-hidden='false' data-av_icon='\ue805' data-av_iconfont='entypo-fontello' title='' data-avia-related-tooltip='Compartir por correo'><span class='avia_hidden_link_text'>Compartir por correo<\/span><\/a><\/li><\/ul><\/div><\/div>\n<div  style='height:50px' class='hr hr-invisible   avia-builder-el-8  el_after_av_social_share  el_before_av_comments_list '><span class='hr-inner ' ><span class='hr-inner-style'><\/span><\/span><\/div>\n<div  class='av-buildercomment  av-blog-meta-html-info-disabled av-blog-meta-tag-disabled  '><\/div>\n","protected":false},"excerpt":{"rendered":"","protected":false},"author":1,"featured_media":50295,"comment_status":"open","ping_status":"open","sticky":false,"template":"","format":"standard","meta":{"footnotes":""},"categories":[38],"tags":[],"class_list":["post-50294","post","type-post","status-publish","format-standard","has-post-thumbnail","hentry","category-regional"],"jetpack_featured_media_url":"https:\/\/radiorevelacionfm.cl\/wp-content\/uploads\/2025\/02\/coastal-5336420-1-1.jpg","_links":{"self":[{"href":"https:\/\/radiorevelacionfm.cl\/index.php?rest_route=\/wp\/v2\/posts\/50294","targetHints":{"allow":["GET"]}}],"collection":[{"href":"https:\/\/radiorevelacionfm.cl\/index.php?rest_route=\/wp\/v2\/posts"}],"about":[{"href":"https:\/\/radiorevelacionfm.cl\/index.php?rest_route=\/wp\/v2\/types\/post"}],"author":[{"embeddable":true,"href":"https:\/\/radiorevelacionfm.cl\/index.php?rest_route=\/wp\/v2\/users\/1"}],"replies":[{"embeddable":true,"href":"https:\/\/radiorevelacionfm.cl\/index.php?rest_route=%2Fwp%2Fv2%2Fcomments&post=50294"}],"version-history":[{"count":1,"href":"https:\/\/radiorevelacionfm.cl\/index.php?rest_route=\/wp\/v2\/posts\/50294\/revisions"}],"predecessor-version":[{"id":50296,"href":"https:\/\/radiorevelacionfm.cl\/index.php?rest_route=\/wp\/v2\/posts\/50294\/revisions\/50296"}],"wp:featuredmedia":[{"embeddable":true,"href":"https:\/\/radiorevelacionfm.cl\/index.php?rest_route=\/wp\/v2\/media\/50295"}],"wp:attachment":[{"href":"https:\/\/radiorevelacionfm.cl\/index.php?rest_route=%2Fwp%2Fv2%2Fmedia&parent=50294"}],"wp:term":[{"taxonomy":"category","embeddable":true,"href":"https:\/\/radiorevelacionfm.cl\/index.php?rest_route=%2Fwp%2Fv2%2Fcategories&post=50294"},{"taxonomy":"post_tag","embeddable":true,"href":"https:\/\/radiorevelacionfm.cl\/index.php?rest_route=%2Fwp%2Fv2%2Ftags&post=50294"}],"curies":[{"name":"wp","href":"https:\/\/api.w.org\/{rel}","templated":true}]}}