{"id":50291,"date":"2025-02-04T14:50:30","date_gmt":"2025-02-04T17:50:30","guid":{"rendered":"https:\/\/radiorevelacionfm.cl\/?p=50291"},"modified":"2025-02-04T14:50:30","modified_gmt":"2025-02-04T17:50:30","slug":"emprendamos-junto-al-mar-indespa-y-fosis-visitaron-a-beneficiarias-en-guaitecas","status":"publish","type":"post","link":"https:\/\/radiorevelacionfm.cl\/?p=50291","title":{"rendered":"\u201cEmprendamos junto al mar\u201d, Indespa y Fosis visitaron a beneficiarias en Guaitecas"},"content":{"rendered":"<div class=\"flex_column av_one_full  flex_column_div av-zero-column-padding first  avia-builder-el-0  el_before_av_one_full  avia-builder-el-first  \" style='border-radius:0px; '><div  class='avia-image-container  av-styling-    avia-builder-el-1  avia-builder-el-no-sibling  avia-align-center '  itemprop=\"image\" itemscope=\"itemscope\" itemtype=\"https:\/\/schema.org\/ImageObject\"  ><div class='avia-image-container-inner'><div class='avia-image-overlay-wrap'><img decoding=\"async\" class='wp-image-50292 avia-img-lazy-loading-not-50292 avia_image' src=\"https:\/\/radiorevelacionfm.cl\/wp-content\/uploads\/2025\/02\/beneficiaria-guaitecas-1_optimized.jpeg\" alt='' title='beneficiaria-guaitecas-(1)_optimized' height=\"600\" width=\"870\"  itemprop=\"thumbnailUrl\" srcset=\"https:\/\/radiorevelacionfm.cl\/wp-content\/uploads\/2025\/02\/beneficiaria-guaitecas-1_optimized.jpeg 870w, https:\/\/radiorevelacionfm.cl\/wp-content\/uploads\/2025\/02\/beneficiaria-guaitecas-1_optimized-300x207.jpeg 300w, https:\/\/radiorevelacionfm.cl\/wp-content\/uploads\/2025\/02\/beneficiaria-guaitecas-1_optimized-768x530.jpeg 768w, https:\/\/radiorevelacionfm.cl\/wp-content\/uploads\/2025\/02\/beneficiaria-guaitecas-1_optimized-705x486.jpeg 705w, https:\/\/radiorevelacionfm.cl\/wp-content\/uploads\/2025\/02\/beneficiaria-guaitecas-1_optimized-450x310.jpeg 450w, https:\/\/radiorevelacionfm.cl\/wp-content\/uploads\/2025\/02\/beneficiaria-guaitecas-1_optimized-600x414.jpeg 600w\" sizes=\"(max-width: 870px) 100vw, 870px\" \/><\/div><\/div><\/div><\/div><div class=\"flex_column av_one_full  flex_column_div av-zero-column-padding first  avia-builder-el-2  el_after_av_one_full  el_before_av_one_full  column-top-margin\" style='border-radius:0px; '><section class=\"av_textblock_section \"  itemscope=\"itemscope\" itemtype=\"https:\/\/schema.org\/BlogPosting\" itemprop=\"blogPost\" ><div class='avia_textblock  '   itemprop=\"text\" ><p style=\"text-align: center;\"><strong><span style=\"font-size: 18pt;\">\u201cEmprendamos junto al mar\u201d, Indespa y Fosis visitaron a beneficiarias en Guaitecas<\/span><\/strong><\/p>\n<div id=\"gtx-trans\" style=\"position: absolute; left: -50px; top: 4.31534px;\">\n<div class=\"gtx-trans-icon\"><\/div>\n<\/div>\n<\/div><\/section><\/div><div class=\"flex_column av_one_full  flex_column_div av-zero-column-padding first  avia-builder-el-4  el_after_av_one_full  el_before_av_hr  column-top-margin\" style='border-radius:0px; '><section class=\"av_textblock_section \"  itemscope=\"itemscope\" itemtype=\"https:\/\/schema.org\/BlogPosting\" itemprop=\"blogPost\" ><div class='avia_textblock  '   itemprop=\"text\" ><p style=\"text-align: justify;\"><em>Capital Avanza y Consolida, son Iniciativas que se enmarcan en un convenio que embarc\u00f3 a ambos servicios en el desarrollo de proyectos productivos con 103 cupos a nivel nacional, de los cu\u00e1les 20 fueron obtenidos por beneficiarias de caletas pesqueras de Gala, Aguirre, Melinka, Puyuhuapi, Cisnes y Ays\u00e9n, las que pudieron optar a capital de inversi\u00f3n de dos a tres millones quinientos mil pesos. <\/em><\/p>\n<p style=\"text-align: justify;\">Indespa y Fosis se encuentran realizando visitas a las beneficiarias de los concursos nacionales Capital Avanza y Consolida, los que estuvieron dirigidos a mujeres de la pesca artesanal que desarrollan emprendimientos en gastronom\u00eda, valor agregado de recursos del mar, turismo de intereses especiales y artesan\u00eda con identidad local. Esta iniciativa contempl\u00f3 capacitaci\u00f3n, asistencia t\u00e9cnica y un fondo individual de apoyo de dos a tres millones quinientos mil pesos.<\/p>\n<p style=\"text-align: justify;\">El Seremi de Econom\u00eda, Fomento y Turismo de la Regi\u00f3n de Ays\u00e9n; Felipe Rojas Pizarro, subray\u00f3 la importancia de este tipo de instrumentos, m\u00e1s a\u00fan considerando la cercan\u00eda del <em>\u201cD\u00eda Internacional de la Mujer\u201d; \u201cNuestra misi\u00f3n como Gobierno es fomentar el desarrollo de las m\u00e1s diversas \u00e1reas productivas de nuestro pa\u00eds y en nuestra regi\u00f3n, impulsar el desarrollo de la pesca artesanal, es esencial. En ese contexto este tipo de iniciativas que tienen adem\u00e1s, especial foco en g\u00e9nero fortalece el trabajo, aumenta las competencias y robustece el gran trabajo que desarrollan mujeres que aportan valor a la actividad pesquera artesanal\u201d.<\/em><\/p>\n<p style=\"text-align: justify;\">Estas convocatorias estuvieron dirigidas a mujeres beneficiarias del Capital Inicia 2022 y Capital Emprendedora Artesanal 2021, ambos de Indespa, y se enmarcan en el convenio de transferencia y colaboraci\u00f3n suscrito con Fosis.<\/p>\n<p style=\"text-align: justify;\">Por su parte Andrea Paillacar, profesional territorial de Indespa coment\u00f3 que: <em>\u201cestamos muy felices con esta iniciativa que se enmarca en un convenio que une a ambos servicios en el desarrollo de proyectos productivos, tanto Indespa como Fosis, lanzaron este fondo Capital Avanza y Consolida, para apoyar el emprendimiento de las mujeres en la pesca artesanal y sus actividades. Esto tambi\u00e9n contempl\u00f3 capacitaciones t\u00e9cnicas y un fondo individual de apoyo para que puedan adquirir m\u00e1s herramientas y poder llevar a cabo sus emprendimientos\u201d.<\/em><\/p>\n<p style=\"text-align: justify;\">Fernanda Leiva, Directora regional del Fosis, asegur\u00f3 que \u00abreconociendo la labor que las mujeres hacen en el mar del litoral de nuestra regi\u00f3n, y en un trabajo colaborativo con INDESPA, pudimos desarrollar el programa Emprendamos Junto al Mar, que estuvo destinado a 21 mujeres de las comunas de Cisnes, Ays\u00e9n y Guaitecas. Con ellas pudimos trabajar y fomentar emprendimientos que tienen que ver con productos del mar y la diversificaci\u00f3n de los negocios que ellas realizan, fomentado tambi\u00e9n el crecimiento de sus iniciativas productivas y la autonom\u00eda econ\u00f3mica de las mujeres\u00bb.<\/p>\n<p style=\"text-align: justify;\">En el concurso Capital Avanza las beneficiarias recibieron capacitaci\u00f3n, asesor\u00eda t\u00e9cnica y financiamiento hasta por dos millones de pesos para mejorar las condiciones en que desarrollan sus emprendimientos. Mientras que en la convocatoria capital Consolida, las beneficiarias contaron con capacitaci\u00f3n y acompa\u00f1amiento t\u00e9cnico para iniciar los tr\u00e1mites u obtener los permisos que permitan consolidar sus modelos de negocio, adem\u00e1s de un fondo individual hasta de tres millones quinientos mil pesos.<\/p>\n<\/div><\/section><\/div><div  style='height:50px' class='hr hr-invisible   avia-builder-el-6  el_after_av_one_full  el_before_av_social_share '><span class='hr-inner ' ><span class='hr-inner-style'><\/span><\/span><\/div><\/p>\n<div  class='av-social-sharing-box  avia-builder-el-7  el_after_av_hr  el_before_av_hr  '><div class='av-share-box'><h5 class='av-share-link-description av-no-toc '>Compartir esta noticia<\/h5><ul class='av-share-box-list noLightbox'><li class='av-share-link av-social-link-facebook' ><a target=\"_blank\" aria-label=\"Compartir en Facebook\" href='https:\/\/www.facebook.com\/sharer.php?u=https:\/\/radiorevelacionfm.cl\/?p=50291&#038;t=%E2%80%9CEmprendamos%20junto%20al%20mar%E2%80%9D%2C%20Indespa%20y%20Fosis%20visitaron%20a%20beneficiarias%20en%20Guaitecas' aria-hidden='false' data-av_icon='\ue8f3' data-av_iconfont='entypo-fontello' title='' data-avia-related-tooltip='Compartir en Facebook' rel=\"noopener\"><span class='avia_hidden_link_text'>Compartir en Facebook<\/span><\/a><\/li><li class='av-share-link av-social-link-twitter' ><a target=\"_blank\" aria-label=\"Compartir en Twitter\" href='https:\/\/twitter.com\/share?text=%E2%80%9CEmprendamos%20junto%20al%20mar%E2%80%9D%2C%20Indespa%20y%20Fosis%20visitaron%20a%20beneficiarias%20en%20Guaitecas&#038;url=https:\/\/radiorevelacionfm.cl\/?p=50291' aria-hidden='false' data-av_icon='\ue8f1' data-av_iconfont='entypo-fontello' title='' data-avia-related-tooltip='Compartir en Twitter' rel=\"noopener\"><span class='avia_hidden_link_text'>Compartir en Twitter<\/span><\/a><\/li><li class='av-share-link av-social-link-whatsapp' ><a target=\"_blank\" aria-label=\"Compartir en Whatsapp\" href='https:\/\/api.whatsapp.com\/send?text=https:\/\/radiorevelacionfm.cl\/?p=50291' aria-hidden='false' data-av_icon='\uf232' data-av_iconfont='entypo-fontello' title='' data-avia-related-tooltip='Compartir en Whatsapp' rel=\"noopener\"><span class='avia_hidden_link_text'>Compartir en Whatsapp<\/span><\/a><\/li><li class='av-share-link av-social-link-linkedin' ><a target=\"_blank\" aria-label=\"Compartir en LinkedIn\" href='https:\/\/linkedin.com\/shareArticle?mini=true&#038;title=%E2%80%9CEmprendamos%20junto%20al%20mar%E2%80%9D%2C%20Indespa%20y%20Fosis%20visitaron%20a%20beneficiarias%20en%20Guaitecas&#038;url=https:\/\/radiorevelacionfm.cl\/?p=50291' aria-hidden='false' data-av_icon='\ue8fc' data-av_iconfont='entypo-fontello' title='' data-avia-related-tooltip='Compartir en LinkedIn' rel=\"noopener\"><span class='avia_hidden_link_text'>Compartir en LinkedIn<\/span><\/a><\/li><li class='av-share-link av-social-link-mail' ><a  aria-label=\"Compartir por correo\" href='mailto:?subject=%E2%80%9CEmprendamos%20junto%20al%20mar%E2%80%9D%2C%20Indespa%20y%20Fosis%20visitaron%20a%20beneficiarias%20en%20Guaitecas&#038;body=https:\/\/radiorevelacionfm.cl\/?p=50291' aria-hidden='false' data-av_icon='\ue805' data-av_iconfont='entypo-fontello' title='' data-avia-related-tooltip='Compartir por correo'><span class='avia_hidden_link_text'>Compartir por correo<\/span><\/a><\/li><\/ul><\/div><\/div>\n<div  style='height:50px' class='hr hr-invisible   avia-builder-el-8  el_after_av_social_share  el_before_av_comments_list '><span class='hr-inner ' ><span class='hr-inner-style'><\/span><\/span><\/div>\n<div  class='av-buildercomment  av-blog-meta-html-info-disabled av-blog-meta-tag-disabled  '><\/div>\n","protected":false},"excerpt":{"rendered":"","protected":false},"author":1,"featured_media":50292,"comment_status":"open","ping_status":"open","sticky":false,"template":"","format":"standard","meta":{"footnotes":""},"categories":[38],"tags":[],"class_list":["post-50291","post","type-post","status-publish","format-standard","has-post-thumbnail","hentry","category-regional"],"jetpack_featured_media_url":"https:\/\/radiorevelacionfm.cl\/wp-content\/uploads\/2025\/02\/beneficiaria-guaitecas-1_optimized.jpeg","_links":{"self":[{"href":"https:\/\/radiorevelacionfm.cl\/index.php?rest_route=\/wp\/v2\/posts\/50291","targetHints":{"allow":["GET"]}}],"collection":[{"href":"https:\/\/radiorevelacionfm.cl\/index.php?rest_route=\/wp\/v2\/posts"}],"about":[{"href":"https:\/\/radiorevelacionfm.cl\/index.php?rest_route=\/wp\/v2\/types\/post"}],"author":[{"embeddable":true,"href":"https:\/\/radiorevelacionfm.cl\/index.php?rest_route=\/wp\/v2\/users\/1"}],"replies":[{"embeddable":true,"href":"https:\/\/radiorevelacionfm.cl\/index.php?rest_route=%2Fwp%2Fv2%2Fcomments&post=50291"}],"version-history":[{"count":1,"href":"https:\/\/radiorevelacionfm.cl\/index.php?rest_route=\/wp\/v2\/posts\/50291\/revisions"}],"predecessor-version":[{"id":50293,"href":"https:\/\/radiorevelacionfm.cl\/index.php?rest_route=\/wp\/v2\/posts\/50291\/revisions\/50293"}],"wp:featuredmedia":[{"embeddable":true,"href":"https:\/\/radiorevelacionfm.cl\/index.php?rest_route=\/wp\/v2\/media\/50292"}],"wp:attachment":[{"href":"https:\/\/radiorevelacionfm.cl\/index.php?rest_route=%2Fwp%2Fv2%2Fmedia&parent=50291"}],"wp:term":[{"taxonomy":"category","embeddable":true,"href":"https:\/\/radiorevelacionfm.cl\/index.php?rest_route=%2Fwp%2Fv2%2Fcategories&post=50291"},{"taxonomy":"post_tag","embeddable":true,"href":"https:\/\/radiorevelacionfm.cl\/index.php?rest_route=%2Fwp%2Fv2%2Ftags&post=50291"}],"curies":[{"name":"wp","href":"https:\/\/api.w.org\/{rel}","templated":true}]}}