{"id":50288,"date":"2025-02-04T13:10:20","date_gmt":"2025-02-04T16:10:20","guid":{"rendered":"https:\/\/radiorevelacionfm.cl\/?p=50288"},"modified":"2025-02-04T13:10:20","modified_gmt":"2025-02-04T16:10:20","slug":"turista-polaco-extraviado-en-el-parque-nacional-cerro-castillo-es-rescatado-en-buenas-condiciones","status":"publish","type":"post","link":"https:\/\/radiorevelacionfm.cl\/?p=50288","title":{"rendered":"Turista polaco extraviado en el Parque Nacional Cerro Castillo es rescatado en buenas condiciones"},"content":{"rendered":"<div class=\"flex_column av_one_full  flex_column_div av-zero-column-padding first  avia-builder-el-0  el_before_av_one_full  avia-builder-el-first  \" style='border-radius:0px; '><div  class='avia-image-container  av-styling-    avia-builder-el-1  avia-builder-el-no-sibling  avia-align-center '  itemprop=\"image\" itemscope=\"itemscope\" itemtype=\"https:\/\/schema.org\/ImageObject\"  ><div class='avia-image-container-inner'><div class='avia-image-overlay-wrap'><img decoding=\"async\" class='wp-image-50289 avia-img-lazy-loading-not-50289 avia_image' src=\"https:\/\/radiorevelacionfm.cl\/wp-content\/uploads\/2025\/02\/personal-de-rescate1-1_optimized-1.jpg\" alt='' title='personal-de-rescate1-(1)_optimized (1)' height=\"600\" width=\"823\"  itemprop=\"thumbnailUrl\" srcset=\"https:\/\/radiorevelacionfm.cl\/wp-content\/uploads\/2025\/02\/personal-de-rescate1-1_optimized-1.jpg 823w, https:\/\/radiorevelacionfm.cl\/wp-content\/uploads\/2025\/02\/personal-de-rescate1-1_optimized-1-300x219.jpg 300w, https:\/\/radiorevelacionfm.cl\/wp-content\/uploads\/2025\/02\/personal-de-rescate1-1_optimized-1-768x560.jpg 768w, https:\/\/radiorevelacionfm.cl\/wp-content\/uploads\/2025\/02\/personal-de-rescate1-1_optimized-1-705x514.jpg 705w, https:\/\/radiorevelacionfm.cl\/wp-content\/uploads\/2025\/02\/personal-de-rescate1-1_optimized-1-450x328.jpg 450w, https:\/\/radiorevelacionfm.cl\/wp-content\/uploads\/2025\/02\/personal-de-rescate1-1_optimized-1-600x437.jpg 600w\" sizes=\"(max-width: 823px) 100vw, 823px\" \/><\/div><\/div><\/div><\/div><div class=\"flex_column av_one_full  flex_column_div av-zero-column-padding first  avia-builder-el-2  el_after_av_one_full  el_before_av_one_full  column-top-margin\" style='border-radius:0px; '><section class=\"av_textblock_section \"  itemscope=\"itemscope\" itemtype=\"https:\/\/schema.org\/BlogPosting\" itemprop=\"blogPost\" ><div class='avia_textblock  '   itemprop=\"text\" ><p style=\"text-align: center;\"><strong><span style=\"font-size: 18pt;\">Turista polaco extraviado en el Parque Nacional Cerro Castillo es rescatado en buenas condiciones<\/span><\/strong><\/p>\n<div id=\"gtx-trans\" style=\"position: absolute; left: -50px; top: 4.31534px;\">\n<div class=\"gtx-trans-icon\"><\/div>\n<\/div>\n<\/div><\/section><\/div><div class=\"flex_column av_one_full  flex_column_div av-zero-column-padding first  avia-builder-el-4  el_after_av_one_full  el_before_av_hr  column-top-margin\" style='border-radius:0px; '><section class=\"av_textblock_section \"  itemscope=\"itemscope\" itemtype=\"https:\/\/schema.org\/BlogPosting\" itemprop=\"blogPost\" ><div class='avia_textblock  '   itemprop=\"text\" ><p style=\"text-align: justify;\"><em>Turista de nacionalidad polaca, quien se encontraba extraviado tras recorrer un sendero no habilitado en el Parque Nacional Cerro Castillo, regi\u00f3n de Ays\u00e9n, fue rescatado en \u00f3ptimo estado, esto tras un operativo coordinado por Carabineros y CONAF.<\/em><\/p>\n<p style=\"text-align: justify;\" align=\"center\">El incidente ocurri\u00f3 el s\u00e1bado 1 de febrero en horas de la noche, cuando los guardaparques recibieron un mensaje de WhatsApp de uno de los cinco compa\u00f1eros del excursionista perdido. Se hab\u00eda extraviado tras cruzar un\u00a0<b>sendero no habilitado<\/b>\u00a0desde el Lago Monreal hasta El Turbio en el\u00a0<strong>Parque Nacional Cerro Castillo, regi\u00f3n de Ays\u00e9n.<\/strong><\/p>\n<p style=\"text-align: justify;\">Ante esta situaci\u00f3n, personal de Carabineros y guardaparques de CONAF coordinaron un operativo de b\u00fasqueda que inici\u00f3 la ma\u00f1ana del domingo. Uno de los integrantes del grupo inform\u00f3 al guardaparque Juan Pincheira, que hab\u00eda encontrado huellas descendiendo hacia el Lago Paloma.<\/p>\n<p style=\"text-align: justify;\">Al recibir esta informaci\u00f3n, se solicit\u00f3 colaboraci\u00f3n a un vecino del parque, Javier Canales, quien patrull\u00f3 la zona en su lancha. Finalmente, alrededor de las 11:00 de la ma\u00f1ana, logr\u00f3 ubicar al turista en el sector entre el Lago Paloma y la\u00a0Lago Azul.<\/p>\n<p style=\"text-align: justify;\">El excursionista se encontraba en buenas condiciones y\u00a0fue trasladado en la embarcaci\u00f3n y luego en el veh\u00edculo\u00a0del mismo poblador hacia la\u00a0comisar\u00eda del sector El Blanco. En paralelo, Carabineros y guardaparques acompa\u00f1aron al resto del grupo desde el campamento El Turbio hasta el sector Las Horquetas, donde posteriormente se reunieron con su compa\u00f1ero.<\/p>\n<p style=\"text-align: justify;\">Se recuerda a la comunidad y a los visitantes que este es un paso\u00a0<b>no habilitado ni autorizado por CONAF,\u00a0<\/b>ya que implica el ingreso a predios particulares que tienen letreros que advierten\u00a0<b>el no ingreso<\/b>, portones con candados y c\u00e1maras de seguridad. Sin embargo, contin\u00faan circulando publicaciones en redes sociales promoviendo esta ruta, lo que representa un riesgo para los excursionistas.<\/p>\n<p style=\"text-align: justify;\">Hasta la fecha, se han registrado dos incidentes de turistas extraviados en tramos no habilitados del Parque Nacional Cerro Castillo, lo que ha requerido la movilizaci\u00f3n de recursos del Estado y personal especializado de Carabineros. Se hace un llamado a la responsabilidad y el respeto de las normativas vigentes para evitar situaciones de riesgos y resguardar la seguridad de los visitantes y de las personas que acuden al rescate.<\/p>\n<\/div><\/section><\/div><div  style='height:50px' class='hr hr-invisible   avia-builder-el-6  el_after_av_one_full  el_before_av_social_share '><span class='hr-inner ' ><span class='hr-inner-style'><\/span><\/span><\/div><\/p>\n<div  class='av-social-sharing-box  avia-builder-el-7  el_after_av_hr  el_before_av_hr  '><div class='av-share-box'><h5 class='av-share-link-description av-no-toc '>Compartir esta noticia<\/h5><ul class='av-share-box-list noLightbox'><li class='av-share-link av-social-link-facebook' ><a target=\"_blank\" aria-label=\"Compartir en Facebook\" href='https:\/\/www.facebook.com\/sharer.php?u=https:\/\/radiorevelacionfm.cl\/?p=50288&#038;t=Turista%20polaco%20extraviado%20en%20el%20Parque%20Nacional%20Cerro%20Castillo%20es%20rescatado%20en%20buenas%20condiciones' aria-hidden='false' data-av_icon='\ue8f3' data-av_iconfont='entypo-fontello' title='' data-avia-related-tooltip='Compartir en Facebook' rel=\"noopener\"><span class='avia_hidden_link_text'>Compartir en Facebook<\/span><\/a><\/li><li class='av-share-link av-social-link-twitter' ><a target=\"_blank\" aria-label=\"Compartir en Twitter\" href='https:\/\/twitter.com\/share?text=Turista%20polaco%20extraviado%20en%20el%20Parque%20Nacional%20Cerro%20Castillo%20es%20rescatado%20en%20buenas%20condiciones&#038;url=https:\/\/radiorevelacionfm.cl\/?p=50288' aria-hidden='false' data-av_icon='\ue8f1' data-av_iconfont='entypo-fontello' title='' data-avia-related-tooltip='Compartir en Twitter' rel=\"noopener\"><span class='avia_hidden_link_text'>Compartir en Twitter<\/span><\/a><\/li><li class='av-share-link av-social-link-whatsapp' ><a target=\"_blank\" aria-label=\"Compartir en Whatsapp\" href='https:\/\/api.whatsapp.com\/send?text=https:\/\/radiorevelacionfm.cl\/?p=50288' aria-hidden='false' data-av_icon='\uf232' data-av_iconfont='entypo-fontello' title='' data-avia-related-tooltip='Compartir en Whatsapp' rel=\"noopener\"><span class='avia_hidden_link_text'>Compartir en Whatsapp<\/span><\/a><\/li><li class='av-share-link av-social-link-linkedin' ><a target=\"_blank\" aria-label=\"Compartir en LinkedIn\" href='https:\/\/linkedin.com\/shareArticle?mini=true&#038;title=Turista%20polaco%20extraviado%20en%20el%20Parque%20Nacional%20Cerro%20Castillo%20es%20rescatado%20en%20buenas%20condiciones&#038;url=https:\/\/radiorevelacionfm.cl\/?p=50288' aria-hidden='false' data-av_icon='\ue8fc' data-av_iconfont='entypo-fontello' title='' data-avia-related-tooltip='Compartir en LinkedIn' rel=\"noopener\"><span class='avia_hidden_link_text'>Compartir en LinkedIn<\/span><\/a><\/li><li class='av-share-link av-social-link-mail' ><a  aria-label=\"Compartir por correo\" href='mailto:?subject=Turista%20polaco%20extraviado%20en%20el%20Parque%20Nacional%20Cerro%20Castillo%20es%20rescatado%20en%20buenas%20condiciones&#038;body=https:\/\/radiorevelacionfm.cl\/?p=50288' aria-hidden='false' data-av_icon='\ue805' data-av_iconfont='entypo-fontello' title='' data-avia-related-tooltip='Compartir por correo'><span class='avia_hidden_link_text'>Compartir por correo<\/span><\/a><\/li><\/ul><\/div><\/div>\n<div  style='height:50px' class='hr hr-invisible   avia-builder-el-8  el_after_av_social_share  el_before_av_comments_list '><span class='hr-inner ' ><span class='hr-inner-style'><\/span><\/span><\/div>\n<div  class='av-buildercomment  av-blog-meta-html-info-disabled av-blog-meta-tag-disabled  '><\/div>\n","protected":false},"excerpt":{"rendered":"","protected":false},"author":1,"featured_media":50289,"comment_status":"open","ping_status":"open","sticky":false,"template":"","format":"standard","meta":{"footnotes":""},"categories":[38],"tags":[],"class_list":["post-50288","post","type-post","status-publish","format-standard","has-post-thumbnail","hentry","category-regional"],"jetpack_featured_media_url":"https:\/\/radiorevelacionfm.cl\/wp-content\/uploads\/2025\/02\/personal-de-rescate1-1_optimized-1.jpg","_links":{"self":[{"href":"https:\/\/radiorevelacionfm.cl\/index.php?rest_route=\/wp\/v2\/posts\/50288","targetHints":{"allow":["GET"]}}],"collection":[{"href":"https:\/\/radiorevelacionfm.cl\/index.php?rest_route=\/wp\/v2\/posts"}],"about":[{"href":"https:\/\/radiorevelacionfm.cl\/index.php?rest_route=\/wp\/v2\/types\/post"}],"author":[{"embeddable":true,"href":"https:\/\/radiorevelacionfm.cl\/index.php?rest_route=\/wp\/v2\/users\/1"}],"replies":[{"embeddable":true,"href":"https:\/\/radiorevelacionfm.cl\/index.php?rest_route=%2Fwp%2Fv2%2Fcomments&post=50288"}],"version-history":[{"count":1,"href":"https:\/\/radiorevelacionfm.cl\/index.php?rest_route=\/wp\/v2\/posts\/50288\/revisions"}],"predecessor-version":[{"id":50290,"href":"https:\/\/radiorevelacionfm.cl\/index.php?rest_route=\/wp\/v2\/posts\/50288\/revisions\/50290"}],"wp:featuredmedia":[{"embeddable":true,"href":"https:\/\/radiorevelacionfm.cl\/index.php?rest_route=\/wp\/v2\/media\/50289"}],"wp:attachment":[{"href":"https:\/\/radiorevelacionfm.cl\/index.php?rest_route=%2Fwp%2Fv2%2Fmedia&parent=50288"}],"wp:term":[{"taxonomy":"category","embeddable":true,"href":"https:\/\/radiorevelacionfm.cl\/index.php?rest_route=%2Fwp%2Fv2%2Fcategories&post=50288"},{"taxonomy":"post_tag","embeddable":true,"href":"https:\/\/radiorevelacionfm.cl\/index.php?rest_route=%2Fwp%2Fv2%2Ftags&post=50288"}],"curies":[{"name":"wp","href":"https:\/\/api.w.org\/{rel}","templated":true}]}}