{"id":50285,"date":"2025-02-04T10:11:10","date_gmt":"2025-02-04T13:11:10","guid":{"rendered":"https:\/\/radiorevelacionfm.cl\/?p=50285"},"modified":"2025-02-04T10:11:10","modified_gmt":"2025-02-04T13:11:10","slug":"delegado-rodrigo-moreno-se-reune-con-consejeros-regionales-para-abordar-temas-claves-de-la-provincia-de-aysen","status":"publish","type":"post","link":"https:\/\/radiorevelacionfm.cl\/?p=50285","title":{"rendered":"Delegado Rodrigo Moreno se re\u00fane con consejeros regionales para abordar temas claves de la provincia de Ays\u00e9n"},"content":{"rendered":"<div class=\"flex_column av_one_full  flex_column_div av-zero-column-padding first  avia-builder-el-0  el_before_av_one_full  avia-builder-el-first  \" style='border-radius:0px; '><div  class='avia-image-container  av-styling-    avia-builder-el-1  avia-builder-el-no-sibling  avia-align-center '  itemprop=\"image\" itemscope=\"itemscope\" itemtype=\"https:\/\/schema.org\/ImageObject\"  ><div class='avia-image-container-inner'><div class='avia-image-overlay-wrap'><img decoding=\"async\" class='wp-image-50286 avia-img-lazy-loading-not-50286 avia_image' src=\"https:\/\/radiorevelacionfm.cl\/wp-content\/uploads\/2025\/02\/Consejeros-Aysen-Foto-Oficial-1-1.jpg\" alt='' title='Consejeros Ays\u00e9n Foto Oficial (1) (1)' height=\"620\" width=\"802\"  itemprop=\"thumbnailUrl\" srcset=\"https:\/\/radiorevelacionfm.cl\/wp-content\/uploads\/2025\/02\/Consejeros-Aysen-Foto-Oficial-1-1.jpg 802w, https:\/\/radiorevelacionfm.cl\/wp-content\/uploads\/2025\/02\/Consejeros-Aysen-Foto-Oficial-1-1-300x232.jpg 300w, https:\/\/radiorevelacionfm.cl\/wp-content\/uploads\/2025\/02\/Consejeros-Aysen-Foto-Oficial-1-1-768x594.jpg 768w, https:\/\/radiorevelacionfm.cl\/wp-content\/uploads\/2025\/02\/Consejeros-Aysen-Foto-Oficial-1-1-705x545.jpg 705w, https:\/\/radiorevelacionfm.cl\/wp-content\/uploads\/2025\/02\/Consejeros-Aysen-Foto-Oficial-1-1-450x348.jpg 450w, https:\/\/radiorevelacionfm.cl\/wp-content\/uploads\/2025\/02\/Consejeros-Aysen-Foto-Oficial-1-1-600x464.jpg 600w\" sizes=\"(max-width: 802px) 100vw, 802px\" \/><\/div><\/div><\/div><\/div><div class=\"flex_column av_one_full  flex_column_div av-zero-column-padding first  avia-builder-el-2  el_after_av_one_full  el_before_av_one_full  column-top-margin\" style='border-radius:0px; '><section class=\"av_textblock_section \"  itemscope=\"itemscope\" itemtype=\"https:\/\/schema.org\/BlogPosting\" itemprop=\"blogPost\" ><div class='avia_textblock  '   itemprop=\"text\" ><p style=\"text-align: center;\"><strong><span style=\"font-size: 18pt;\">Delegado Rodrigo Moreno se re\u00fane con consejeros regionales para abordar temas claves de la provincia de Ays\u00e9n<\/span><\/strong><\/p>\n<div id=\"gtx-trans\" style=\"position: absolute; left: -50px; top: 4.31534px;\">\n<div class=\"gtx-trans-icon\"><\/div>\n<\/div>\n<\/div><\/section><\/div><div class=\"flex_column av_one_full  flex_column_div av-zero-column-padding first  avia-builder-el-4  el_after_av_one_full  el_before_av_hr  column-top-margin\" style='border-radius:0px; '><section class=\"av_textblock_section \"  itemscope=\"itemscope\" itemtype=\"https:\/\/schema.org\/BlogPosting\" itemprop=\"blogPost\" ><div class='avia_textblock  '   itemprop=\"text\" ><p style=\"text-align: justify;\">Con el objetivo de fortalecer el trabajo coordinado entre el Gobierno y el Consejo Regional, el Delegado Presidencial Provincial, Rodrigo Moreno Rivera, sostuvo una importante reuni\u00f3n con los consejeros regionales de la provincia de Ays\u00e9n; Rosa Gonz\u00e1lez, Ximena Novoa, Eligio Montecinos y Julio Rossel.<\/p>\n<p style=\"text-align: justify;\">Durante el encuentro, se abordaron diversas tem\u00e1ticas de relevancia para el desarrollo de la provincia, entre ellas, la inversi\u00f3n en infraestructura, seguridad, salud y reactivaci\u00f3n econ\u00f3mica. Asimismo, se discutieron los principales desaf\u00edos que enfrenta la regi\u00f3n y las estrategias para mejorar la gesti\u00f3n de los recursos p\u00fablicos en beneficio de la comunidad. Adem\u00e1s se propuso trabajar de manera conjunta en una carta de navegaci\u00f3n para los 100 a\u00f1os de la comuna de Ays\u00e9n.<\/p>\n<p style=\"text-align: justify;\">El Delegado Presidencial destac\u00f3 la importancia de este tipo de instancias de di\u00e1logo y trabajo conjunto. <em>\u201cNuestra misi\u00f3n es fortalecer el desarrollo territorial y responder a las necesidades de la ciudadan\u00eda. Agradecemos la disposici\u00f3n de los consejeros regionales para sumar esfuerzos en beneficio de nuestra provincia\u201d<\/em>, se\u00f1al\u00f3.<\/p>\n<p style=\"text-align: justify;\">Por su parte, los consejeros regionales valoraron la oportunidad de debatir y coordinar iniciativas que permitan mejorar la calidad de vida de los habitantes. \u00abFue un aporte significativo esta reuni\u00f3n, ya que nos permite trabajar en conjunto en funci\u00f3n del bienestar de los habitantes de nuestra provincia. Compartimos ideas, hablamos de conectividad y posibles soluciones a temas contingentes. Hemos creado esta alianza para que en conjunto podamos avanzar sin anteponer ideas pol\u00edticas o diferencias de cualquier tipo, agradecemos al Delegado que nos haya escuchado y que busque soluciones, se ve claramente que tiene muchos deseos de trabajar por el bien de nuestra provincia junto a todos los actores pol\u00edticos y sociales\u00bb, expres\u00f3 Ximena Novoa.<\/p>\n<p style=\"text-align: justify;\">Esta reuni\u00f3n forma parte de una serie de encuentros que el Delegado Presidencial Provincial est\u00e1 impulsando con distintos actores locales para avanzar en una gesti\u00f3n m\u00e1s eficiente y alineada con las necesidades de la ciudadan\u00eda.<\/p>\n<\/div><\/section><\/div><div  style='height:50px' class='hr hr-invisible   avia-builder-el-6  el_after_av_one_full  el_before_av_social_share '><span class='hr-inner ' ><span class='hr-inner-style'><\/span><\/span><\/div><\/p>\n<div  class='av-social-sharing-box  avia-builder-el-7  el_after_av_hr  el_before_av_hr  '><div class='av-share-box'><h5 class='av-share-link-description av-no-toc '>Compartir esta noticia<\/h5><ul class='av-share-box-list noLightbox'><li class='av-share-link av-social-link-facebook' ><a target=\"_blank\" aria-label=\"Compartir en Facebook\" href='https:\/\/www.facebook.com\/sharer.php?u=https:\/\/radiorevelacionfm.cl\/?p=50285&#038;t=Delegado%20Rodrigo%20Moreno%20se%20re%C3%BAne%20con%20consejeros%20regionales%20para%20abordar%20temas%20claves%20de%20la%20provincia%20de%20Ays%C3%A9n' aria-hidden='false' data-av_icon='\ue8f3' data-av_iconfont='entypo-fontello' title='' data-avia-related-tooltip='Compartir en Facebook' rel=\"noopener\"><span class='avia_hidden_link_text'>Compartir en Facebook<\/span><\/a><\/li><li class='av-share-link av-social-link-twitter' ><a target=\"_blank\" aria-label=\"Compartir en Twitter\" href='https:\/\/twitter.com\/share?text=Delegado%20Rodrigo%20Moreno%20se%20re%C3%BAne%20con%20consejeros%20regionales%20para%20abordar%20temas%20claves%20de%20la%20provincia%20de%20Ays%C3%A9n&#038;url=https:\/\/radiorevelacionfm.cl\/?p=50285' aria-hidden='false' data-av_icon='\ue8f1' data-av_iconfont='entypo-fontello' title='' data-avia-related-tooltip='Compartir en Twitter' rel=\"noopener\"><span class='avia_hidden_link_text'>Compartir en Twitter<\/span><\/a><\/li><li class='av-share-link av-social-link-whatsapp' ><a target=\"_blank\" aria-label=\"Compartir en Whatsapp\" href='https:\/\/api.whatsapp.com\/send?text=https:\/\/radiorevelacionfm.cl\/?p=50285' aria-hidden='false' data-av_icon='\uf232' data-av_iconfont='entypo-fontello' title='' data-avia-related-tooltip='Compartir en Whatsapp' rel=\"noopener\"><span class='avia_hidden_link_text'>Compartir en Whatsapp<\/span><\/a><\/li><li class='av-share-link av-social-link-linkedin' ><a target=\"_blank\" aria-label=\"Compartir en LinkedIn\" href='https:\/\/linkedin.com\/shareArticle?mini=true&#038;title=Delegado%20Rodrigo%20Moreno%20se%20re%C3%BAne%20con%20consejeros%20regionales%20para%20abordar%20temas%20claves%20de%20la%20provincia%20de%20Ays%C3%A9n&#038;url=https:\/\/radiorevelacionfm.cl\/?p=50285' aria-hidden='false' data-av_icon='\ue8fc' data-av_iconfont='entypo-fontello' title='' data-avia-related-tooltip='Compartir en LinkedIn' rel=\"noopener\"><span class='avia_hidden_link_text'>Compartir en LinkedIn<\/span><\/a><\/li><li class='av-share-link av-social-link-mail' ><a  aria-label=\"Compartir por correo\" href='mailto:?subject=Delegado%20Rodrigo%20Moreno%20se%20re%C3%BAne%20con%20consejeros%20regionales%20para%20abordar%20temas%20claves%20de%20la%20provincia%20de%20Ays%C3%A9n&#038;body=https:\/\/radiorevelacionfm.cl\/?p=50285' aria-hidden='false' data-av_icon='\ue805' data-av_iconfont='entypo-fontello' title='' data-avia-related-tooltip='Compartir por correo'><span class='avia_hidden_link_text'>Compartir por correo<\/span><\/a><\/li><\/ul><\/div><\/div>\n<div  style='height:50px' class='hr hr-invisible   avia-builder-el-8  el_after_av_social_share  el_before_av_comments_list '><span class='hr-inner ' ><span class='hr-inner-style'><\/span><\/span><\/div>\n<div  class='av-buildercomment  av-blog-meta-html-info-disabled av-blog-meta-tag-disabled  '><\/div>\n","protected":false},"excerpt":{"rendered":"","protected":false},"author":1,"featured_media":50286,"comment_status":"open","ping_status":"open","sticky":false,"template":"","format":"standard","meta":{"footnotes":""},"categories":[38],"tags":[],"class_list":["post-50285","post","type-post","status-publish","format-standard","has-post-thumbnail","hentry","category-regional"],"jetpack_featured_media_url":"https:\/\/radiorevelacionfm.cl\/wp-content\/uploads\/2025\/02\/Consejeros-Aysen-Foto-Oficial-1-1.jpg","_links":{"self":[{"href":"https:\/\/radiorevelacionfm.cl\/index.php?rest_route=\/wp\/v2\/posts\/50285","targetHints":{"allow":["GET"]}}],"collection":[{"href":"https:\/\/radiorevelacionfm.cl\/index.php?rest_route=\/wp\/v2\/posts"}],"about":[{"href":"https:\/\/radiorevelacionfm.cl\/index.php?rest_route=\/wp\/v2\/types\/post"}],"author":[{"embeddable":true,"href":"https:\/\/radiorevelacionfm.cl\/index.php?rest_route=\/wp\/v2\/users\/1"}],"replies":[{"embeddable":true,"href":"https:\/\/radiorevelacionfm.cl\/index.php?rest_route=%2Fwp%2Fv2%2Fcomments&post=50285"}],"version-history":[{"count":1,"href":"https:\/\/radiorevelacionfm.cl\/index.php?rest_route=\/wp\/v2\/posts\/50285\/revisions"}],"predecessor-version":[{"id":50287,"href":"https:\/\/radiorevelacionfm.cl\/index.php?rest_route=\/wp\/v2\/posts\/50285\/revisions\/50287"}],"wp:featuredmedia":[{"embeddable":true,"href":"https:\/\/radiorevelacionfm.cl\/index.php?rest_route=\/wp\/v2\/media\/50286"}],"wp:attachment":[{"href":"https:\/\/radiorevelacionfm.cl\/index.php?rest_route=%2Fwp%2Fv2%2Fmedia&parent=50285"}],"wp:term":[{"taxonomy":"category","embeddable":true,"href":"https:\/\/radiorevelacionfm.cl\/index.php?rest_route=%2Fwp%2Fv2%2Fcategories&post=50285"},{"taxonomy":"post_tag","embeddable":true,"href":"https:\/\/radiorevelacionfm.cl\/index.php?rest_route=%2Fwp%2Fv2%2Ftags&post=50285"}],"curies":[{"name":"wp","href":"https:\/\/api.w.org\/{rel}","templated":true}]}}