{"id":50278,"date":"2025-02-04T10:49:23","date_gmt":"2025-02-04T13:49:23","guid":{"rendered":"https:\/\/radiorevelacionfm.cl\/?p=50278"},"modified":"2025-02-04T10:49:23","modified_gmt":"2025-02-04T13:49:23","slug":"dia-mundial-contra-el-cancer-como-ayuda-el-deporte-a-la-rehabilitacion-de-una-persona-diagnosticada-con-cancer","status":"publish","type":"post","link":"https:\/\/radiorevelacionfm.cl\/?p=50278","title":{"rendered":"D\u00eda Mundial Contra el C\u00e1ncer: \u00bfC\u00f3mo ayuda el deporte a la rehabilitaci\u00f3n de una persona diagnosticada con c\u00e1ncer?"},"content":{"rendered":"<div class=\"flex_column av_one_full  flex_column_div av-zero-column-padding first  avia-builder-el-0  el_before_av_one_full  avia-builder-el-first  \" style='border-radius:0px; '><div  class='avia-image-container  av-styling-    avia-builder-el-1  avia-builder-el-no-sibling  avia-align-center '  itemprop=\"image\" itemscope=\"itemscope\" itemtype=\"https:\/\/schema.org\/ImageObject\"  ><div class='avia-image-container-inner'><div class='avia-image-overlay-wrap'><img decoding=\"async\" class='wp-image-50280 avia-img-lazy-loading-not-50280 avia_image' src=\"https:\/\/radiorevelacionfm.cl\/wp-content\/uploads\/2025\/02\/Clinica-de-Oncologia-Unimed-Importancia-dos-Exercicios-Fisicos-no-Tratamento-contra-o-Cancer-1-1.jpg\" alt='' title='Cl\u00ednica-de-Oncologia-Unimed-Importancia-dos-Exercicios-F\u00edsicos-no-Tratamento-contra-o-C\u00e2ncer (1) (1)' height=\"600\" width=\"960\"  itemprop=\"thumbnailUrl\" srcset=\"https:\/\/radiorevelacionfm.cl\/wp-content\/uploads\/2025\/02\/Clinica-de-Oncologia-Unimed-Importancia-dos-Exercicios-Fisicos-no-Tratamento-contra-o-Cancer-1-1.jpg 960w, https:\/\/radiorevelacionfm.cl\/wp-content\/uploads\/2025\/02\/Clinica-de-Oncologia-Unimed-Importancia-dos-Exercicios-Fisicos-no-Tratamento-contra-o-Cancer-1-1-300x188.jpg 300w, https:\/\/radiorevelacionfm.cl\/wp-content\/uploads\/2025\/02\/Clinica-de-Oncologia-Unimed-Importancia-dos-Exercicios-Fisicos-no-Tratamento-contra-o-Cancer-1-1-768x480.jpg 768w, https:\/\/radiorevelacionfm.cl\/wp-content\/uploads\/2025\/02\/Clinica-de-Oncologia-Unimed-Importancia-dos-Exercicios-Fisicos-no-Tratamento-contra-o-Cancer-1-1-705x441.jpg 705w, https:\/\/radiorevelacionfm.cl\/wp-content\/uploads\/2025\/02\/Clinica-de-Oncologia-Unimed-Importancia-dos-Exercicios-Fisicos-no-Tratamento-contra-o-Cancer-1-1-450x281.jpg 450w, https:\/\/radiorevelacionfm.cl\/wp-content\/uploads\/2025\/02\/Clinica-de-Oncologia-Unimed-Importancia-dos-Exercicios-Fisicos-no-Tratamento-contra-o-Cancer-1-1-600x375.jpg 600w\" sizes=\"(max-width: 960px) 100vw, 960px\" \/><\/div><\/div><\/div><\/div><div class=\"flex_column av_one_full  flex_column_div av-zero-column-padding first  avia-builder-el-2  el_after_av_one_full  el_before_av_one_full  column-top-margin\" style='border-radius:0px; '><section class=\"av_textblock_section \"  itemscope=\"itemscope\" itemtype=\"https:\/\/schema.org\/BlogPosting\" itemprop=\"blogPost\" ><div class='avia_textblock  '   itemprop=\"text\" ><p style=\"text-align: center;\"><strong><span style=\"font-size: 18pt;\">D\u00eda Mundial Contra el C\u00e1ncer: \u00bfC\u00f3mo ayuda el deporte a la rehabilitaci\u00f3n de una persona diagnosticada con c\u00e1ncer?<\/span><\/strong><\/p>\n<div id=\"gtx-trans\" style=\"position: absolute; left: -50px; top: 4.31534px;\">\n<div class=\"gtx-trans-icon\"><\/div>\n<\/div>\n<\/div><\/section><\/div><div class=\"flex_column av_one_full  flex_column_div av-zero-column-padding first  avia-builder-el-4  el_after_av_one_full  el_before_av_hr  column-top-margin\" style='border-radius:0px; '><section class=\"av_textblock_section \"  itemscope=\"itemscope\" itemtype=\"https:\/\/schema.org\/BlogPosting\" itemprop=\"blogPost\" ><div class='avia_textblock  '   itemprop=\"text\" ><p style=\"text-align: justify;\">El deporte y la actividad f\u00edsica tienen un papel crucial en la rehabilitaci\u00f3n de pacientes con c\u00e1ncer, tanto durante como despu\u00e9s del tratamiento. En el contexto del <strong>D\u00eda Mundial Contra el C\u00e1ncer<\/strong>, es importante destacar los beneficios tangibles de la actividad f\u00edsica en estos pacientes.<\/p>\n<p style=\"text-align: justify;\">\u201cLa evidencia cient\u00edfica respalda que el ejercicio no solo mejora la salud f\u00edsica, sino que tambi\u00e9n tiene impacto en la calidad de vida y en reducir el riesgo de muerte en personas diagnosticadas con c\u00e1ncer. Seg\u00fan los estudios m\u00e1s recientes, el ejercicio de fuerza muscular reduce el riesgo de muerte en un rango entre el 10% y el 17%. Si a esto se le suman ejercicios cardiovasculares, los beneficios pueden aumentar a\u00fan m\u00e1s\u201d agrega \u00d3scar Puga, Onc\u00f3logo Asesor de Sportlife.<\/p>\n<p style=\"text-align: justify;\">Adem\u00e1s, los pacientes que practican ejercicio junto con una dieta adecuada pueden experimentar mejoras en su composici\u00f3n corporal, como una reducci\u00f3n en la masa grasa, niveles de insulina m\u00e1s bajos, una mejora en el perfil lip\u00eddico y una disminuci\u00f3n de los procesos inflamatorios. Todo esto contribuye a una mayor calidad de vida, reduciendo, entre otros, los s\u00edntomas de depresi\u00f3n que son comunes en personas con c\u00e1ncer.<\/p>\n<p style=\"text-align: justify;\">Para pacientes sobrevivientes de c\u00e1ncer de mama, los entrenamientos de alta intensidad y los ejercicios de intervalos han mostrado ser particularmente beneficiosos, no solo porque mejoran la salud cardiovascular, sino tambi\u00e9n porque ayudan a manejar el estr\u00e9s y reducen el riesgo de muerte por enfermedades cardiovasculares, que son una causa significativa de mortalidad en estas personas.<\/p>\n<p style=\"text-align: justify;\">Por su parte, los pacientes que se someten a cirug\u00eda, la pr\u00e1ctica de ejercicio previo puede disminuir las complicaciones postquir\u00fargicas, acelerando la recuperaci\u00f3n y mejorando la salud general.<\/p>\n<p style=\"text-align: justify;\">En cuanto a aquellos que inician tratamientos como la quimioterapia o radioterapia, hacer ejercicio antes, durante y despu\u00e9s del tratamiento puede ayudar a mitigar los efectos secundarios. Ayuda a reducir la fatiga, mejora los niveles de energ\u00eda, contribuye a un mejor descanso nocturno, disminuye la ansiedad y, en muchos casos, reduce el edema de las extremidades, que es una complicaci\u00f3n com\u00fan.<\/p>\n<p style=\"text-align: justify;\">Es fundamental que estos programas de ejercicio sean personalizados y supervisados por profesionales especializados, ya que cada paciente tiene necesidades y limitaciones diferentes. Un enfoque adaptado a cada persona maximiza los beneficios y asegura una rehabilitaci\u00f3n m\u00e1s efectiva y segura.<\/p>\n<p style=\"text-align: justify;\"><strong>\u00a0<\/strong><\/p>\n<\/div><\/section><\/div><div  style='height:50px' class='hr hr-invisible   avia-builder-el-6  el_after_av_one_full  el_before_av_social_share '><span class='hr-inner ' ><span class='hr-inner-style'><\/span><\/span><\/div><\/p>\n<div  class='av-social-sharing-box  avia-builder-el-7  el_after_av_hr  el_before_av_hr  '><div class='av-share-box'><h5 class='av-share-link-description av-no-toc '>Compartir esta noticia<\/h5><ul class='av-share-box-list noLightbox'><li class='av-share-link av-social-link-facebook' ><a target=\"_blank\" aria-label=\"Compartir en Facebook\" href='https:\/\/www.facebook.com\/sharer.php?u=https:\/\/radiorevelacionfm.cl\/?p=50278&#038;t=D%C3%ADa%20Mundial%20Contra%20el%20C%C3%A1ncer%3A%20%C2%BFC%C3%B3mo%20ayuda%20el%20deporte%20a%20la%20rehabilitaci%C3%B3n%20de%20una%20persona%20diagnosticada%20con%20c%C3%A1ncer%3F' aria-hidden='false' data-av_icon='\ue8f3' data-av_iconfont='entypo-fontello' title='' data-avia-related-tooltip='Compartir en Facebook' rel=\"noopener\"><span class='avia_hidden_link_text'>Compartir en Facebook<\/span><\/a><\/li><li class='av-share-link av-social-link-twitter' ><a target=\"_blank\" aria-label=\"Compartir en Twitter\" href='https:\/\/twitter.com\/share?text=D%C3%ADa%20Mundial%20Contra%20el%20C%C3%A1ncer%3A%20%C2%BFC%C3%B3mo%20ayuda%20el%20deporte%20a%20la%20rehabilitaci%C3%B3n%20de%20una%20persona%20diagnosticada%20con%20c%C3%A1ncer%3F&#038;url=https:\/\/radiorevelacionfm.cl\/?p=50278' aria-hidden='false' data-av_icon='\ue8f1' data-av_iconfont='entypo-fontello' title='' data-avia-related-tooltip='Compartir en Twitter' rel=\"noopener\"><span class='avia_hidden_link_text'>Compartir en Twitter<\/span><\/a><\/li><li class='av-share-link av-social-link-whatsapp' ><a target=\"_blank\" aria-label=\"Compartir en Whatsapp\" href='https:\/\/api.whatsapp.com\/send?text=https:\/\/radiorevelacionfm.cl\/?p=50278' aria-hidden='false' data-av_icon='\uf232' data-av_iconfont='entypo-fontello' title='' data-avia-related-tooltip='Compartir en Whatsapp' rel=\"noopener\"><span class='avia_hidden_link_text'>Compartir en Whatsapp<\/span><\/a><\/li><li class='av-share-link av-social-link-linkedin' ><a target=\"_blank\" aria-label=\"Compartir en LinkedIn\" href='https:\/\/linkedin.com\/shareArticle?mini=true&#038;title=D%C3%ADa%20Mundial%20Contra%20el%20C%C3%A1ncer%3A%20%C2%BFC%C3%B3mo%20ayuda%20el%20deporte%20a%20la%20rehabilitaci%C3%B3n%20de%20una%20persona%20diagnosticada%20con%20c%C3%A1ncer%3F&#038;url=https:\/\/radiorevelacionfm.cl\/?p=50278' aria-hidden='false' data-av_icon='\ue8fc' data-av_iconfont='entypo-fontello' title='' data-avia-related-tooltip='Compartir en LinkedIn' rel=\"noopener\"><span class='avia_hidden_link_text'>Compartir en LinkedIn<\/span><\/a><\/li><li class='av-share-link av-social-link-mail' ><a  aria-label=\"Compartir por correo\" href='mailto:?subject=D%C3%ADa%20Mundial%20Contra%20el%20C%C3%A1ncer%3A%20%C2%BFC%C3%B3mo%20ayuda%20el%20deporte%20a%20la%20rehabilitaci%C3%B3n%20de%20una%20persona%20diagnosticada%20con%20c%C3%A1ncer%3F&#038;body=https:\/\/radiorevelacionfm.cl\/?p=50278' aria-hidden='false' data-av_icon='\ue805' data-av_iconfont='entypo-fontello' title='' data-avia-related-tooltip='Compartir por correo'><span class='avia_hidden_link_text'>Compartir por correo<\/span><\/a><\/li><\/ul><\/div><\/div>\n<div  style='height:50px' class='hr hr-invisible   avia-builder-el-8  el_after_av_social_share  el_before_av_comments_list '><span class='hr-inner ' ><span class='hr-inner-style'><\/span><\/span><\/div>\n<div  class='av-buildercomment  av-blog-meta-html-info-disabled av-blog-meta-tag-disabled  '><\/div>\n","protected":false},"excerpt":{"rendered":"","protected":false},"author":1,"featured_media":50280,"comment_status":"open","ping_status":"open","sticky":false,"template":"","format":"standard","meta":{"footnotes":""},"categories":[46],"tags":[],"class_list":["post-50278","post","type-post","status-publish","format-standard","has-post-thumbnail","hentry","category-salud"],"jetpack_featured_media_url":"https:\/\/radiorevelacionfm.cl\/wp-content\/uploads\/2025\/02\/Clinica-de-Oncologia-Unimed-Importancia-dos-Exercicios-Fisicos-no-Tratamento-contra-o-Cancer-1-1.jpg","_links":{"self":[{"href":"https:\/\/radiorevelacionfm.cl\/index.php?rest_route=\/wp\/v2\/posts\/50278","targetHints":{"allow":["GET"]}}],"collection":[{"href":"https:\/\/radiorevelacionfm.cl\/index.php?rest_route=\/wp\/v2\/posts"}],"about":[{"href":"https:\/\/radiorevelacionfm.cl\/index.php?rest_route=\/wp\/v2\/types\/post"}],"author":[{"embeddable":true,"href":"https:\/\/radiorevelacionfm.cl\/index.php?rest_route=\/wp\/v2\/users\/1"}],"replies":[{"embeddable":true,"href":"https:\/\/radiorevelacionfm.cl\/index.php?rest_route=%2Fwp%2Fv2%2Fcomments&post=50278"}],"version-history":[{"count":1,"href":"https:\/\/radiorevelacionfm.cl\/index.php?rest_route=\/wp\/v2\/posts\/50278\/revisions"}],"predecessor-version":[{"id":50281,"href":"https:\/\/radiorevelacionfm.cl\/index.php?rest_route=\/wp\/v2\/posts\/50278\/revisions\/50281"}],"wp:featuredmedia":[{"embeddable":true,"href":"https:\/\/radiorevelacionfm.cl\/index.php?rest_route=\/wp\/v2\/media\/50280"}],"wp:attachment":[{"href":"https:\/\/radiorevelacionfm.cl\/index.php?rest_route=%2Fwp%2Fv2%2Fmedia&parent=50278"}],"wp:term":[{"taxonomy":"category","embeddable":true,"href":"https:\/\/radiorevelacionfm.cl\/index.php?rest_route=%2Fwp%2Fv2%2Fcategories&post=50278"},{"taxonomy":"post_tag","embeddable":true,"href":"https:\/\/radiorevelacionfm.cl\/index.php?rest_route=%2Fwp%2Fv2%2Ftags&post=50278"}],"curies":[{"name":"wp","href":"https:\/\/api.w.org\/{rel}","templated":true}]}}