{"id":50275,"date":"2025-02-04T09:58:08","date_gmt":"2025-02-04T12:58:08","guid":{"rendered":"https:\/\/radiorevelacionfm.cl\/?p=50275"},"modified":"2025-02-04T09:58:08","modified_gmt":"2025-02-04T12:58:08","slug":"en-el-cuarto-trimestre-del-ano-2024-la-tasa-de-desocupacion-en-la-region-de-aysen-fue-35","status":"publish","type":"post","link":"https:\/\/radiorevelacionfm.cl\/?p=50275","title":{"rendered":"En el cuarto trimestre del a\u00f1o 2024, la tasa de desocupaci\u00f3n en la Regi\u00f3n de Ays\u00e9n fue 3,5%"},"content":{"rendered":"<div class=\"flex_column av_one_full  flex_column_div av-zero-column-padding first  avia-builder-el-0  el_before_av_one_full  avia-builder-el-first  \" style='border-radius:0px; '><div  class='avia-image-container  av-styling-    avia-builder-el-1  avia-builder-el-no-sibling  avia-align-center '  itemprop=\"image\" itemscope=\"itemscope\" itemtype=\"https:\/\/schema.org\/ImageObject\"  ><div class='avia-image-container-inner'><div class='avia-image-overlay-wrap'><img decoding=\"async\" class='wp-image-50276 avia-img-lazy-loading-not-50276 avia_image' src=\"https:\/\/radiorevelacionfm.cl\/wp-content\/uploads\/2025\/02\/2-cp-cifras-1-1_optimized.jpg\" alt='' title='2-cp-cifras-(1)-(1)_optimized' height=\"600\" width=\"1002\"  itemprop=\"thumbnailUrl\" srcset=\"https:\/\/radiorevelacionfm.cl\/wp-content\/uploads\/2025\/02\/2-cp-cifras-1-1_optimized.jpg 1002w, https:\/\/radiorevelacionfm.cl\/wp-content\/uploads\/2025\/02\/2-cp-cifras-1-1_optimized-300x180.jpg 300w, https:\/\/radiorevelacionfm.cl\/wp-content\/uploads\/2025\/02\/2-cp-cifras-1-1_optimized-768x460.jpg 768w, https:\/\/radiorevelacionfm.cl\/wp-content\/uploads\/2025\/02\/2-cp-cifras-1-1_optimized-705x422.jpg 705w, https:\/\/radiorevelacionfm.cl\/wp-content\/uploads\/2025\/02\/2-cp-cifras-1-1_optimized-450x269.jpg 450w, https:\/\/radiorevelacionfm.cl\/wp-content\/uploads\/2025\/02\/2-cp-cifras-1-1_optimized-600x359.jpg 600w\" sizes=\"(max-width: 1002px) 100vw, 1002px\" \/><\/div><\/div><\/div><\/div><div class=\"flex_column av_one_full  flex_column_div av-zero-column-padding first  avia-builder-el-2  el_after_av_one_full  el_before_av_one_full  column-top-margin\" style='border-radius:0px; '><section class=\"av_textblock_section \"  itemscope=\"itemscope\" itemtype=\"https:\/\/schema.org\/BlogPosting\" itemprop=\"blogPost\" ><div class='avia_textblock  '   itemprop=\"text\" ><p style=\"text-align: center;\"><strong><span style=\"font-size: 18pt;\">En el cuarto trimestre del a\u00f1o 2024, la tasa de desocupaci\u00f3n en la Regi\u00f3n de Ays\u00e9n fue 3,5%<\/span><\/strong><\/p>\n<div id=\"gtx-trans\" style=\"position: absolute; left: -50px; top: 4.31534px;\">\n<div class=\"gtx-trans-icon\"><\/div>\n<\/div>\n<\/div><\/section><\/div><div class=\"flex_column av_one_full  flex_column_div av-zero-column-padding first  avia-builder-el-4  el_after_av_one_full  el_before_av_hr  column-top-margin\" style='border-radius:0px; '><section class=\"av_textblock_section \"  itemscope=\"itemscope\" itemtype=\"https:\/\/schema.org\/BlogPosting\" itemprop=\"blogPost\" ><div class='avia_textblock  '   itemprop=\"text\" ><p style=\"text-align: justify;\">En doce meses se registr\u00f3 un descenso de 1,0 punto porcentual, explicado por el aumento presentado por las personas ocupadas (0,6%).<\/p>\n<p style=\"text-align: justify;\">En 3,5% se ubic\u00f3 la tasa de desocupaci\u00f3n en la Regi\u00f3n de Ays\u00e9n durante el cuarto trimestre de 2024 (OND 2024), de acuerdo con la informaci\u00f3n entregada por la Encuesta Nacional de Empleo (ENE), elaborada por el Instituto Nacional de Estad\u00edsticas de Chile (INE). La cifra signific\u00f3 una disminuci\u00f3n de 1,0 punto porcentual (pp.) en doce meses, debido a que la disminuci\u00f3n de la fuerza de trabajo (-0,4%) fue menor al aumento presentado por las personas ocupadas (0,6%).\u00a0 En las mujeres, la tasa de desocupaci\u00f3n se situ\u00f3 en 4,4%, con una reducci\u00f3n de 0,6 pp. en doce meses; mientras que en los hombres, la tasa de desocupaci\u00f3n fue 2,8%, con una disminuci\u00f3n de 1,2 pp. en el mismo per\u00edodo.<\/p>\n<p style=\"text-align: justify;\">La Seremi de Gobierno \u00darsula Mix Jim\u00e9nez subray\u00f3 que; \u201cLas diferentes pol\u00edticas p\u00fablicas del Presidente Gabriel Boric, nos permiten decir que la reactivaci\u00f3n econ\u00f3mica est\u00e1 en marcha y sin duda que estas cifras formar\u00e1n parte de una serie de n\u00fameros azules a corto plazo. Esto lo hacemos sumando las cifras positivas que vienen del segundo semestre del a\u00f1o pasado m\u00e1s las nuevas perspectivas para este a\u00f1o. Lo vemos en el turismo, lo estamos viendo con las exportaciones y el impacto positivo que tiene la Reforma de Pensiones en el presupuesto de las familias, as\u00ed como tambi\u00e9n el sistema inteligente de permisos que impulsa el Ministerio de Econom\u00eda y que al momento de estar en pleno funcionamiento, dinamizar\u00e1 las diversas econom\u00edas territoriales.\u201d<\/p>\n<p style=\"text-align: justify;\"><strong>Alza de personas ocupadas<\/strong><\/p>\n<p style=\"text-align: justify;\">En doce meses, la estimaci\u00f3n del total de personas ocupadas experiment\u00f3 un crecimiento de 0,6%, incidida por hombres (1,3%). \u00a0Los sectores que m\u00e1s contribuyeron al aumento de la poblaci\u00f3n ocupada fueron agricultura y pesca<sup>a<\/sup>\u00a0(34,8%), alojamiento y servicios de comida (16,1%) y ense\u00f1anza (9,5%); mientras que por categor\u00eda ocupacional, el alza se observ\u00f3 principalmente en personas asalariadas formales (2,6%).<\/p>\n<p style=\"text-align: justify;\"><strong>Informalidad<\/strong><\/p>\n<p style=\"text-align: justify;\">La tasa de ocupaci\u00f3n informal se ubic\u00f3 en 31,7%, con un descenso de 1,1 pp. en un a\u00f1o. Las personas ocupadas informales disminuyeron 3,0%, incididas por mujeres (-12,4%).<\/p>\n<p style=\"text-align: justify;\">El Seremi de Econom\u00eda de la Regi\u00f3n de Ays\u00e9n; Felipe Rojas Pizarro, subray\u00f3 la importancia de estos \u00a0positivos n\u00fameros; \u201cEstas cifras son muy buenas noticias para Ays\u00e9n y las razones que explican estos positivos n\u00fameros, se relacionan con el crecimiento del empleo de asalariados formales, tambi\u00e9n est\u00e1 creciendo el empleo en sectores como la agricultura y la pesca y tambi\u00e9n est\u00e1 creciendo el empleo en hombres. Estos elementos de dan cuenta de un mejor desempe\u00f1o en el mercado laboral durante el cuarto trimestre de 2024. Esto es parte del resultado del trabajo que estamos llevando a cabo como Gobierno en fortalecer la inversi\u00f3n p\u00fablica pero tambi\u00e9n como Gobierno fortalecer la inversi\u00f3n privada, resultados que con estas cifras confirman el trabajo desarrollado por nuestro Gobierno.\u201d<\/p>\n<p style=\"text-align: justify;\">Por su parte la Seremi del Trabajo y Previsi\u00f3n Social, Camila Covarrubias Retamal, tambi\u00e9n se refiri\u00f3 en estos t\u00e9rminos a las positivas cifras, \u201cEn nuestra regi\u00f3n, la tasa de desocupaci\u00f3n fue de un 3.5%, disminuyendo 1,0 punto porcentual el \u00faltimo a\u00f1o. Este avance refleja mejores perspectivas para el mercado laboral y una recuperaci\u00f3n luego de un ajusto econ\u00f3mico. Adem\u00e1s, la tasa de informalidad laboral fue de 31.7%, 1,1 punto porcentuales por debajo de los niveles del mismo trimestre del a\u00f1o anterior. Desde el inicio de nuestro Gobierno hemos logrado crear m\u00e1s empleo, un indicador del compromiso por mejorar las condiciones laborales para todos y todas. Sabemos que a\u00fan hay desaf\u00edos y no nos conformamos mientras existan familias que necesitan m\u00e1s oportunidades, por eso hemos incrementado medidas concretas, como el aumento hist\u00f3rico de salario m\u00ednimo que subir\u00e1 nuevamente este mes junto con subsidios mipymes, mejoras al seguro de cesant\u00eda y una fiscalizaci\u00f3n m\u00e1s efectiva en la informalidad y, por supuesto, una reforma del sistema de pensiones, que beneficia e incentiva el empleo formal\u201d, la autoridad laboral a\u00f1adi\u00f3, \u201cA trav\u00e9s del gabinete de pro crecimiento y empleo, hemos agilizado proyectos de inversi\u00f3n que impulsan el desarrollo regional y el empleo, y en el presupuesto 2025 prioriza obras p\u00fablicas esenciales, para seguir fortaleciendo el bienestar y la econom\u00eda del pa\u00eds\u201d.<\/p>\n<\/div><\/section><\/div><div  style='height:50px' class='hr hr-invisible   avia-builder-el-6  el_after_av_one_full  el_before_av_social_share '><span class='hr-inner ' ><span class='hr-inner-style'><\/span><\/span><\/div><\/p>\n<div  class='av-social-sharing-box  avia-builder-el-7  el_after_av_hr  el_before_av_hr  '><div class='av-share-box'><h5 class='av-share-link-description av-no-toc '>Compartir esta noticia<\/h5><ul class='av-share-box-list noLightbox'><li class='av-share-link av-social-link-facebook' ><a target=\"_blank\" aria-label=\"Compartir en Facebook\" href='https:\/\/www.facebook.com\/sharer.php?u=https:\/\/radiorevelacionfm.cl\/?p=50275&#038;t=En%20el%20cuarto%20trimestre%20del%20a%C3%B1o%202024%2C%20la%20tasa%20de%20desocupaci%C3%B3n%20en%20la%20Regi%C3%B3n%20de%20Ays%C3%A9n%20fue%203%2C5%25' aria-hidden='false' data-av_icon='\ue8f3' data-av_iconfont='entypo-fontello' title='' data-avia-related-tooltip='Compartir en Facebook' rel=\"noopener\"><span class='avia_hidden_link_text'>Compartir en Facebook<\/span><\/a><\/li><li class='av-share-link av-social-link-twitter' ><a target=\"_blank\" aria-label=\"Compartir en Twitter\" href='https:\/\/twitter.com\/share?text=En%20el%20cuarto%20trimestre%20del%20a%C3%B1o%202024%2C%20la%20tasa%20de%20desocupaci%C3%B3n%20en%20la%20Regi%C3%B3n%20de%20Ays%C3%A9n%20fue%203%2C5%25&#038;url=https:\/\/radiorevelacionfm.cl\/?p=50275' aria-hidden='false' data-av_icon='\ue8f1' data-av_iconfont='entypo-fontello' title='' data-avia-related-tooltip='Compartir en Twitter' rel=\"noopener\"><span class='avia_hidden_link_text'>Compartir en Twitter<\/span><\/a><\/li><li class='av-share-link av-social-link-whatsapp' ><a target=\"_blank\" aria-label=\"Compartir en Whatsapp\" href='https:\/\/api.whatsapp.com\/send?text=https:\/\/radiorevelacionfm.cl\/?p=50275' aria-hidden='false' data-av_icon='\uf232' data-av_iconfont='entypo-fontello' title='' data-avia-related-tooltip='Compartir en Whatsapp' rel=\"noopener\"><span class='avia_hidden_link_text'>Compartir en Whatsapp<\/span><\/a><\/li><li class='av-share-link av-social-link-linkedin' ><a target=\"_blank\" aria-label=\"Compartir en LinkedIn\" href='https:\/\/linkedin.com\/shareArticle?mini=true&#038;title=En%20el%20cuarto%20trimestre%20del%20a%C3%B1o%202024%2C%20la%20tasa%20de%20desocupaci%C3%B3n%20en%20la%20Regi%C3%B3n%20de%20Ays%C3%A9n%20fue%203%2C5%25&#038;url=https:\/\/radiorevelacionfm.cl\/?p=50275' aria-hidden='false' data-av_icon='\ue8fc' data-av_iconfont='entypo-fontello' title='' data-avia-related-tooltip='Compartir en LinkedIn' rel=\"noopener\"><span class='avia_hidden_link_text'>Compartir en LinkedIn<\/span><\/a><\/li><li class='av-share-link av-social-link-mail' ><a  aria-label=\"Compartir por correo\" href='mailto:?subject=En%20el%20cuarto%20trimestre%20del%20a%C3%B1o%202024%2C%20la%20tasa%20de%20desocupaci%C3%B3n%20en%20la%20Regi%C3%B3n%20de%20Ays%C3%A9n%20fue%203%2C5%25&#038;body=https:\/\/radiorevelacionfm.cl\/?p=50275' aria-hidden='false' data-av_icon='\ue805' data-av_iconfont='entypo-fontello' title='' data-avia-related-tooltip='Compartir por correo'><span class='avia_hidden_link_text'>Compartir por correo<\/span><\/a><\/li><\/ul><\/div><\/div>\n<div  style='height:50px' class='hr hr-invisible   avia-builder-el-8  el_after_av_social_share  el_before_av_comments_list '><span class='hr-inner ' ><span class='hr-inner-style'><\/span><\/span><\/div>\n<div  class='av-buildercomment  av-blog-meta-html-info-disabled av-blog-meta-tag-disabled  '><\/div>\n","protected":false},"excerpt":{"rendered":"","protected":false},"author":1,"featured_media":50276,"comment_status":"open","ping_status":"open","sticky":false,"template":"","format":"standard","meta":{"footnotes":""},"categories":[38],"tags":[],"class_list":["post-50275","post","type-post","status-publish","format-standard","has-post-thumbnail","hentry","category-regional"],"jetpack_featured_media_url":"https:\/\/radiorevelacionfm.cl\/wp-content\/uploads\/2025\/02\/2-cp-cifras-1-1_optimized.jpg","_links":{"self":[{"href":"https:\/\/radiorevelacionfm.cl\/index.php?rest_route=\/wp\/v2\/posts\/50275","targetHints":{"allow":["GET"]}}],"collection":[{"href":"https:\/\/radiorevelacionfm.cl\/index.php?rest_route=\/wp\/v2\/posts"}],"about":[{"href":"https:\/\/radiorevelacionfm.cl\/index.php?rest_route=\/wp\/v2\/types\/post"}],"author":[{"embeddable":true,"href":"https:\/\/radiorevelacionfm.cl\/index.php?rest_route=\/wp\/v2\/users\/1"}],"replies":[{"embeddable":true,"href":"https:\/\/radiorevelacionfm.cl\/index.php?rest_route=%2Fwp%2Fv2%2Fcomments&post=50275"}],"version-history":[{"count":1,"href":"https:\/\/radiorevelacionfm.cl\/index.php?rest_route=\/wp\/v2\/posts\/50275\/revisions"}],"predecessor-version":[{"id":50277,"href":"https:\/\/radiorevelacionfm.cl\/index.php?rest_route=\/wp\/v2\/posts\/50275\/revisions\/50277"}],"wp:featuredmedia":[{"embeddable":true,"href":"https:\/\/radiorevelacionfm.cl\/index.php?rest_route=\/wp\/v2\/media\/50276"}],"wp:attachment":[{"href":"https:\/\/radiorevelacionfm.cl\/index.php?rest_route=%2Fwp%2Fv2%2Fmedia&parent=50275"}],"wp:term":[{"taxonomy":"category","embeddable":true,"href":"https:\/\/radiorevelacionfm.cl\/index.php?rest_route=%2Fwp%2Fv2%2Fcategories&post=50275"},{"taxonomy":"post_tag","embeddable":true,"href":"https:\/\/radiorevelacionfm.cl\/index.php?rest_route=%2Fwp%2Fv2%2Ftags&post=50275"}],"curies":[{"name":"wp","href":"https:\/\/api.w.org\/{rel}","templated":true}]}}