{"id":50272,"date":"2025-02-03T18:22:14","date_gmt":"2025-02-03T21:22:14","guid":{"rendered":"https:\/\/radiorevelacionfm.cl\/?p=50272"},"modified":"2025-02-03T18:22:14","modified_gmt":"2025-02-03T21:22:14","slug":"agrupacion-de-aysen-junto-a-diputado-calisto-piden-un-cardiologo-para-puerto-aysen","status":"publish","type":"post","link":"https:\/\/radiorevelacionfm.cl\/?p=50272","title":{"rendered":"Agrupaci\u00f3n de Ays\u00e9n junto a diputado Calisto piden un cardi\u00f3logo para Puerto Ays\u00e9n"},"content":{"rendered":"<div class=\"flex_column av_one_full  flex_column_div av-zero-column-padding first  avia-builder-el-0  el_before_av_one_full  avia-builder-el-first  \" style='border-radius:0px; '><div  class='avia-image-container  av-styling-    avia-builder-el-1  avia-builder-el-no-sibling  avia-align-center '  itemprop=\"image\" itemscope=\"itemscope\" itemtype=\"https:\/\/schema.org\/ImageObject\"  ><div class='avia-image-container-inner'><div class='avia-image-overlay-wrap'><img decoding=\"async\" class='wp-image-50273 avia-img-lazy-loading-not-50273 avia_image' src=\"https:\/\/radiorevelacionfm.cl\/wp-content\/uploads\/2025\/02\/foto-cardiologIa-para-aysEn-1_optimized.jpeg\" alt='' title='foto-cardiolog\u00cda-para-ays\u00c9n-(1)_optimized' height=\"600\" width=\"800\"  itemprop=\"thumbnailUrl\" srcset=\"https:\/\/radiorevelacionfm.cl\/wp-content\/uploads\/2025\/02\/foto-cardiologIa-para-aysEn-1_optimized.jpeg 800w, https:\/\/radiorevelacionfm.cl\/wp-content\/uploads\/2025\/02\/foto-cardiologIa-para-aysEn-1_optimized-300x225.jpeg 300w, https:\/\/radiorevelacionfm.cl\/wp-content\/uploads\/2025\/02\/foto-cardiologIa-para-aysEn-1_optimized-768x576.jpeg 768w, https:\/\/radiorevelacionfm.cl\/wp-content\/uploads\/2025\/02\/foto-cardiologIa-para-aysEn-1_optimized-705x529.jpeg 705w, https:\/\/radiorevelacionfm.cl\/wp-content\/uploads\/2025\/02\/foto-cardiologIa-para-aysEn-1_optimized-450x338.jpeg 450w, https:\/\/radiorevelacionfm.cl\/wp-content\/uploads\/2025\/02\/foto-cardiologIa-para-aysEn-1_optimized-600x450.jpeg 600w\" sizes=\"(max-width: 800px) 100vw, 800px\" \/><\/div><\/div><\/div><\/div><div class=\"flex_column av_one_full  flex_column_div av-zero-column-padding first  avia-builder-el-2  el_after_av_one_full  el_before_av_one_full  column-top-margin\" style='border-radius:0px; '><section class=\"av_textblock_section \"  itemscope=\"itemscope\" itemtype=\"https:\/\/schema.org\/BlogPosting\" itemprop=\"blogPost\" ><div class='avia_textblock  '   itemprop=\"text\" ><p style=\"text-align: center;\"><strong><span style=\"font-size: 18pt;\">Agrupaci\u00f3n de Ays\u00e9n junto a diputado Calisto piden un cardi\u00f3logo para Puerto Ays\u00e9n<\/span><\/strong><\/p>\n<div id=\"gtx-trans\" style=\"position: absolute; left: -50px; top: 4.31534px;\">\n<div class=\"gtx-trans-icon\"><\/div>\n<\/div>\n<\/div><\/section><\/div><div class=\"flex_column av_one_full  flex_column_div av-zero-column-padding first  avia-builder-el-4  el_after_av_one_full  el_before_av_hr  column-top-margin\" style='border-radius:0px; '><section class=\"av_textblock_section \"  itemscope=\"itemscope\" itemtype=\"https:\/\/schema.org\/BlogPosting\" itemprop=\"blogPost\" ><div class='avia_textblock  '   itemprop=\"text\" ><p style=\"font-weight: 400; text-align: justify;\">Aunque valoraron la confirmaci\u00f3n por parte del Gobierno de la llegada de un cardi\u00f3logo para el Hospital Regional de Coyhaique, el diputado Miguel \u00c1ngel Calisto y la agrupaci\u00f3n Cardiolog\u00eda para Ays\u00e9n manifestaron la necesidad de contar tambi\u00e9n con un especialista en el hospital de Puerto Ays\u00e9n.<\/p>\n<p style=\"font-weight: 400; text-align: justify;\">El legislador junto a dirigentes y dirigentas de la agrupaci\u00f3n se reunieron con la direcci\u00f3n del Servicio de Salud Ays\u00e9n, instancia en que le plantearon este u otros temas relacionados a la salud.<\/p>\n<p style=\"font-weight: 400; text-align: justify;\">Seg\u00fan el legislador, \u201cel anuncio respecto a un cardi\u00f3logo siempre es positivo, pero no es suficiente, porque nosotros sabemos que un cardi\u00f3logo no va a resolver el problema que tiene la regi\u00f3n en esta materia. Es importante que ac\u00e1 el cardi\u00f3logo tenga un equipo. Se nos ha se\u00f1alado que va a tener un equipo, pero tambi\u00e9n es importante que se piense en dos o tres cardi\u00f3logos, no solamente para atender Coyhaique, sino que tambi\u00e9n para atender Puerto Ays\u00e9n\u201d.<\/p>\n<p style=\"font-weight: 400; text-align: justify;\">\u201cTenemos listas de espera que son interminables. Mucho m\u00e1s de mil personas esperando la primera atenci\u00f3n. Otras tanto esperando eco al coraz\u00f3n, otras tanto esperando marca paso. Entonces son cifras que realmente duelen\u201d, indic\u00f3 el legislador.<\/p>\n<p style=\"font-weight: 400; text-align: justify;\">Calisto agreg\u00f3 que \u201cnosotros no vamos a descansar hasta que efectivamente haya un cardi\u00f3logo en Puerto Ays\u00e9n. Pero ac\u00e1 hay que constituir un equipo, no es solamente un cardi\u00f3logo. El otro a\u00f1o deber\u00eda estar ya el \u00a0laboratorio de hemodinamia instalado, construido y funcionando. Y cuando eso ocurra, debe haber un equipo m\u00e9dico a cargo. Ac\u00e1 nosotros sabemos la desigualdad que tenemos. Una persona que le da un ataque card\u00edaco hoy d\u00eda ac\u00e1 en Coyhaique, tiene menos posibilidades de sobrevivir si es que le da en el centro de Santiago\u201d.<\/p>\n<p style=\"font-weight: 400; text-align: justify;\">Por su parte, Cecilia Chand\u00eda, dirigente de la agrupaci\u00f3n en Puerto Ays\u00e9n, indic\u00f3 que \u201cla verdad es que fueron muchas evasivas. Nos dieron c\u00e1lculos, nos dijeron que hay que hacer aqu\u00ed, que hay que hacer all\u00e1, que el cardi\u00f3logo viene para esto, viene para lo otro, pero no nos dan una seguridad de que Puerto Ays\u00e9n va a tener un cardi\u00f3logo, que es lo que nosotros queremos. Vamos a luchar, vamos a pelear por eso, porque estamos con todas las pilas puestas\u201d.<\/p>\n<p style=\"font-weight: 400; text-align: justify;\">Finalmente, la diirgenta se\u00f1al\u00f3 que \u201cnosotros nos vamos a ir derecho para all\u00e1, a buscar el cardi\u00f3logo, porque es necesario. Porque no queremos que pase lo que pas\u00f3 una semana atr\u00e1s, que una persona por estar lista de espera falleci\u00f3 andando en bicicleta\u201d.<\/p>\n<\/div><\/section><\/div><div  style='height:50px' class='hr hr-invisible   avia-builder-el-6  el_after_av_one_full  el_before_av_social_share '><span class='hr-inner ' ><span class='hr-inner-style'><\/span><\/span><\/div><\/p>\n<div  class='av-social-sharing-box  avia-builder-el-7  el_after_av_hr  el_before_av_hr  '><div class='av-share-box'><h5 class='av-share-link-description av-no-toc '>Compartir esta noticia<\/h5><ul class='av-share-box-list noLightbox'><li class='av-share-link av-social-link-facebook' ><a target=\"_blank\" aria-label=\"Compartir en Facebook\" href='https:\/\/www.facebook.com\/sharer.php?u=https:\/\/radiorevelacionfm.cl\/?p=50272&#038;t=Agrupaci%C3%B3n%20de%20Ays%C3%A9n%20junto%20a%20diputado%20Calisto%20piden%20un%20cardi%C3%B3logo%20para%20Puerto%20Ays%C3%A9n' aria-hidden='false' data-av_icon='\ue8f3' data-av_iconfont='entypo-fontello' title='' data-avia-related-tooltip='Compartir en Facebook' rel=\"noopener\"><span class='avia_hidden_link_text'>Compartir en Facebook<\/span><\/a><\/li><li class='av-share-link av-social-link-twitter' ><a target=\"_blank\" aria-label=\"Compartir en Twitter\" href='https:\/\/twitter.com\/share?text=Agrupaci%C3%B3n%20de%20Ays%C3%A9n%20junto%20a%20diputado%20Calisto%20piden%20un%20cardi%C3%B3logo%20para%20Puerto%20Ays%C3%A9n&#038;url=https:\/\/radiorevelacionfm.cl\/?p=50272' aria-hidden='false' data-av_icon='\ue8f1' data-av_iconfont='entypo-fontello' title='' data-avia-related-tooltip='Compartir en Twitter' rel=\"noopener\"><span class='avia_hidden_link_text'>Compartir en Twitter<\/span><\/a><\/li><li class='av-share-link av-social-link-whatsapp' ><a target=\"_blank\" aria-label=\"Compartir en Whatsapp\" href='https:\/\/api.whatsapp.com\/send?text=https:\/\/radiorevelacionfm.cl\/?p=50272' aria-hidden='false' data-av_icon='\uf232' data-av_iconfont='entypo-fontello' title='' data-avia-related-tooltip='Compartir en Whatsapp' rel=\"noopener\"><span class='avia_hidden_link_text'>Compartir en Whatsapp<\/span><\/a><\/li><li class='av-share-link av-social-link-linkedin' ><a target=\"_blank\" aria-label=\"Compartir en LinkedIn\" href='https:\/\/linkedin.com\/shareArticle?mini=true&#038;title=Agrupaci%C3%B3n%20de%20Ays%C3%A9n%20junto%20a%20diputado%20Calisto%20piden%20un%20cardi%C3%B3logo%20para%20Puerto%20Ays%C3%A9n&#038;url=https:\/\/radiorevelacionfm.cl\/?p=50272' aria-hidden='false' data-av_icon='\ue8fc' data-av_iconfont='entypo-fontello' title='' data-avia-related-tooltip='Compartir en LinkedIn' rel=\"noopener\"><span class='avia_hidden_link_text'>Compartir en LinkedIn<\/span><\/a><\/li><li class='av-share-link av-social-link-mail' ><a  aria-label=\"Compartir por correo\" href='mailto:?subject=Agrupaci%C3%B3n%20de%20Ays%C3%A9n%20junto%20a%20diputado%20Calisto%20piden%20un%20cardi%C3%B3logo%20para%20Puerto%20Ays%C3%A9n&#038;body=https:\/\/radiorevelacionfm.cl\/?p=50272' aria-hidden='false' data-av_icon='\ue805' data-av_iconfont='entypo-fontello' title='' data-avia-related-tooltip='Compartir por correo'><span class='avia_hidden_link_text'>Compartir por correo<\/span><\/a><\/li><\/ul><\/div><\/div>\n<div  style='height:50px' class='hr hr-invisible   avia-builder-el-8  el_after_av_social_share  el_before_av_comments_list '><span class='hr-inner ' ><span class='hr-inner-style'><\/span><\/span><\/div>\n<div  class='av-buildercomment  av-blog-meta-html-info-disabled av-blog-meta-tag-disabled  '><\/div>\n","protected":false},"excerpt":{"rendered":"","protected":false},"author":1,"featured_media":50273,"comment_status":"open","ping_status":"open","sticky":false,"template":"","format":"standard","meta":{"footnotes":""},"categories":[38],"tags":[],"class_list":["post-50272","post","type-post","status-publish","format-standard","has-post-thumbnail","hentry","category-regional"],"jetpack_featured_media_url":"https:\/\/radiorevelacionfm.cl\/wp-content\/uploads\/2025\/02\/foto-cardiologIa-para-aysEn-1_optimized.jpeg","_links":{"self":[{"href":"https:\/\/radiorevelacionfm.cl\/index.php?rest_route=\/wp\/v2\/posts\/50272","targetHints":{"allow":["GET"]}}],"collection":[{"href":"https:\/\/radiorevelacionfm.cl\/index.php?rest_route=\/wp\/v2\/posts"}],"about":[{"href":"https:\/\/radiorevelacionfm.cl\/index.php?rest_route=\/wp\/v2\/types\/post"}],"author":[{"embeddable":true,"href":"https:\/\/radiorevelacionfm.cl\/index.php?rest_route=\/wp\/v2\/users\/1"}],"replies":[{"embeddable":true,"href":"https:\/\/radiorevelacionfm.cl\/index.php?rest_route=%2Fwp%2Fv2%2Fcomments&post=50272"}],"version-history":[{"count":1,"href":"https:\/\/radiorevelacionfm.cl\/index.php?rest_route=\/wp\/v2\/posts\/50272\/revisions"}],"predecessor-version":[{"id":50274,"href":"https:\/\/radiorevelacionfm.cl\/index.php?rest_route=\/wp\/v2\/posts\/50272\/revisions\/50274"}],"wp:featuredmedia":[{"embeddable":true,"href":"https:\/\/radiorevelacionfm.cl\/index.php?rest_route=\/wp\/v2\/media\/50273"}],"wp:attachment":[{"href":"https:\/\/radiorevelacionfm.cl\/index.php?rest_route=%2Fwp%2Fv2%2Fmedia&parent=50272"}],"wp:term":[{"taxonomy":"category","embeddable":true,"href":"https:\/\/radiorevelacionfm.cl\/index.php?rest_route=%2Fwp%2Fv2%2Fcategories&post=50272"},{"taxonomy":"post_tag","embeddable":true,"href":"https:\/\/radiorevelacionfm.cl\/index.php?rest_route=%2Fwp%2Fv2%2Ftags&post=50272"}],"curies":[{"name":"wp","href":"https:\/\/api.w.org\/{rel}","templated":true}]}}