{"id":50259,"date":"2025-02-03T15:36:25","date_gmt":"2025-02-03T18:36:25","guid":{"rendered":"https:\/\/radiorevelacionfm.cl\/?p=50259"},"modified":"2025-02-03T15:36:25","modified_gmt":"2025-02-03T18:36:25","slug":"en-puerto-cisnes-edelaysen-fortalece-su-vinculo-con-la-comunidad-en-la-fiesta-del-pescao-frito","status":"publish","type":"post","link":"https:\/\/radiorevelacionfm.cl\/?p=50259","title":{"rendered":"En Puerto Cisnes Edelaysen fortalece su v\u00ednculo con la comunidad en la Fiesta del \u201cPesca\u2019o Frito\u201d"},"content":{"rendered":"<div class=\"flex_column av_one_full  flex_column_div av-zero-column-padding first  avia-builder-el-0  el_before_av_one_full  avia-builder-el-first  \" style='border-radius:0px; '><div  class='avia-image-container  av-styling-    avia-builder-el-1  avia-builder-el-no-sibling  avia-align-center '  itemprop=\"image\" itemscope=\"itemscope\" itemtype=\"https:\/\/schema.org\/ImageObject\"  ><div class='avia-image-container-inner'><div class='avia-image-overlay-wrap'><img decoding=\"async\" class='wp-image-50261 avia-img-lazy-loading-not-50261 avia_image' src=\"https:\/\/radiorevelacionfm.cl\/wp-content\/uploads\/2025\/02\/minga-solidaria-3-1_optimized-1-1.jpeg\" alt='' title='minga-solidaria-(3)-(1)_optimized (1) (1)' height=\"600\" width=\"1013\"  itemprop=\"thumbnailUrl\" srcset=\"https:\/\/radiorevelacionfm.cl\/wp-content\/uploads\/2025\/02\/minga-solidaria-3-1_optimized-1-1.jpeg 1013w, https:\/\/radiorevelacionfm.cl\/wp-content\/uploads\/2025\/02\/minga-solidaria-3-1_optimized-1-1-300x178.jpeg 300w, https:\/\/radiorevelacionfm.cl\/wp-content\/uploads\/2025\/02\/minga-solidaria-3-1_optimized-1-1-768x455.jpeg 768w, https:\/\/radiorevelacionfm.cl\/wp-content\/uploads\/2025\/02\/minga-solidaria-3-1_optimized-1-1-705x418.jpeg 705w, https:\/\/radiorevelacionfm.cl\/wp-content\/uploads\/2025\/02\/minga-solidaria-3-1_optimized-1-1-450x267.jpeg 450w, https:\/\/radiorevelacionfm.cl\/wp-content\/uploads\/2025\/02\/minga-solidaria-3-1_optimized-1-1-600x355.jpeg 600w\" sizes=\"(max-width: 1013px) 100vw, 1013px\" \/><\/div><\/div><\/div><\/div><div class=\"flex_column av_one_full  flex_column_div av-zero-column-padding first  avia-builder-el-2  el_after_av_one_full  el_before_av_one_full  column-top-margin\" style='border-radius:0px; '><section class=\"av_textblock_section \"  itemscope=\"itemscope\" itemtype=\"https:\/\/schema.org\/BlogPosting\" itemprop=\"blogPost\" ><div class='avia_textblock  '   itemprop=\"text\" ><p style=\"text-align: center;\"><strong><span style=\"font-size: 18pt;\">En Puerto Cisnes Edelaysen fortalece su v\u00ednculo con la comunidad en la Fiesta del \u201cPesca\u2019o Frito\u201d <\/span><\/strong><\/p>\n<div id=\"gtx-trans\" style=\"position: absolute; left: -50px; top: 4.31534px;\">\n<div class=\"gtx-trans-icon\"><\/div>\n<\/div>\n<\/div><\/section><\/div><div class=\"flex_column av_one_full  flex_column_div av-zero-column-padding first  avia-builder-el-4  el_after_av_one_full  el_before_av_hr  column-top-margin\" style='border-radius:0px; '><section class=\"av_textblock_section \"  itemscope=\"itemscope\" itemtype=\"https:\/\/schema.org\/BlogPosting\" itemprop=\"blogPost\" ><div class='avia_textblock  '   itemprop=\"text\" ><p><em>Por segundo a\u00f1o consecutivo, la el\u00e9ctrica particip\u00f3 en la minga solidaria de Puerto Cisnes, contribuyendo con la instalaci\u00f3n el\u00e9ctrica de la casa minga a trav\u00e9s del programa \u201cConecta tu sede\u201d.<\/em><\/p>\n<p style=\"text-align: justify;\">En el marco de la tradicional Fiesta del \u201cPesca\u2019o Frito\u201d de Puerto Cisnes, que tiene por objetivo entregar una vivienda social a una familia de la comuna con el apoyo de vecinos y organizaciones, Edelaysen particip\u00f3 por segundo a\u00f1o consecutivo en la instancia, donde adem\u00e1s se present\u00f3 con un stand con material informativo para los asistentes al evento.<\/p>\n<p style=\"text-align: justify;\">Este a\u00f1o, la el\u00e9ctrica a trav\u00e9s de su programa \u201cConecta tu sede\u201d, se encargar\u00e1 de la instalaci\u00f3n el\u00e9ctrica de la casa minga, asegurando que la nueva vivienda cuente con un sistema el\u00e9ctrico seguro y eficiente.<\/p>\n<p style=\"text-align: justify;\">Sobre esta iniciativa, Francisco Pavez, jefe de zona de Edelaysen se\u00f1al\u00f3: \u201cSer parte de esta minga solidaria en la Fiesta del \u201cPesca\u2019o Frito\u201d, es un honor para nosotros como empresa. A trav\u00e9s del programa \u201cConecta tu Sede\u201d, queremos aportar con nuestro conocimiento y trabajo para que esta vivienda cuente con una instalaci\u00f3n el\u00e9ctrica adecuada y segura. Este tipo de instancias reflejan el valor de la colaboraci\u00f3n y el compromiso con las comunidades donde estamos presentes\u201d.<\/p>\n<p style=\"text-align: justify;\">Por su parte Ricardo M\u00e9ndez, presidente de la Agrupaci\u00f3n Cultural \u201cPesca\u2019o Frito\u201d destac\u00f3: \u201cLos d\u00edas 31 de enero y 1 de febrero se llev\u00f3 a cabo la gran minga cisnense solidaria 2025 en la cual tuvimos una gran concurrencia de gente y pudimos entregar la casa a nuestra beneficiaria, do\u00f1a Francisca Alarc\u00f3n. Agradecer una vez m\u00e1s el compromiso de Edelaysen con nuestra organizaci\u00f3n quienes nos har\u00e1n las conexiones y el empalme de la nueva casa y de esta nueva versi\u00f3n.<\/p>\n<p style=\"text-align: justify;\">Con esta participaci\u00f3n Edelaysen sigue fortaleciendo sus lazos con la comunidad de Puerto Cisnes, apoyando iniciativas que promuevan la solidaridad y el trabajo conjunto, valores fundamentales de esta emblem\u00e1tica festividad.<\/p>\n<p style=\"text-align: justify;\"><strong>\u00a0<\/strong><\/p>\n<\/div><\/section><\/div><div  style='height:50px' class='hr hr-invisible   avia-builder-el-6  el_after_av_one_full  el_before_av_social_share '><span class='hr-inner ' ><span class='hr-inner-style'><\/span><\/span><\/div><\/p>\n<div  class='av-social-sharing-box  avia-builder-el-7  el_after_av_hr  el_before_av_hr  '><div class='av-share-box'><h5 class='av-share-link-description av-no-toc '>Compartir esta noticia<\/h5><ul class='av-share-box-list noLightbox'><li class='av-share-link av-social-link-facebook' ><a target=\"_blank\" aria-label=\"Compartir en Facebook\" href='https:\/\/www.facebook.com\/sharer.php?u=https:\/\/radiorevelacionfm.cl\/?p=50259&#038;t=En%20Puerto%20Cisnes%20Edelaysen%20fortalece%20su%20v%C3%ADnculo%20con%20la%20comunidad%20en%20la%20Fiesta%20del%20%E2%80%9CPesca%E2%80%99o%20Frito%E2%80%9D' aria-hidden='false' data-av_icon='\ue8f3' data-av_iconfont='entypo-fontello' title='' data-avia-related-tooltip='Compartir en Facebook' rel=\"noopener\"><span class='avia_hidden_link_text'>Compartir en Facebook<\/span><\/a><\/li><li class='av-share-link av-social-link-twitter' ><a target=\"_blank\" aria-label=\"Compartir en Twitter\" href='https:\/\/twitter.com\/share?text=En%20Puerto%20Cisnes%20Edelaysen%20fortalece%20su%20v%C3%ADnculo%20con%20la%20comunidad%20en%20la%20Fiesta%20del%20%E2%80%9CPesca%E2%80%99o%20Frito%E2%80%9D&#038;url=https:\/\/radiorevelacionfm.cl\/?p=50259' aria-hidden='false' data-av_icon='\ue8f1' data-av_iconfont='entypo-fontello' title='' data-avia-related-tooltip='Compartir en Twitter' rel=\"noopener\"><span class='avia_hidden_link_text'>Compartir en Twitter<\/span><\/a><\/li><li class='av-share-link av-social-link-whatsapp' ><a target=\"_blank\" aria-label=\"Compartir en Whatsapp\" href='https:\/\/api.whatsapp.com\/send?text=https:\/\/radiorevelacionfm.cl\/?p=50259' aria-hidden='false' data-av_icon='\uf232' data-av_iconfont='entypo-fontello' title='' data-avia-related-tooltip='Compartir en Whatsapp' rel=\"noopener\"><span class='avia_hidden_link_text'>Compartir en Whatsapp<\/span><\/a><\/li><li class='av-share-link av-social-link-linkedin' ><a target=\"_blank\" aria-label=\"Compartir en LinkedIn\" href='https:\/\/linkedin.com\/shareArticle?mini=true&#038;title=En%20Puerto%20Cisnes%20Edelaysen%20fortalece%20su%20v%C3%ADnculo%20con%20la%20comunidad%20en%20la%20Fiesta%20del%20%E2%80%9CPesca%E2%80%99o%20Frito%E2%80%9D&#038;url=https:\/\/radiorevelacionfm.cl\/?p=50259' aria-hidden='false' data-av_icon='\ue8fc' data-av_iconfont='entypo-fontello' title='' data-avia-related-tooltip='Compartir en LinkedIn' rel=\"noopener\"><span class='avia_hidden_link_text'>Compartir en LinkedIn<\/span><\/a><\/li><li class='av-share-link av-social-link-mail' ><a  aria-label=\"Compartir por correo\" href='mailto:?subject=En%20Puerto%20Cisnes%20Edelaysen%20fortalece%20su%20v%C3%ADnculo%20con%20la%20comunidad%20en%20la%20Fiesta%20del%20%E2%80%9CPesca%E2%80%99o%20Frito%E2%80%9D&#038;body=https:\/\/radiorevelacionfm.cl\/?p=50259' aria-hidden='false' data-av_icon='\ue805' data-av_iconfont='entypo-fontello' title='' data-avia-related-tooltip='Compartir por correo'><span class='avia_hidden_link_text'>Compartir por correo<\/span><\/a><\/li><\/ul><\/div><\/div>\n<div  style='height:50px' class='hr hr-invisible   avia-builder-el-8  el_after_av_social_share  el_before_av_comments_list '><span class='hr-inner ' ><span class='hr-inner-style'><\/span><\/span><\/div>\n<div  class='av-buildercomment  av-blog-meta-html-info-disabled av-blog-meta-tag-disabled  '><\/div>\n","protected":false},"excerpt":{"rendered":"","protected":false},"author":1,"featured_media":50261,"comment_status":"open","ping_status":"open","sticky":false,"template":"","format":"standard","meta":{"footnotes":""},"categories":[38],"tags":[],"class_list":["post-50259","post","type-post","status-publish","format-standard","has-post-thumbnail","hentry","category-regional"],"jetpack_featured_media_url":"https:\/\/radiorevelacionfm.cl\/wp-content\/uploads\/2025\/02\/minga-solidaria-3-1_optimized-1-1.jpeg","_links":{"self":[{"href":"https:\/\/radiorevelacionfm.cl\/index.php?rest_route=\/wp\/v2\/posts\/50259","targetHints":{"allow":["GET"]}}],"collection":[{"href":"https:\/\/radiorevelacionfm.cl\/index.php?rest_route=\/wp\/v2\/posts"}],"about":[{"href":"https:\/\/radiorevelacionfm.cl\/index.php?rest_route=\/wp\/v2\/types\/post"}],"author":[{"embeddable":true,"href":"https:\/\/radiorevelacionfm.cl\/index.php?rest_route=\/wp\/v2\/users\/1"}],"replies":[{"embeddable":true,"href":"https:\/\/radiorevelacionfm.cl\/index.php?rest_route=%2Fwp%2Fv2%2Fcomments&post=50259"}],"version-history":[{"count":1,"href":"https:\/\/radiorevelacionfm.cl\/index.php?rest_route=\/wp\/v2\/posts\/50259\/revisions"}],"predecessor-version":[{"id":50262,"href":"https:\/\/radiorevelacionfm.cl\/index.php?rest_route=\/wp\/v2\/posts\/50259\/revisions\/50262"}],"wp:featuredmedia":[{"embeddable":true,"href":"https:\/\/radiorevelacionfm.cl\/index.php?rest_route=\/wp\/v2\/media\/50261"}],"wp:attachment":[{"href":"https:\/\/radiorevelacionfm.cl\/index.php?rest_route=%2Fwp%2Fv2%2Fmedia&parent=50259"}],"wp:term":[{"taxonomy":"category","embeddable":true,"href":"https:\/\/radiorevelacionfm.cl\/index.php?rest_route=%2Fwp%2Fv2%2Fcategories&post=50259"},{"taxonomy":"post_tag","embeddable":true,"href":"https:\/\/radiorevelacionfm.cl\/index.php?rest_route=%2Fwp%2Fv2%2Ftags&post=50259"}],"curies":[{"name":"wp","href":"https:\/\/api.w.org\/{rel}","templated":true}]}}