{"id":50253,"date":"2025-02-02T20:51:14","date_gmt":"2025-02-02T23:51:14","guid":{"rendered":"https:\/\/radiorevelacionfm.cl\/?p=50253"},"modified":"2025-02-02T20:56:15","modified_gmt":"2025-02-02T23:56:15","slug":"cft-estatal-de-aysen-logro-titular-a-70-estudiantes-del-ip-y-cft-los-lagos-quienes-con-gran-emocion-celebraron-este-importante-paso","status":"publish","type":"post","link":"https:\/\/radiorevelacionfm.cl\/?p=50253","title":{"rendered":"CFT Estatal de Ays\u00e9n logr\u00f3 titular a 71 estudiantes del IP y CFT Los Lagos quienes con gran emoci\u00f3n celebraron este importante paso"},"content":{"rendered":"<div class=\"flex_column av_one_full  flex_column_div av-zero-column-padding first  avia-builder-el-0  el_before_av_one_full  avia-builder-el-first  \" style='border-radius:0px; '><div  class='avia-image-container  av-styling-    avia-builder-el-1  avia-builder-el-no-sibling  avia-align-center '  itemprop=\"image\" itemscope=\"itemscope\" itemtype=\"https:\/\/schema.org\/ImageObject\"  ><div class='avia-image-container-inner'><div class='avia-image-overlay-wrap'><img decoding=\"async\" class='wp-image-50254 avia-img-lazy-loading-not-50254 avia_image' src=\"https:\/\/radiorevelacionfm.cl\/wp-content\/uploads\/2025\/02\/TITULACION-4-1-1.jpeg\" alt='' title='TITULACION 4 (1) (1)' height=\"600\" width=\"1067\"  itemprop=\"thumbnailUrl\" srcset=\"https:\/\/radiorevelacionfm.cl\/wp-content\/uploads\/2025\/02\/TITULACION-4-1-1.jpeg 1067w, https:\/\/radiorevelacionfm.cl\/wp-content\/uploads\/2025\/02\/TITULACION-4-1-1-300x169.jpeg 300w, https:\/\/radiorevelacionfm.cl\/wp-content\/uploads\/2025\/02\/TITULACION-4-1-1-1030x579.jpeg 1030w, https:\/\/radiorevelacionfm.cl\/wp-content\/uploads\/2025\/02\/TITULACION-4-1-1-768x432.jpeg 768w, https:\/\/radiorevelacionfm.cl\/wp-content\/uploads\/2025\/02\/TITULACION-4-1-1-705x396.jpeg 705w, https:\/\/radiorevelacionfm.cl\/wp-content\/uploads\/2025\/02\/TITULACION-4-1-1-450x253.jpeg 450w, https:\/\/radiorevelacionfm.cl\/wp-content\/uploads\/2025\/02\/TITULACION-4-1-1-600x337.jpeg 600w\" sizes=\"(max-width: 1067px) 100vw, 1067px\" \/><\/div><\/div><\/div><\/div>\n<div class=\"flex_column av_one_full  flex_column_div av-zero-column-padding first  avia-builder-el-2  el_after_av_one_full  el_before_av_one_full  column-top-margin\" style='border-radius:0px; '><section class=\"av_textblock_section \"  itemscope=\"itemscope\" itemtype=\"https:\/\/schema.org\/BlogPosting\" itemprop=\"blogPost\" ><div class='avia_textblock  '   itemprop=\"text\" ><p style=\"text-align: center;\"><strong><span style=\"font-size: 18pt;\">CFT Estatal de Ays\u00e9n logr\u00f3 titular a 71 estudiantes del IP y CFT Los Lagos quienes con gran emoci\u00f3n celebraron este importante paso<\/span><\/strong><\/p>\n<div id=\"gtx-trans\" style=\"position: absolute; left: -50px; top: 4.31534px;\">\n<div class=\"gtx-trans-icon\"><\/div>\n<\/div>\n<\/div><\/section><\/div><div class=\"flex_column av_one_full  flex_column_div av-zero-column-padding first  avia-builder-el-4  el_after_av_one_full  el_before_av_hr  column-top-margin\" style='border-radius:0px; '><section class=\"av_textblock_section \"  itemscope=\"itemscope\" itemtype=\"https:\/\/schema.org\/BlogPosting\" itemprop=\"blogPost\" ><div class='avia_textblock  '   itemprop=\"text\" ><p style=\"text-align: justify;\">Tras los inconvenientes presentados hace un par de a\u00f1os por el Instituto Profesional y el Centro de Formaci\u00f3n T\u00e9cnica Los Lagos de Coyhaique, fueron alrededor de 400 estudiantes que quedaron a la deriva y necesitaban apoyo para poder concluir sus carreras y lograr el sue\u00f1o de la titulaci\u00f3n.<\/p>\n<p style=\"text-align: justify;\">Este enorme desaf\u00edo lo asumi\u00f3 el CFT Estatal de Ays\u00e9n, liderado por V\u00edctor Hugo \u00c1lvarez, quien, tras un trabajo con todo su equipo, logr\u00f3 sacar adelante esta tremenda responsabilidad, enfocado en los y las estudiantes y sus esforzadas familias.<\/p>\n<p style=\"text-align: justify;\">\u201cEstamos muy emocionados porque hoy d\u00eda es la primera titulaci\u00f3n del Instituto Profesional Los Lagos y el Centro de Formaci\u00f3n T\u00e9cnica Los Lagos. Fue una instituci\u00f3n que cerr\u00f3, que hab\u00eda que hacerse cargo de 400 estudiantes, 400 familias que quedaron sin poder continuar sus estudios y nosotros el Centro de Formaci\u00f3n T\u00e9cnica Estatal de la regi\u00f3n de Ays\u00e9n, nos hicimos cargo de esta operaci\u00f3n de cierre y hoy d\u00eda estamos con los primeros titulados. Por tanto, estamos muy contentos y agradezco a todo nuestro equipo, al equipo t\u00e9cnico, a nuestro equipo directivo, pero tambi\u00e9n al equipo de Coyhaique, que hoy d\u00eda obviamente estamos en la capital regional provocando y operando la continuidad de estudio de estos estudiantes\u201d, se\u00f1al\u00f3 el Rector del CFT Estatal de Ays\u00e9n.<\/p>\n<p style=\"text-align: justify;\">Un rol importante en las gestiones, en poder concretar reuniones y estar pendiente de los estudiantes que quedan sin concluir sus estudios por el cierre del IP y CFT Los Lagos sede Coyhaique, fue la Senadora Ximena Ordenes.<\/p>\n<p style=\"text-align: justify;\">\u201cUn momento muy significativo, 70 estudiantes del ex IP y CFT Los Lagos, que como ustedes saben sufre un cierre, una intervenci\u00f3n, la verdad que un periodo de incertidumbre muy extenso y gracias al trabajo que ha hecho el Centro de Formaci\u00f3n T\u00e9cnica Estatal de Ays\u00e9n, que apoya a estos estudiantes, se le da una alternativa de continuidad y hoy d\u00eda estamos en el primer proceso de titulaci\u00f3n. A m\u00ed me parece que eso es algo que hay que destacar, porque este caso no ocurri\u00f3 solo en la regi\u00f3n de Ays\u00e9n, este caso afect\u00f3 a m\u00e1s de 3000 estudiantes a lo largo de todo el territorio nacional y quiero destacar el trabajo que han hecho los delegados del IP CFT Los Lagos y hoy d\u00eda es un d\u00eda de fiesta, de celebraci\u00f3n. Yo nunca imagin\u00e9 esta escena cuando conoc\u00ed la noticia del cierre, as\u00ed que estoy muy contenta de poder participar en esta ceremonia tan significativa y tan importante para 70 familias de Ays\u00e9n\u201d.<\/p>\n<p style=\"text-align: justify;\">En la ceremonia tambi\u00e9n estuvo presente y reafirmando su compromiso con los j\u00f3venes y personas que lograron titularse, el Senador David Sandoval, quien resaltaba adem\u00e1s el importante rol del CFT Estatal de Ays\u00e9n para este proceso, \u201caqu\u00ed hay que destacar que el CFT de Ays\u00e9n los tom\u00f3, apadrin\u00f3 este proceso de t\u00e9rmino, desde una situaci\u00f3n que no ten\u00edan nada que ver ellos y asumieron la continuidad, el cierre y el proceso de titulaci\u00f3n de los j\u00f3venes que estaban estudiando. Y qu\u00e9 bueno que sea este proceso y qu\u00e9 bueno el rol que cumpli\u00f3 el CFT en sanear este tema y asumir la posta en un momento muy dif\u00edcil. Por ello, felicitar al CFT Ays\u00e9n que se hizo cargo de este tema y a todo su equipo de acad\u00e9micos y docentes que llevaron adelante este este proceso\u201d.<\/p>\n<p style=\"text-align: justify;\">Desde el Gobierno, fue el Delegado Presidencial Regional, Jorge D\u00edaz Guzm\u00e1n, quien a nombre del Presidente Gabriel Boric, daba cuenta de la importancia que el ejecutivo entrega al tema educativo. \u201cLa educaci\u00f3n p\u00fablica, tanto pre b\u00e1sica, b\u00e1sica, media y superior en nuestra regi\u00f3n est\u00e1 en muy buenas manos. Sin duda que, el liderazgo del Rector hizo posible que este instituto estaba en manos de privado y que por alguna raz\u00f3n tuvo que terminar su vida acad\u00e9mica, la tomara precisamente una instituci\u00f3n p\u00fablica como el CFT estatal de Ays\u00e9n y por lo tanto tal como lo dije en la ceremonia, creo que por una parte el di\u00e1logo, la conversaci\u00f3n, el ponerse de acuerdo cuando hay que buscar soluciones, es un valor que tenemos las personas que estamos en la cosa p\u00fablica, en este caso, el Rector, la Senadora, el Senador, el Diputado, todos los que colaboraron\u201d.<\/p>\n<p style=\"text-align: justify;\">En tanto, el Gobernador Regional de Ays\u00e9n, Marcelo Santana, felicit\u00f3 a quienes lograron titularse tras a\u00f1os de esfuerzo, que como se ha se\u00f1alado no estuvieron exentos de inconvenientes, pero concluyeron con un momento de emoci\u00f3n y felicidad.<\/p>\n<p style=\"text-align: justify;\">\u201cLa formaci\u00f3n continua y la educaci\u00f3n en la regi\u00f3n de Ays\u00e9n es fundamental para cimentar bases de un crecimiento sostenible. Tenemos que seguir formando capital humano, por eso, lo que sucedi\u00f3 respecto de la titulaci\u00f3n de m\u00e1s de 70 hombres y mujeres que ven\u00edan del proceso de IP Los Lagos y que luego gracias al apoyo del CFT Ays\u00e9n lograron obtener su t\u00edtulo, es muy importante. Queremos felicitar a esos j\u00f3venes, a esas personas, esas mujeres, que lograron su anhelada titulaci\u00f3n y que hoy d\u00eda son parte de nuestra regi\u00f3n con un t\u00edtulo profesional, con un t\u00edtulo t\u00e9cnico y eso nos ayuda a generar cimientos de crecimiento para Ays\u00e9n. Felicitar tambi\u00e9n a todo el equipo del CFT que ayud\u00f3 a que este proceso llegara con \u00e9xito\u201d.<\/p>\n<p style=\"text-align: justify;\">Karen Ayancan, es una de las personas que lider\u00f3 el proceso para que ella y sus compa\u00f1eros logren titularse en la carrera donde estudiaron, se esforzaron, restando tiempo familiar, estudiando despu\u00e9s del trabajo y con gran empe\u00f1o, quiso agradecer la confianza depositada en ella y valor\u00f3 el respaldo de autoridades como la Senadora Ordenes, todos los parlamentarios y del Rector del CFT Estatal de Ays\u00e9n.<\/p>\n<p style=\"text-align: justify;\">\u201cFue algo sumamente dif\u00edcil, doloroso para todos nosotros como estudiantes, quedar de la noche a la ma\u00f1ana a la deriva sin saber qu\u00e9 hacer, si podr\u00edamos terminar o si podr\u00edamos alg\u00fan d\u00eda llegar a concluir nuestros estudios fue bastante cr\u00edtico. La incertidumbre de repente mata mucho, pero logramos sacar esto adelante y hoy en d\u00eda estamos felices y agradecido del tanto del CFT Estatal, como de todas las personas que fueron parte de este proceso y que podamos estar hoy d\u00eda ac\u00e1 y podamos tener nuestros t\u00edtulos en mano. Un agradecimiento enorme al rector del Centro de Formaci\u00f3n T\u00e9cnica don V\u00edctor \u00c1lvarez, porque no era una tarea f\u00e1cil la que asumi\u00f3 y \u00e9l pensando en el futuro de su regi\u00f3n, tom\u00f3 este desaf\u00edo y lo ha hecho maravillosamente, tenemos mucho agradecimiento hacia \u00e9l\u201d.<\/p>\n<p style=\"text-align: justify;\">Los 71 hombres y mujeres que se titularon en esta oportunidad fue mediante las carreras de, T\u00e9cnico Nivel Superior en Educaci\u00f3n Parvularia, T\u00e9cnico Nivel Superior en Construcci\u00f3n, T\u00e9cnico en Nivel Superior en Educaci\u00f3n Diferencial, T\u00e9cnico Nivel Superior en Enfermer\u00eda, T\u00e9cnico Nivel Superior en Rehabilitaci\u00f3n a Personas Drogodependientes, T\u00e9cnico Nivel Superior en Administraci\u00f3n Publica, T\u00e9cnico en Nivel Superior en Administraci\u00f3n de Empresas, T\u00e9cnico Nivel Superior en Recursos Humanos, Construcci\u00f3n Civil y Administraci\u00f3n P\u00fablica.<\/p>\n<\/div><\/section><\/div><\/p>\n<div  style='height:50px' class='hr hr-invisible   avia-builder-el-6  el_after_av_one_full  el_before_av_social_share '><span class='hr-inner ' ><span class='hr-inner-style'><\/span><\/span><\/div>\n<div  class='av-social-sharing-box  avia-builder-el-7  el_after_av_hr  el_before_av_hr  '><div class='av-share-box'><h5 class='av-share-link-description av-no-toc '>Compartir esta noticia<\/h5><ul class='av-share-box-list noLightbox'><li class='av-share-link av-social-link-facebook' ><a target=\"_blank\" aria-label=\"Compartir en Facebook\" href='https:\/\/www.facebook.com\/sharer.php?u=https:\/\/radiorevelacionfm.cl\/?p=50253&#038;t=CFT%20Estatal%20de%20Ays%C3%A9n%20logr%C3%B3%20titular%20a%2071%20estudiantes%20del%20IP%20y%20CFT%20Los%20Lagos%20quienes%20con%20gran%20emoci%C3%B3n%20celebraron%20este%20importante%20paso' aria-hidden='false' data-av_icon='\ue8f3' data-av_iconfont='entypo-fontello' title='' data-avia-related-tooltip='Compartir en Facebook' rel=\"noopener\"><span class='avia_hidden_link_text'>Compartir en Facebook<\/span><\/a><\/li><li class='av-share-link av-social-link-twitter' ><a target=\"_blank\" aria-label=\"Compartir en Twitter\" href='https:\/\/twitter.com\/share?text=CFT%20Estatal%20de%20Ays%C3%A9n%20logr%C3%B3%20titular%20a%2071%20estudiantes%20del%20IP%20y%20CFT%20Los%20Lagos%20quienes%20con%20gran%20emoci%C3%B3n%20celebraron%20este%20importante%20paso&#038;url=https:\/\/radiorevelacionfm.cl\/?p=50253' aria-hidden='false' data-av_icon='\ue8f1' data-av_iconfont='entypo-fontello' title='' data-avia-related-tooltip='Compartir en Twitter' rel=\"noopener\"><span class='avia_hidden_link_text'>Compartir en Twitter<\/span><\/a><\/li><li class='av-share-link av-social-link-whatsapp' ><a target=\"_blank\" aria-label=\"Compartir en Whatsapp\" href='https:\/\/api.whatsapp.com\/send?text=https:\/\/radiorevelacionfm.cl\/?p=50253' aria-hidden='false' data-av_icon='\uf232' data-av_iconfont='entypo-fontello' title='' data-avia-related-tooltip='Compartir en Whatsapp' rel=\"noopener\"><span class='avia_hidden_link_text'>Compartir en Whatsapp<\/span><\/a><\/li><li class='av-share-link av-social-link-linkedin' ><a target=\"_blank\" aria-label=\"Compartir en LinkedIn\" href='https:\/\/linkedin.com\/shareArticle?mini=true&#038;title=CFT%20Estatal%20de%20Ays%C3%A9n%20logr%C3%B3%20titular%20a%2071%20estudiantes%20del%20IP%20y%20CFT%20Los%20Lagos%20quienes%20con%20gran%20emoci%C3%B3n%20celebraron%20este%20importante%20paso&#038;url=https:\/\/radiorevelacionfm.cl\/?p=50253' aria-hidden='false' data-av_icon='\ue8fc' data-av_iconfont='entypo-fontello' title='' data-avia-related-tooltip='Compartir en LinkedIn' rel=\"noopener\"><span class='avia_hidden_link_text'>Compartir en LinkedIn<\/span><\/a><\/li><li class='av-share-link av-social-link-mail' ><a  aria-label=\"Compartir por correo\" href='mailto:?subject=CFT%20Estatal%20de%20Ays%C3%A9n%20logr%C3%B3%20titular%20a%2071%20estudiantes%20del%20IP%20y%20CFT%20Los%20Lagos%20quienes%20con%20gran%20emoci%C3%B3n%20celebraron%20este%20importante%20paso&#038;body=https:\/\/radiorevelacionfm.cl\/?p=50253' aria-hidden='false' data-av_icon='\ue805' data-av_iconfont='entypo-fontello' title='' data-avia-related-tooltip='Compartir por correo'><span class='avia_hidden_link_text'>Compartir por correo<\/span><\/a><\/li><\/ul><\/div><\/div>\n<div  style='height:50px' class='hr hr-invisible   avia-builder-el-8  el_after_av_social_share  el_before_av_comments_list '><span class='hr-inner ' ><span class='hr-inner-style'><\/span><\/span><\/div>\n<div  class='av-buildercomment  av-blog-meta-html-info-disabled av-blog-meta-tag-disabled  '><\/div>\n","protected":false},"excerpt":{"rendered":"","protected":false},"author":1,"featured_media":50254,"comment_status":"open","ping_status":"open","sticky":false,"template":"","format":"standard","meta":{"footnotes":""},"categories":[49],"tags":[],"class_list":["post-50253","post","type-post","status-publish","format-standard","has-post-thumbnail","hentry","category-educacion"],"jetpack_featured_media_url":"https:\/\/radiorevelacionfm.cl\/wp-content\/uploads\/2025\/02\/TITULACION-4-1-1.jpeg","_links":{"self":[{"href":"https:\/\/radiorevelacionfm.cl\/index.php?rest_route=\/wp\/v2\/posts\/50253","targetHints":{"allow":["GET"]}}],"collection":[{"href":"https:\/\/radiorevelacionfm.cl\/index.php?rest_route=\/wp\/v2\/posts"}],"about":[{"href":"https:\/\/radiorevelacionfm.cl\/index.php?rest_route=\/wp\/v2\/types\/post"}],"author":[{"embeddable":true,"href":"https:\/\/radiorevelacionfm.cl\/index.php?rest_route=\/wp\/v2\/users\/1"}],"replies":[{"embeddable":true,"href":"https:\/\/radiorevelacionfm.cl\/index.php?rest_route=%2Fwp%2Fv2%2Fcomments&post=50253"}],"version-history":[{"count":2,"href":"https:\/\/radiorevelacionfm.cl\/index.php?rest_route=\/wp\/v2\/posts\/50253\/revisions"}],"predecessor-version":[{"id":50256,"href":"https:\/\/radiorevelacionfm.cl\/index.php?rest_route=\/wp\/v2\/posts\/50253\/revisions\/50256"}],"wp:featuredmedia":[{"embeddable":true,"href":"https:\/\/radiorevelacionfm.cl\/index.php?rest_route=\/wp\/v2\/media\/50254"}],"wp:attachment":[{"href":"https:\/\/radiorevelacionfm.cl\/index.php?rest_route=%2Fwp%2Fv2%2Fmedia&parent=50253"}],"wp:term":[{"taxonomy":"category","embeddable":true,"href":"https:\/\/radiorevelacionfm.cl\/index.php?rest_route=%2Fwp%2Fv2%2Fcategories&post=50253"},{"taxonomy":"post_tag","embeddable":true,"href":"https:\/\/radiorevelacionfm.cl\/index.php?rest_route=%2Fwp%2Fv2%2Ftags&post=50253"}],"curies":[{"name":"wp","href":"https:\/\/api.w.org\/{rel}","templated":true}]}}