{"id":50250,"date":"2025-02-03T10:28:11","date_gmt":"2025-02-03T13:28:11","guid":{"rendered":"https:\/\/radiorevelacionfm.cl\/?p=50250"},"modified":"2025-02-03T10:28:11","modified_gmt":"2025-02-03T13:28:11","slug":"senador-sandoval-visito-obras-de-construccion-de-nuevo-aeropuerto-de-balmaceda-nos-alegramos-cuando-se-producen-avances","status":"publish","type":"post","link":"https:\/\/radiorevelacionfm.cl\/?p=50250","title":{"rendered":"Senador Sandoval visit\u00f3 obras de construcci\u00f3n de nuevo aeropuerto de Balmaceda: \u201cNos alegramos cuando se producen avances\u201d"},"content":{"rendered":"<div class=\"flex_column av_one_full  flex_column_div av-zero-column-padding first  avia-builder-el-0  el_before_av_one_full  avia-builder-el-first  \" style='border-radius:0px; '><div  class='avia-image-container  av-styling-    avia-builder-el-1  avia-builder-el-no-sibling  avia-align-center '  itemprop=\"image\" itemscope=\"itemscope\" itemtype=\"https:\/\/schema.org\/ImageObject\"  ><div class='avia-image-container-inner'><div class='avia-image-overlay-wrap'><img decoding=\"async\" class='wp-image-50251 avia-img-lazy-loading-not-50251 avia_image' src=\"https:\/\/radiorevelacionfm.cl\/wp-content\/uploads\/2025\/02\/visita-aeropuerto-2-1_optimized-1.jpg\" alt='' title='visita-aeropuerto-2-(1)_optimized (1)' height=\"600\" width=\"983\"  itemprop=\"thumbnailUrl\" srcset=\"https:\/\/radiorevelacionfm.cl\/wp-content\/uploads\/2025\/02\/visita-aeropuerto-2-1_optimized-1.jpg 983w, https:\/\/radiorevelacionfm.cl\/wp-content\/uploads\/2025\/02\/visita-aeropuerto-2-1_optimized-1-300x183.jpg 300w, https:\/\/radiorevelacionfm.cl\/wp-content\/uploads\/2025\/02\/visita-aeropuerto-2-1_optimized-1-768x469.jpg 768w, https:\/\/radiorevelacionfm.cl\/wp-content\/uploads\/2025\/02\/visita-aeropuerto-2-1_optimized-1-705x430.jpg 705w, https:\/\/radiorevelacionfm.cl\/wp-content\/uploads\/2025\/02\/visita-aeropuerto-2-1_optimized-1-450x275.jpg 450w, https:\/\/radiorevelacionfm.cl\/wp-content\/uploads\/2025\/02\/visita-aeropuerto-2-1_optimized-1-600x366.jpg 600w\" sizes=\"(max-width: 983px) 100vw, 983px\" \/><\/div><\/div><\/div><\/div><div class=\"flex_column av_one_full  flex_column_div av-zero-column-padding first  avia-builder-el-2  el_after_av_one_full  el_before_av_one_full  column-top-margin\" style='border-radius:0px; '><section class=\"av_textblock_section \"  itemscope=\"itemscope\" itemtype=\"https:\/\/schema.org\/BlogPosting\" itemprop=\"blogPost\" ><div class='avia_textblock  '   itemprop=\"text\" ><p style=\"text-align: center;\"><span style=\"font-size: 18pt;\"><strong>Senador Sandoval visit\u00f3 obras de construcci\u00f3n de nuevo aeropuerto de Balmaceda: <\/strong><strong>\u201cNos alegramos cuando se producen avances\u201d<\/strong><\/span><\/p>\n<div id=\"gtx-trans\" style=\"position: absolute; left: -50px; top: 4.31534px;\">\n<div class=\"gtx-trans-icon\"><\/div>\n<\/div>\n<\/div><\/section><\/div><div class=\"flex_column av_one_full  flex_column_div av-zero-column-padding first  avia-builder-el-4  el_after_av_one_full  el_before_av_hr  column-top-margin\" style='border-radius:0px; '><section class=\"av_textblock_section \"  itemscope=\"itemscope\" itemtype=\"https:\/\/schema.org\/BlogPosting\" itemprop=\"blogPost\" ><div class='avia_textblock  '   itemprop=\"text\" ><p style=\"text-align: justify;\"><em>Parlamentario destac\u00f3 la importancia que tiene el recinto, como una de las principales puertas de entada a la regi\u00f3n de Ays\u00e9n.<\/em><\/p>\n<p style=\"text-align: justify;\">Una visita para conocer los avances de las obras de construcci\u00f3n del nuevo aeropuerto de Balmaceda realiz\u00f3 en los \u00faltimos d\u00edas el senador David Sandoval.<\/p>\n<p style=\"text-align: justify;\">En la oportunidad, el parlamentario pudo constatar los trabajos que se est\u00e1n desarrollando, considerando que el actual recinto tiene 3.500 m2 de construcci\u00f3n, mientras que las nuevas instalaciones contemplan casi 14.000 m2, con 5 mangas de embarque de pasajeros y una alta tecnolog\u00eda para que aquello sea m\u00e1s r\u00e1pido, entre otros temas. \u201cNos alegramos cuando se producen avances. De alguna manera hoy d\u00eda hay harta gente que vive en torno al tema del aeropuerto, a trav\u00e9s de distintos servicios\u201d, se\u00f1al\u00f3, agregando que esto tambi\u00e9n representa una oportunidad para mejorar distintos temas para la propia comunidad local.<\/p>\n<p style=\"text-align: justify;\">Otro punto en el que hizo hincapi\u00e9 Sandoval fue en la mano de obra que all\u00ed trabaja, donde si bien destac\u00f3 que sean poco m\u00e1s de 300 personas, solo un 30% de ellas son de la regi\u00f3n, lo que se debe a su juicio a la falta de personal especializado en la propia zona. \u201cLa mayor\u00eda son de afuera porque est\u00e1n en el \u00e1mbito de la especialidad. Aqu\u00ed no est\u00e1n las competencias y los que son de la regi\u00f3n est\u00e1n para las obras gruesas. Por el eso rol del CFT, de la universidad es fundamental en la formaci\u00f3n\u201d, subray\u00f3.<\/p>\n<p style=\"text-align: justify;\">Finalmente, el legislador agradeci\u00f3 la disposici\u00f3n para recorrer el lugar de la Empresa Red Aeroportuaria Austral, que est\u00e1 a cargo de los trabajos, a trav\u00e9s de su gerente t\u00e9cnico Jorge Gonz\u00e1lez.<\/p>\n<p style=\"text-align: justify;\">Cabe se\u00f1alar que las obras, seg\u00fan pudo constatar el senador Sandoval, tendr\u00edan plazo de t\u00e9rmino para mayo de 2026, si bien esto puede adelantarse algunos meses.<\/p>\n<\/div><\/section><\/div><div  style='height:50px' class='hr hr-invisible   avia-builder-el-6  el_after_av_one_full  el_before_av_social_share '><span class='hr-inner ' ><span class='hr-inner-style'><\/span><\/span><\/div><\/p>\n<div  class='av-social-sharing-box  avia-builder-el-7  el_after_av_hr  el_before_av_hr  '><div class='av-share-box'><h5 class='av-share-link-description av-no-toc '>Compartir esta noticia<\/h5><ul class='av-share-box-list noLightbox'><li class='av-share-link av-social-link-facebook' ><a target=\"_blank\" aria-label=\"Compartir en Facebook\" href='https:\/\/www.facebook.com\/sharer.php?u=https:\/\/radiorevelacionfm.cl\/?p=50250&#038;t=Senador%20Sandoval%20visit%C3%B3%20obras%20de%20construcci%C3%B3n%20de%20nuevo%20aeropuerto%20de%20Balmaceda%3A%20%E2%80%9CNos%20alegramos%20cuando%20se%20producen%20avances%E2%80%9D' aria-hidden='false' data-av_icon='\ue8f3' data-av_iconfont='entypo-fontello' title='' data-avia-related-tooltip='Compartir en Facebook' rel=\"noopener\"><span class='avia_hidden_link_text'>Compartir en Facebook<\/span><\/a><\/li><li class='av-share-link av-social-link-twitter' ><a target=\"_blank\" aria-label=\"Compartir en Twitter\" href='https:\/\/twitter.com\/share?text=Senador%20Sandoval%20visit%C3%B3%20obras%20de%20construcci%C3%B3n%20de%20nuevo%20aeropuerto%20de%20Balmaceda%3A%20%E2%80%9CNos%20alegramos%20cuando%20se%20producen%20avances%E2%80%9D&#038;url=https:\/\/radiorevelacionfm.cl\/?p=50250' aria-hidden='false' data-av_icon='\ue8f1' data-av_iconfont='entypo-fontello' title='' data-avia-related-tooltip='Compartir en Twitter' rel=\"noopener\"><span class='avia_hidden_link_text'>Compartir en Twitter<\/span><\/a><\/li><li class='av-share-link av-social-link-whatsapp' ><a target=\"_blank\" aria-label=\"Compartir en Whatsapp\" href='https:\/\/api.whatsapp.com\/send?text=https:\/\/radiorevelacionfm.cl\/?p=50250' aria-hidden='false' data-av_icon='\uf232' data-av_iconfont='entypo-fontello' title='' data-avia-related-tooltip='Compartir en Whatsapp' rel=\"noopener\"><span class='avia_hidden_link_text'>Compartir en Whatsapp<\/span><\/a><\/li><li class='av-share-link av-social-link-linkedin' ><a target=\"_blank\" aria-label=\"Compartir en LinkedIn\" href='https:\/\/linkedin.com\/shareArticle?mini=true&#038;title=Senador%20Sandoval%20visit%C3%B3%20obras%20de%20construcci%C3%B3n%20de%20nuevo%20aeropuerto%20de%20Balmaceda%3A%20%E2%80%9CNos%20alegramos%20cuando%20se%20producen%20avances%E2%80%9D&#038;url=https:\/\/radiorevelacionfm.cl\/?p=50250' aria-hidden='false' data-av_icon='\ue8fc' data-av_iconfont='entypo-fontello' title='' data-avia-related-tooltip='Compartir en LinkedIn' rel=\"noopener\"><span class='avia_hidden_link_text'>Compartir en LinkedIn<\/span><\/a><\/li><li class='av-share-link av-social-link-mail' ><a  aria-label=\"Compartir por correo\" href='mailto:?subject=Senador%20Sandoval%20visit%C3%B3%20obras%20de%20construcci%C3%B3n%20de%20nuevo%20aeropuerto%20de%20Balmaceda%3A%20%E2%80%9CNos%20alegramos%20cuando%20se%20producen%20avances%E2%80%9D&#038;body=https:\/\/radiorevelacionfm.cl\/?p=50250' aria-hidden='false' data-av_icon='\ue805' data-av_iconfont='entypo-fontello' title='' data-avia-related-tooltip='Compartir por correo'><span class='avia_hidden_link_text'>Compartir por correo<\/span><\/a><\/li><\/ul><\/div><\/div>\n<div  style='height:50px' class='hr hr-invisible   avia-builder-el-8  el_after_av_social_share  el_before_av_comments_list '><span class='hr-inner ' ><span class='hr-inner-style'><\/span><\/span><\/div>\n<div  class='av-buildercomment  av-blog-meta-html-info-disabled av-blog-meta-tag-disabled  '><\/div>\n","protected":false},"excerpt":{"rendered":"","protected":false},"author":1,"featured_media":50251,"comment_status":"open","ping_status":"open","sticky":false,"template":"","format":"standard","meta":{"footnotes":""},"categories":[35],"tags":[],"class_list":["post-50250","post","type-post","status-publish","format-standard","has-post-thumbnail","hentry","category-politica"],"jetpack_featured_media_url":"https:\/\/radiorevelacionfm.cl\/wp-content\/uploads\/2025\/02\/visita-aeropuerto-2-1_optimized-1.jpg","_links":{"self":[{"href":"https:\/\/radiorevelacionfm.cl\/index.php?rest_route=\/wp\/v2\/posts\/50250","targetHints":{"allow":["GET"]}}],"collection":[{"href":"https:\/\/radiorevelacionfm.cl\/index.php?rest_route=\/wp\/v2\/posts"}],"about":[{"href":"https:\/\/radiorevelacionfm.cl\/index.php?rest_route=\/wp\/v2\/types\/post"}],"author":[{"embeddable":true,"href":"https:\/\/radiorevelacionfm.cl\/index.php?rest_route=\/wp\/v2\/users\/1"}],"replies":[{"embeddable":true,"href":"https:\/\/radiorevelacionfm.cl\/index.php?rest_route=%2Fwp%2Fv2%2Fcomments&post=50250"}],"version-history":[{"count":1,"href":"https:\/\/radiorevelacionfm.cl\/index.php?rest_route=\/wp\/v2\/posts\/50250\/revisions"}],"predecessor-version":[{"id":50252,"href":"https:\/\/radiorevelacionfm.cl\/index.php?rest_route=\/wp\/v2\/posts\/50250\/revisions\/50252"}],"wp:featuredmedia":[{"embeddable":true,"href":"https:\/\/radiorevelacionfm.cl\/index.php?rest_route=\/wp\/v2\/media\/50251"}],"wp:attachment":[{"href":"https:\/\/radiorevelacionfm.cl\/index.php?rest_route=%2Fwp%2Fv2%2Fmedia&parent=50250"}],"wp:term":[{"taxonomy":"category","embeddable":true,"href":"https:\/\/radiorevelacionfm.cl\/index.php?rest_route=%2Fwp%2Fv2%2Fcategories&post=50250"},{"taxonomy":"post_tag","embeddable":true,"href":"https:\/\/radiorevelacionfm.cl\/index.php?rest_route=%2Fwp%2Fv2%2Ftags&post=50250"}],"curies":[{"name":"wp","href":"https:\/\/api.w.org\/{rel}","templated":true}]}}