{"id":50243,"date":"2025-02-02T17:03:25","date_gmt":"2025-02-02T20:03:25","guid":{"rendered":"https:\/\/radiorevelacionfm.cl\/?p=50243"},"modified":"2025-02-02T17:03:25","modified_gmt":"2025-02-02T20:03:25","slug":"participa-con-tu-empresa-de-turismo-en-los-tours-previos-a-la-cumbre-mundial-de-turismo-aventura-de-atta","status":"publish","type":"post","link":"https:\/\/radiorevelacionfm.cl\/?p=50243","title":{"rendered":"Participa con tu empresa de turismo en los tours previos a la Cumbre Mundial de Turismo Aventura de ATTA"},"content":{"rendered":"<div class=\"flex_column av_one_full  flex_column_div av-zero-column-padding first  avia-builder-el-0  el_before_av_one_full  avia-builder-el-first  \" style='border-radius:0px; '><div  class='avia-image-container  av-styling-    avia-builder-el-1  avia-builder-el-no-sibling  avia-align-center '  itemprop=\"image\" itemscope=\"itemscope\" itemtype=\"https:\/\/schema.org\/ImageObject\"  ><div class='avia-image-container-inner'><div class='avia-image-overlay-wrap'><img decoding=\"async\" class='wp-image-50244 avia-img-lazy-loading-not-50244 avia_image' src=\"https:\/\/radiorevelacionfm.cl\/wp-content\/uploads\/2025\/02\/Turismo-1.jpg\" alt='' title='Turismo (1)' height=\"600\" width=\"939\"  itemprop=\"thumbnailUrl\" srcset=\"https:\/\/radiorevelacionfm.cl\/wp-content\/uploads\/2025\/02\/Turismo-1.jpg 939w, https:\/\/radiorevelacionfm.cl\/wp-content\/uploads\/2025\/02\/Turismo-1-300x192.jpg 300w, https:\/\/radiorevelacionfm.cl\/wp-content\/uploads\/2025\/02\/Turismo-1-768x491.jpg 768w, https:\/\/radiorevelacionfm.cl\/wp-content\/uploads\/2025\/02\/Turismo-1-705x450.jpg 705w, https:\/\/radiorevelacionfm.cl\/wp-content\/uploads\/2025\/02\/Turismo-1-450x288.jpg 450w, https:\/\/radiorevelacionfm.cl\/wp-content\/uploads\/2025\/02\/Turismo-1-600x383.jpg 600w\" sizes=\"(max-width: 939px) 100vw, 939px\" \/><\/div><\/div><\/div><\/div><div class=\"flex_column av_one_full  flex_column_div av-zero-column-padding first  avia-builder-el-2  el_after_av_one_full  el_before_av_one_full  column-top-margin\" style='border-radius:0px; '><section class=\"av_textblock_section \"  itemscope=\"itemscope\" itemtype=\"https:\/\/schema.org\/BlogPosting\" itemprop=\"blogPost\" ><div class='avia_textblock  '   itemprop=\"text\" ><p style=\"text-align: center;\"><span style=\"font-size: 18pt;\"><strong>Participa con tu empresa de turismo en los tours previos a la Cumbre Mundial de Turismo Aventura de ATTA<\/strong><\/span><\/p>\n<div id=\"gtx-trans\" style=\"position: absolute; left: -50px; top: 4.31534px;\">\n<div class=\"gtx-trans-icon\"><\/div>\n<\/div>\n<\/div><\/section><\/div><div class=\"flex_column av_one_full  flex_column_div av-zero-column-padding first  avia-builder-el-4  el_after_av_one_full  el_before_av_hr  column-top-margin\" style='border-radius:0px; '><section class=\"av_textblock_section \"  itemscope=\"itemscope\" itemtype=\"https:\/\/schema.org\/BlogPosting\" itemprop=\"blogPost\" ><div class='avia_textblock  '   itemprop=\"text\" ><p style=\"text-align: justify;\"><em>El proceso de postulaci\u00f3n para ser parte de los Pre-Summit Adventures estar\u00e1 abierto hasta el 21 de febrero de 2025.<\/em><\/p>\n<p style=\"text-align: justify;\">Chile ser\u00e1 la sede de la Adventure Travel World Summit 2025, el evento de turismo aventura m\u00e1s importante del mundo. En octubre de este a\u00f1o, entre el 13 y el 16, Puerto Natales recibir\u00e1 a m\u00e1s de 800 profesionales de distintos pa\u00edses que se reunir\u00e1n para presenciar las conferencias y los paneles de discusi\u00f3n, participar en los espacios de networking, compartir experiencias y m\u00e1s.<\/p>\n<p style=\"text-align: justify;\">Es en este marco que, en los d\u00edas previos a la cumbre, se realizar\u00e1n tours por diferentes zonas del pa\u00eds, instancias denominadas Pre-Summit Adventures, en las que las empresas de turismo chilenas podr\u00e1n ofrecer sus productos y servicios. Estos tours tendr\u00e1n lugar entre los d\u00edas 6 y 12 de octubre.<\/p>\n<p style=\"text-align: justify;\">Por esta raz\u00f3n, la Subsecretar\u00eda de Turismo y Sernatur anunciaron un proceso de postulaci\u00f3n para que operadores y agencias nacionales presenten sus propuestas de tours, con el fin de que los asistentes a la cumbre puedan explorar diferentes destinos del pa\u00eds y experimentar la oferta tur\u00edstica local antes del inicio de la conferencia.<\/p>\n<p style=\"text-align: justify;\">Ver\u00f3nica Pardo, subsecretaria de Turismo, se\u00f1al\u00f3 que \u201cChile es sin\u00f3nimo de turismo de naturaleza y aventura, por lo que ser sede de este importante evento es fundamental para seguir consolid\u00e1ndonos a nivel mundial. Es una oportunidad \u00fanica para mostrar al mundo nuestra riqueza natural y la diversidad de experiencias que ofrecemos como destino. Invito a todos y todas a participar, a trabajar juntos y a potenciar a Chile en esta instancia, donde los ojos del mundo estar\u00e1n puestos en nosotros\u201d.<\/p>\n<p style=\"text-align: justify;\">Aunque la cumbre se realice en la Regi\u00f3n de Magallanes y la Ant\u00e1rtica Chilena, los Pre-Summit Adventures dar\u00e1n a conocer los atractivos de aventura de las diferentes macrozonas de Chile, por lo que pueden participar empresas con operaciones en todo el territorio nacional.<\/p>\n<p style=\"text-align: justify;\">Sobre la oferta que deben subir las empresas, el director nacional de Sernatur, Crist\u00f3bal Ben\u00edtez, asegur\u00f3 que \u201ctenemos una gran oportunidad para seguir posicionando los destinos nacionales como referentes globales en turismo de aventura, por lo tanto, nuestro llamado es que las propuestas de las empresas de turismo sean \u00fanicas e incluyan elementos clave, como actividades de aventura con un fuerte enfoque en la interacci\u00f3n con la naturaleza y la cultura local, con el fin de que la experiencia de quienes nos visitan sea memorable y nos recomienden en el futuro, lo que se convertir\u00e1 en futuras oportunidades de venta\u201d.<\/p>\n<p style=\"text-align: justify;\">Por su parte, el director regional de Sernatur, Claudio Montecinos, relev\u00f3 la importancia de esta convocatoria para la regi\u00f3n de Ays\u00e9n, \u201cla posibilidad de realizar estos pre summit en la regi\u00f3n de Ays\u00e9n son una tremenda oportunidad para posicionar Ays\u00e9n Patagonia como un destino de turismo de naturaleza y aventura a nivel mundial. Invitamos a las empresas y operadores turisticos regionales a conocer y ser parte de este proceso, que permitir\u00e1 dar a conocer la experiencia de visitar nuestra regi\u00f3n a los principales tomadores de decisiones de turismo del mundo\u201d.<\/p>\n<p style=\"text-align: justify;\"><strong>\u00bfC\u00f3mo postular a los Pre-Summit Adventures?<\/strong><\/p>\n<p style=\"text-align: justify;\">Para ser anfitri\u00f3n en los Pre-Summit Adventures, deben postular operadores y agencias de viajes socias o beneficiarias de gremios vigentes de empresas tur\u00edsticas, programas estrat\u00e9gicos regionales (PER), programas territoriales integrados (PTI) o programas mesorregionales. Ser\u00e1n estas instancias las responsables de canalizar las propuestas.<\/p>\n<p style=\"text-align: justify;\">En <a href=\"http:\/\/www.sernatur.cl\/ferias_y_eventos\/adventure-travel-world-summit-2025\">sernatur.cl\/ferias_y_eventos\/adventure-travel-world-summit-2025<\/a>, est\u00e1n disponibles los requisitos y toda la informaci\u00f3n necesaria para postular, as\u00ed como los criterios de selecci\u00f3n, sus respectivas ponderaciones y los elementos que deben contener los itinerarios que propongan.<\/p>\n<p style=\"text-align: justify;\">Para conocer m\u00e1s detalles de c\u00f3mo efectuar la postulaci\u00f3n, Subturismo y Sernatur invitan a una <a href=\"https:\/\/teams.microsoft.com\/l\/meetup-join\/19%3ameeting_ODYxNDQ4M2YtZGQ2OC00MjIzLTg4MjEtNGEzODE0ZmMxYWIy%40thread.v2\/0?context=%7b%22Tid%22%3a%22f0fbb461-2328-4d54-8bc5-a0eade1188a8%22%2c%22Oid%22%3a%22c9f26c54-8884-4211-bdf9-8151246ff601%22%7d\">reuni\u00f3n informativa para el mi\u00e9rcoles 5 de febrero de 2025 a las 12:00 horas, v\u00eda Teams<\/a>.<\/p>\n<p style=\"text-align: justify;\">Finalmente, para formalizar la postulaci\u00f3n, cada empresa debe enviar los documentos que se solicitan al correo <a href=\"mailto:eventos@chile.travel\">eventos@chile.travel<\/a>. Las ofertas propuestas se recibir\u00e1n hasta las 12:00 horas del viernes 21 de febrero de 2025.<\/p>\n<p style=\"text-align: justify;\"><strong>\u00bfQu\u00e9 son los Pre-Summit Adventures de ATTA?<\/strong><\/p>\n<p style=\"text-align: justify;\">Los Pre-Summit Adventures son experiencias exclusivas para que los tomadores de decisiones (operadores tur\u00edsticos emisivos y receptivos, agentes de viajes, medios de comunicaci\u00f3n, oficinas de turismo y otros representantes clave de la cadena de suministro global de turismo de aventura) exploren de primera mano los destinos anfitriones y conozcan la oferta tur\u00edstica local.<\/p>\n<p style=\"text-align: justify;\">Estos tours son la antesala a la Cumbre Mundial de Turismo Aventura de ATTA y representan una oportunidad invaluable para conectar con tomadores de decisiones de todo el mundo y generar negocios.<\/p>\n<p style=\"text-align: justify;\">Las empresas que formen parte de los Pre-Summit Adventures alcanzar\u00e1n visibilidad internacional, podr\u00e1n participar en espacios de networking donde generar\u00e1n negocios y fortalecer\u00e1n la imagen de sus marcas y del pa\u00eds.<\/p>\n<\/div><\/section><\/div><div  style='height:50px' class='hr hr-invisible   avia-builder-el-6  el_after_av_one_full  el_before_av_social_share '><span class='hr-inner ' ><span class='hr-inner-style'><\/span><\/span><\/div><\/p>\n<div  class='av-social-sharing-box  avia-builder-el-7  el_after_av_hr  el_before_av_hr  '><div class='av-share-box'><h5 class='av-share-link-description av-no-toc '>Compartir esta noticia<\/h5><ul class='av-share-box-list noLightbox'><li class='av-share-link av-social-link-facebook' ><a target=\"_blank\" aria-label=\"Compartir en Facebook\" href='https:\/\/www.facebook.com\/sharer.php?u=https:\/\/radiorevelacionfm.cl\/?p=50243&#038;t=Participa%20con%20tu%20empresa%20de%20turismo%20en%20los%20tours%20previos%20a%20la%20Cumbre%20Mundial%20de%20Turismo%20Aventura%20de%20ATTA' aria-hidden='false' data-av_icon='\ue8f3' data-av_iconfont='entypo-fontello' title='' data-avia-related-tooltip='Compartir en Facebook' rel=\"noopener\"><span class='avia_hidden_link_text'>Compartir en Facebook<\/span><\/a><\/li><li class='av-share-link av-social-link-twitter' ><a target=\"_blank\" aria-label=\"Compartir en Twitter\" href='https:\/\/twitter.com\/share?text=Participa%20con%20tu%20empresa%20de%20turismo%20en%20los%20tours%20previos%20a%20la%20Cumbre%20Mundial%20de%20Turismo%20Aventura%20de%20ATTA&#038;url=https:\/\/radiorevelacionfm.cl\/?p=50243' aria-hidden='false' data-av_icon='\ue8f1' data-av_iconfont='entypo-fontello' title='' data-avia-related-tooltip='Compartir en Twitter' rel=\"noopener\"><span class='avia_hidden_link_text'>Compartir en Twitter<\/span><\/a><\/li><li class='av-share-link av-social-link-whatsapp' ><a target=\"_blank\" aria-label=\"Compartir en Whatsapp\" href='https:\/\/api.whatsapp.com\/send?text=https:\/\/radiorevelacionfm.cl\/?p=50243' aria-hidden='false' data-av_icon='\uf232' data-av_iconfont='entypo-fontello' title='' data-avia-related-tooltip='Compartir en Whatsapp' rel=\"noopener\"><span class='avia_hidden_link_text'>Compartir en Whatsapp<\/span><\/a><\/li><li class='av-share-link av-social-link-linkedin' ><a target=\"_blank\" aria-label=\"Compartir en LinkedIn\" href='https:\/\/linkedin.com\/shareArticle?mini=true&#038;title=Participa%20con%20tu%20empresa%20de%20turismo%20en%20los%20tours%20previos%20a%20la%20Cumbre%20Mundial%20de%20Turismo%20Aventura%20de%20ATTA&#038;url=https:\/\/radiorevelacionfm.cl\/?p=50243' aria-hidden='false' data-av_icon='\ue8fc' data-av_iconfont='entypo-fontello' title='' data-avia-related-tooltip='Compartir en LinkedIn' rel=\"noopener\"><span class='avia_hidden_link_text'>Compartir en LinkedIn<\/span><\/a><\/li><li class='av-share-link av-social-link-mail' ><a  aria-label=\"Compartir por correo\" href='mailto:?subject=Participa%20con%20tu%20empresa%20de%20turismo%20en%20los%20tours%20previos%20a%20la%20Cumbre%20Mundial%20de%20Turismo%20Aventura%20de%20ATTA&#038;body=https:\/\/radiorevelacionfm.cl\/?p=50243' aria-hidden='false' data-av_icon='\ue805' data-av_iconfont='entypo-fontello' title='' data-avia-related-tooltip='Compartir por correo'><span class='avia_hidden_link_text'>Compartir por correo<\/span><\/a><\/li><\/ul><\/div><\/div>\n<div  style='height:50px' class='hr hr-invisible   avia-builder-el-8  el_after_av_social_share  el_before_av_comments_list '><span class='hr-inner ' ><span class='hr-inner-style'><\/span><\/span><\/div>\n<div  class='av-buildercomment  av-blog-meta-html-info-disabled av-blog-meta-tag-disabled  '><\/div>\n","protected":false},"excerpt":{"rendered":"","protected":false},"author":1,"featured_media":50244,"comment_status":"open","ping_status":"open","sticky":false,"template":"","format":"standard","meta":{"footnotes":""},"categories":[54],"tags":[],"class_list":["post-50243","post","type-post","status-publish","format-standard","has-post-thumbnail","hentry","category-turismo"],"jetpack_featured_media_url":"https:\/\/radiorevelacionfm.cl\/wp-content\/uploads\/2025\/02\/Turismo-1.jpg","_links":{"self":[{"href":"https:\/\/radiorevelacionfm.cl\/index.php?rest_route=\/wp\/v2\/posts\/50243","targetHints":{"allow":["GET"]}}],"collection":[{"href":"https:\/\/radiorevelacionfm.cl\/index.php?rest_route=\/wp\/v2\/posts"}],"about":[{"href":"https:\/\/radiorevelacionfm.cl\/index.php?rest_route=\/wp\/v2\/types\/post"}],"author":[{"embeddable":true,"href":"https:\/\/radiorevelacionfm.cl\/index.php?rest_route=\/wp\/v2\/users\/1"}],"replies":[{"embeddable":true,"href":"https:\/\/radiorevelacionfm.cl\/index.php?rest_route=%2Fwp%2Fv2%2Fcomments&post=50243"}],"version-history":[{"count":1,"href":"https:\/\/radiorevelacionfm.cl\/index.php?rest_route=\/wp\/v2\/posts\/50243\/revisions"}],"predecessor-version":[{"id":50245,"href":"https:\/\/radiorevelacionfm.cl\/index.php?rest_route=\/wp\/v2\/posts\/50243\/revisions\/50245"}],"wp:featuredmedia":[{"embeddable":true,"href":"https:\/\/radiorevelacionfm.cl\/index.php?rest_route=\/wp\/v2\/media\/50244"}],"wp:attachment":[{"href":"https:\/\/radiorevelacionfm.cl\/index.php?rest_route=%2Fwp%2Fv2%2Fmedia&parent=50243"}],"wp:term":[{"taxonomy":"category","embeddable":true,"href":"https:\/\/radiorevelacionfm.cl\/index.php?rest_route=%2Fwp%2Fv2%2Fcategories&post=50243"},{"taxonomy":"post_tag","embeddable":true,"href":"https:\/\/radiorevelacionfm.cl\/index.php?rest_route=%2Fwp%2Fv2%2Ftags&post=50243"}],"curies":[{"name":"wp","href":"https:\/\/api.w.org\/{rel}","templated":true}]}}