{"id":50239,"date":"2025-02-02T15:39:30","date_gmt":"2025-02-02T18:39:30","guid":{"rendered":"https:\/\/radiorevelacionfm.cl\/?p=50239"},"modified":"2025-02-02T15:39:30","modified_gmt":"2025-02-02T18:39:30","slug":"gobierno-fortalece-la-habitabilidad-rural-con-nuevas-viviendas-en-villa-ohiggins","status":"publish","type":"post","link":"https:\/\/radiorevelacionfm.cl\/?p=50239","title":{"rendered":"Gobierno fortalece la habitabilidad rural con nuevas viviendas en Villa O&#8217;Higgins"},"content":{"rendered":"<div class=\"flex_column av_one_full  flex_column_div av-zero-column-padding first  avia-builder-el-0  el_before_av_one_full  avia-builder-el-first  \" style='border-radius:0px; '><div  class='avia-image-container  av-styling-    avia-builder-el-1  avia-builder-el-no-sibling  avia-align-center '  itemprop=\"image\" itemscope=\"itemscope\" itemtype=\"https:\/\/schema.org\/ImageObject\"  ><div class='avia-image-container-inner'><div class='avia-image-overlay-wrap'><img decoding=\"async\" class='wp-image-50240 avia-img-lazy-loading-not-50240 avia_image' src=\"https:\/\/radiorevelacionfm.cl\/wp-content\/uploads\/2025\/02\/foto-entrega-vivienda-villa-ohiggins-1_optimized-1.jpeg\" alt='' title='foto-entrega-vivienda-villa-o&#039;higgins-(1)_optimized (1)' height=\"654\" width=\"801\"  itemprop=\"thumbnailUrl\" srcset=\"https:\/\/radiorevelacionfm.cl\/wp-content\/uploads\/2025\/02\/foto-entrega-vivienda-villa-ohiggins-1_optimized-1.jpeg 801w, https:\/\/radiorevelacionfm.cl\/wp-content\/uploads\/2025\/02\/foto-entrega-vivienda-villa-ohiggins-1_optimized-1-300x245.jpeg 300w, https:\/\/radiorevelacionfm.cl\/wp-content\/uploads\/2025\/02\/foto-entrega-vivienda-villa-ohiggins-1_optimized-1-768x627.jpeg 768w, https:\/\/radiorevelacionfm.cl\/wp-content\/uploads\/2025\/02\/foto-entrega-vivienda-villa-ohiggins-1_optimized-1-705x576.jpeg 705w, https:\/\/radiorevelacionfm.cl\/wp-content\/uploads\/2025\/02\/foto-entrega-vivienda-villa-ohiggins-1_optimized-1-450x367.jpeg 450w, https:\/\/radiorevelacionfm.cl\/wp-content\/uploads\/2025\/02\/foto-entrega-vivienda-villa-ohiggins-1_optimized-1-600x490.jpeg 600w\" sizes=\"(max-width: 801px) 100vw, 801px\" \/><\/div><\/div><\/div><\/div><div class=\"flex_column av_one_full  flex_column_div av-zero-column-padding first  avia-builder-el-2  el_after_av_one_full  el_before_av_one_full  column-top-margin\" style='border-radius:0px; '><section class=\"av_textblock_section \"  itemscope=\"itemscope\" itemtype=\"https:\/\/schema.org\/BlogPosting\" itemprop=\"blogPost\" ><div class='avia_textblock  '   itemprop=\"text\" ><p style=\"text-align: center;\"><span style=\"font-size: 18pt;\"><strong>Gobierno fortalece la habitabilidad rural con nuevas viviendas en Villa O&#8217;Higgins<\/strong><\/span><\/p>\n<div id=\"gtx-trans\" style=\"position: absolute; left: -50px; top: 4.31534px;\">\n<div class=\"gtx-trans-icon\"><\/div>\n<\/div>\n<\/div><\/section><\/div><div class=\"flex_column av_one_full  flex_column_div av-zero-column-padding first  avia-builder-el-4  el_after_av_one_full  el_before_av_hr  column-top-margin\" style='border-radius:0px; '><section class=\"av_textblock_section \"  itemscope=\"itemscope\" itemtype=\"https:\/\/schema.org\/BlogPosting\" itemprop=\"blogPost\" ><div class='avia_textblock  '   itemprop=\"text\" ><p style=\"text-align: justify;\">En el marco del Programa de Habitabilidad Rural (D.S. N\u00b010), el Gobierno del Presidente Gabriel Boric, a trav\u00e9s del Servicio de Vivienda y Urbanizaci\u00f3n (SERVIU) de Ays\u00e9n, entreg\u00f3 una nueva vivienda en la comuna de Villa O&#8217;Higgins, provincia de Capit\u00e1n Prat. El proyecto, ejecutado bajo la modalidad Construcci\u00f3n en Sitio del Residente, contempla una vivienda de 104,92 m\u00b2, incluyendo un recinto complementario para el desarrollo de actividades econ\u00f3micas.<\/p>\n<p style=\"text-align: justify;\">La Delegada Presidencial Provincial de Capit\u00e1n Prat, Marta Montiel Alarc\u00f3n, destac\u00f3 la importancia de este tipo de iniciativas para las comunidades m\u00e1s australes del pa\u00eds.<\/p>\n<p style=\"text-align: justify;\">\u00abEstamos muy contentos de que el Ministerio de Vivienda est\u00e9 presente aqu\u00ed, en la comuna m\u00e1s austral de nuestra provincia. La aplicaci\u00f3n de este subsidio permite entregar viviendas con espacios apropiados, integrando un recinto complementario para que las familias puedan desarrollar sus actividades econ\u00f3micas. Construir en Villa O&#8217;Higgins con contratistas locales tiene un tremendo valor y es una gran soluci\u00f3n habitacional\u00bb, se\u00f1al\u00f3.<\/p>\n<p style=\"text-align: justify;\">El proyecto fue posible gracias al trabajo coordinado entre el Ministerio de Vivienda y Urbanismo y la entidad patrocinante municipal, con una inversi\u00f3n de $66,5 millones (equivalentes a 1.733 UF), financiada a trav\u00e9s del Programa de Habitabilidad Rural. La Delegada de Serviu Capit\u00e1n Prat, Tatiana Aguilera, destac\u00f3 el impacto que estas obras tienen en la comunidad.<\/p>\n<p style=\"text-align: justify;\">\u00abEsta vivienda marca un precedente en la Villa, demostrando que s\u00ed se puede entregar calidad y dignidad con los recursos disponibles. Es un ejemplo para otras entidades patrocinantes de que podemos ajustarnos a los montos y entregar soluciones de alto est\u00e1ndar\u00bb, afirm\u00f3.<\/p>\n<p style=\"text-align: justify;\">Junto con la entrega de esta vivienda, se realiz\u00f3 el acto administrativo de entrega de terreno para el inicio de un nuevo proyecto de construcci\u00f3n en sitio residente en el sector El Mayer, en la comuna de O\u2019Higgins. Este proyecto contempla una vivienda de 87,62 m\u00b2, financiada con un subsidio del Programa de Habitabilidad Rural de $75 millones (1.953 UF), con un plazo de ejecuci\u00f3n de 180 d\u00edas.<\/p>\n<p style=\"text-align: justify;\">La obra ser\u00e1 ejecutada por la Empresa Constructora Aldo Barrera Salazar, bajo la supervisi\u00f3n de la Entidad de Gesti\u00f3n Rural (EGR) de la Municipalidad de O\u2019Higgins, reafirmando el compromiso del Gobierno por continuar entregando soluciones habitacionales en las zonas m\u00e1s aisladas del pa\u00eds.<\/p>\n<p style=\"text-align: justify;\">Este tipo de proyectos reflejan el las gestiones y compromiso del Gobierno por mejorar la calidad de vida de las familias en sectores rurales y australes, permitiendo gracias al Plan de Emergencia Habitacional, el cual a la fecha alcanza m\u00e1s de un 90% de avance en su meta, que m\u00e1s personas accedan a viviendas adecuadas, con un enfoque marcado hacia los territorios\u00a0 m\u00e1s apartados de la regi\u00f3n de Ays\u00e9n.<\/p>\n<\/div><\/section><\/div><div  style='height:50px' class='hr hr-invisible   avia-builder-el-6  el_after_av_one_full  el_before_av_social_share '><span class='hr-inner ' ><span class='hr-inner-style'><\/span><\/span><\/div><\/p>\n<div  class='av-social-sharing-box  avia-builder-el-7  el_after_av_hr  el_before_av_hr  '><div class='av-share-box'><h5 class='av-share-link-description av-no-toc '>Compartir esta noticia<\/h5><ul class='av-share-box-list noLightbox'><li class='av-share-link av-social-link-facebook' ><a target=\"_blank\" aria-label=\"Compartir en Facebook\" href='https:\/\/www.facebook.com\/sharer.php?u=https:\/\/radiorevelacionfm.cl\/?p=50239&#038;t=Gobierno%20fortalece%20la%20habitabilidad%20rural%20con%20nuevas%20viviendas%20en%20Villa%20O%E2%80%99Higgins' aria-hidden='false' data-av_icon='\ue8f3' data-av_iconfont='entypo-fontello' title='' data-avia-related-tooltip='Compartir en Facebook' rel=\"noopener\"><span class='avia_hidden_link_text'>Compartir en Facebook<\/span><\/a><\/li><li class='av-share-link av-social-link-twitter' ><a target=\"_blank\" aria-label=\"Compartir en Twitter\" href='https:\/\/twitter.com\/share?text=Gobierno%20fortalece%20la%20habitabilidad%20rural%20con%20nuevas%20viviendas%20en%20Villa%20O%E2%80%99Higgins&#038;url=https:\/\/radiorevelacionfm.cl\/?p=50239' aria-hidden='false' data-av_icon='\ue8f1' data-av_iconfont='entypo-fontello' title='' data-avia-related-tooltip='Compartir en Twitter' rel=\"noopener\"><span class='avia_hidden_link_text'>Compartir en Twitter<\/span><\/a><\/li><li class='av-share-link av-social-link-whatsapp' ><a target=\"_blank\" aria-label=\"Compartir en Whatsapp\" href='https:\/\/api.whatsapp.com\/send?text=https:\/\/radiorevelacionfm.cl\/?p=50239' aria-hidden='false' data-av_icon='\uf232' data-av_iconfont='entypo-fontello' title='' data-avia-related-tooltip='Compartir en Whatsapp' rel=\"noopener\"><span class='avia_hidden_link_text'>Compartir en Whatsapp<\/span><\/a><\/li><li class='av-share-link av-social-link-linkedin' ><a target=\"_blank\" aria-label=\"Compartir en LinkedIn\" href='https:\/\/linkedin.com\/shareArticle?mini=true&#038;title=Gobierno%20fortalece%20la%20habitabilidad%20rural%20con%20nuevas%20viviendas%20en%20Villa%20O%E2%80%99Higgins&#038;url=https:\/\/radiorevelacionfm.cl\/?p=50239' aria-hidden='false' data-av_icon='\ue8fc' data-av_iconfont='entypo-fontello' title='' data-avia-related-tooltip='Compartir en LinkedIn' rel=\"noopener\"><span class='avia_hidden_link_text'>Compartir en LinkedIn<\/span><\/a><\/li><li class='av-share-link av-social-link-mail' ><a  aria-label=\"Compartir por correo\" href='mailto:?subject=Gobierno%20fortalece%20la%20habitabilidad%20rural%20con%20nuevas%20viviendas%20en%20Villa%20O%E2%80%99Higgins&#038;body=https:\/\/radiorevelacionfm.cl\/?p=50239' aria-hidden='false' data-av_icon='\ue805' data-av_iconfont='entypo-fontello' title='' data-avia-related-tooltip='Compartir por correo'><span class='avia_hidden_link_text'>Compartir por correo<\/span><\/a><\/li><\/ul><\/div><\/div>\n<div  style='height:50px' class='hr hr-invisible   avia-builder-el-8  el_after_av_social_share  el_before_av_comments_list '><span class='hr-inner ' ><span class='hr-inner-style'><\/span><\/span><\/div>\n<div  class='av-buildercomment  av-blog-meta-html-info-disabled av-blog-meta-tag-disabled  '><\/div>\n","protected":false},"excerpt":{"rendered":"","protected":false},"author":1,"featured_media":50240,"comment_status":"open","ping_status":"open","sticky":false,"template":"","format":"standard","meta":{"footnotes":""},"categories":[57],"tags":[],"class_list":["post-50239","post","type-post","status-publish","format-standard","has-post-thumbnail","hentry","category-vivienda"],"jetpack_featured_media_url":"https:\/\/radiorevelacionfm.cl\/wp-content\/uploads\/2025\/02\/foto-entrega-vivienda-villa-ohiggins-1_optimized-1.jpeg","_links":{"self":[{"href":"https:\/\/radiorevelacionfm.cl\/index.php?rest_route=\/wp\/v2\/posts\/50239","targetHints":{"allow":["GET"]}}],"collection":[{"href":"https:\/\/radiorevelacionfm.cl\/index.php?rest_route=\/wp\/v2\/posts"}],"about":[{"href":"https:\/\/radiorevelacionfm.cl\/index.php?rest_route=\/wp\/v2\/types\/post"}],"author":[{"embeddable":true,"href":"https:\/\/radiorevelacionfm.cl\/index.php?rest_route=\/wp\/v2\/users\/1"}],"replies":[{"embeddable":true,"href":"https:\/\/radiorevelacionfm.cl\/index.php?rest_route=%2Fwp%2Fv2%2Fcomments&post=50239"}],"version-history":[{"count":1,"href":"https:\/\/radiorevelacionfm.cl\/index.php?rest_route=\/wp\/v2\/posts\/50239\/revisions"}],"predecessor-version":[{"id":50242,"href":"https:\/\/radiorevelacionfm.cl\/index.php?rest_route=\/wp\/v2\/posts\/50239\/revisions\/50242"}],"wp:featuredmedia":[{"embeddable":true,"href":"https:\/\/radiorevelacionfm.cl\/index.php?rest_route=\/wp\/v2\/media\/50240"}],"wp:attachment":[{"href":"https:\/\/radiorevelacionfm.cl\/index.php?rest_route=%2Fwp%2Fv2%2Fmedia&parent=50239"}],"wp:term":[{"taxonomy":"category","embeddable":true,"href":"https:\/\/radiorevelacionfm.cl\/index.php?rest_route=%2Fwp%2Fv2%2Fcategories&post=50239"},{"taxonomy":"post_tag","embeddable":true,"href":"https:\/\/radiorevelacionfm.cl\/index.php?rest_route=%2Fwp%2Fv2%2Ftags&post=50239"}],"curies":[{"name":"wp","href":"https:\/\/api.w.org\/{rel}","templated":true}]}}