{"id":50236,"date":"2025-02-02T15:22:16","date_gmt":"2025-02-02T18:22:16","guid":{"rendered":"https:\/\/radiorevelacionfm.cl\/?p=50236"},"modified":"2025-02-02T15:22:16","modified_gmt":"2025-02-02T18:22:16","slug":"rolando-formon-obtiene-fondo-nacional-de-cultura-para-desarrollar-una-nueva-produccion","status":"publish","type":"post","link":"https:\/\/radiorevelacionfm.cl\/?p=50236","title":{"rendered":"Rolando Form\u00f3n obtiene Fondo Nacional de Cultura para desarrollar una nueva producci\u00f3n"},"content":{"rendered":"<div class=\"flex_column av_one_full  flex_column_div av-zero-column-padding first  avia-builder-el-0  el_before_av_one_full  avia-builder-el-first  \" style='border-radius:0px; '><div  class='avia-image-container  av-styling-    avia-builder-el-1  avia-builder-el-no-sibling  avia-align-center '  itemprop=\"image\" itemscope=\"itemscope\" itemtype=\"https:\/\/schema.org\/ImageObject\"  ><div class='avia-image-container-inner'><div class='avia-image-overlay-wrap'><img decoding=\"async\" class='wp-image-50237 avia-img-lazy-loading-not-50237 avia_image' src=\"https:\/\/radiorevelacionfm.cl\/wp-content\/uploads\/2025\/02\/FORMON-02-02-FESTIVAL-VOZ-C-1-1.jpg\" alt='' title='FORMON 02-02 FESTIVAL VOZ C (1) (1)' height=\"600\" width=\"900\"  itemprop=\"thumbnailUrl\" srcset=\"https:\/\/radiorevelacionfm.cl\/wp-content\/uploads\/2025\/02\/FORMON-02-02-FESTIVAL-VOZ-C-1-1.jpg 900w, https:\/\/radiorevelacionfm.cl\/wp-content\/uploads\/2025\/02\/FORMON-02-02-FESTIVAL-VOZ-C-1-1-300x200.jpg 300w, https:\/\/radiorevelacionfm.cl\/wp-content\/uploads\/2025\/02\/FORMON-02-02-FESTIVAL-VOZ-C-1-1-768x512.jpg 768w, https:\/\/radiorevelacionfm.cl\/wp-content\/uploads\/2025\/02\/FORMON-02-02-FESTIVAL-VOZ-C-1-1-705x470.jpg 705w, https:\/\/radiorevelacionfm.cl\/wp-content\/uploads\/2025\/02\/FORMON-02-02-FESTIVAL-VOZ-C-1-1-450x300.jpg 450w, https:\/\/radiorevelacionfm.cl\/wp-content\/uploads\/2025\/02\/FORMON-02-02-FESTIVAL-VOZ-C-1-1-600x400.jpg 600w\" sizes=\"(max-width: 900px) 100vw, 900px\" \/><\/div><\/div><\/div><\/div><div class=\"flex_column av_one_full  flex_column_div av-zero-column-padding first  avia-builder-el-2  el_after_av_one_full  el_before_av_one_full  column-top-margin\" style='border-radius:0px; '><section class=\"av_textblock_section \"  itemscope=\"itemscope\" itemtype=\"https:\/\/schema.org\/BlogPosting\" itemprop=\"blogPost\" ><div class='avia_textblock  '   itemprop=\"text\" ><p style=\"text-align: center;\"><strong><span style=\"font-size: 18pt;\">Rolando Form\u00f3n obtiene Fondo Nacional de Cultura para desarrollar una nueva producci\u00f3n<\/span><\/strong><\/p>\n<div id=\"gtx-trans\" style=\"position: absolute; left: -50px; top: 4.31534px;\">\n<div class=\"gtx-trans-icon\"><\/div>\n<\/div>\n<\/div><\/section><\/div><div class=\"flex_column av_one_full  flex_column_div av-zero-column-padding first  avia-builder-el-4  el_after_av_one_full  el_before_av_hr  column-top-margin\" style='border-radius:0px; '><section class=\"av_textblock_section \"  itemscope=\"itemscope\" itemtype=\"https:\/\/schema.org\/BlogPosting\" itemprop=\"blogPost\" ><div class='avia_textblock  '   itemprop=\"text\" ><p style=\"text-align: justify;\"><em>El artista oriundo de Chile Chico fue el \u00fanico proyecto de la regi\u00f3n de Ays\u00e9n que pudo acceder al financiamiento de una nueva producci\u00f3n musical.<\/em><\/p>\n<p style=\"text-align: justify;\">En la misma casa de adobe que \u00e9l construy\u00f3, Rolando Form\u00f3n conoci\u00f3 que fue uno de los proyectos seleccionados en el Fondo de la M\u00fasica, l\u00ednea Producci\u00f3n de Registro Fonogr\u00e1fico del Ministerio de las Culturas, las Artes y el Patrimonio, y que permitir\u00e1 iniciar la grabaci\u00f3n de su pr\u00f3ximo trabajo musical.<\/p>\n<p style=\"text-align: justify;\">Se trata de un \u00e1lbum in\u00e9dito, con canciones originales que ha venido desarrollando durante el \u00faltimo tiempo y que con este fondo podr\u00e1 concretar tanto la producci\u00f3n, grabaci\u00f3n y difusi\u00f3n a nivel nacional de este nuevo disco.<\/p>\n<p style=\"text-align: justify;\">\u201cMe siento muy contento s\u00faper contento de haber sido seleccionado a nivel nacional entre tantos otros buenos proyectos de Chile. Me deja contento y me da esperanza porque estamos haciendo las cosas bien, y qu\u00e9 bueno que a nivel nacional lo est\u00e1n reconociendo.Y poder decirle a Chile que estamos trabajando profesionalmente y que las creaciones que salen\u00a0 desde este territorio, sean escuchadas\u201d se\u00f1al\u00f3 Rolando Form\u00f3n desde la costa sur oriental del lago General Carrera.<\/p>\n<p style=\"text-align: justify;\">Respecto al proyecto, Form\u00f3n destac\u00f3 que trabaja con un equipo comprometido, con quienes ya ha avanzado en generar un plan de trabajo para lograr los plazos establecidos.<\/p>\n<p style=\"text-align: justify;\">\u201cEl proyecto requiere un equipo donde se trabaja con un productor musical, con m\u00fasicos, con una dise\u00f1adora gr\u00e1fica y directora de arte, para preparar la propuesta art\u00edstica y eso poder pasarlo a las portadas, contenido\u00a0 gr\u00e1fico y todo lo que tiene que ver con el disco\u201d.<\/p>\n<p style=\"text-align: justify;\">Para Rolando Form\u00f3n, este reconocimiento no es solo personal sino que tambi\u00e9n habla de lo que se est\u00e1 desarrollando en la regi\u00f3n, aportando a la descentralizaci\u00f3n del arte, recalc\u00f3.<\/p>\n<p style=\"text-align: justify;\">\u201cHace rato estamos dando la batalla por la descentralizaci\u00f3n del arte en Chile y sobre todo ac\u00e1 en Ays\u00e9n, y que bueno que estamos desarrollando productos originales porque estamos aportando al arte en el pa\u00eds\u201d indic\u00f3.<\/p>\n<p style=\"text-align: justify;\"><strong>Presentaciones de verano<\/strong><\/p>\n<p style=\"text-align: justify;\">Durante esta \u00e9poca estival, Rolando Formon se ha presentando en distintos escenarios en la regi\u00f3n, destacando su visita a Puerto R\u00edo Tranquilo en Patio Arisca, y su participaci\u00f3n como jurado y cantante en el Festival de la Voz de Chile Chico de este a\u00f1o.<\/p>\n<p style=\"text-align: justify;\">Actualmente este m\u00fasico y compositor regional est\u00e1 pr\u00f3ximo a grabar el tercer videoclip de su disco Delta Marr\u00f3n llamada \u201cLa Cumbia del Cerro Colora\u2019o\u201d, producci\u00f3n que cuenta con aportes propios y de empresas de la zona y la regi\u00f3n.<\/p>\n<p style=\"text-align: justify;\">Finalmente el artista chilechiquense hizo un llamado a quienes quieran sumarse a la realizaci\u00f3n del tercer videoclip, a contactarse a trav\u00e9s de su cuenta Instagram @rolando_formon_ o a su mail rolandoformon@gmail.com.<\/p>\n<p style=\"text-align: justify;\">Tambi\u00e9n puedes escuchar la m\u00fasica y ver los videoclip de Rolando Form\u00f3n en:<\/p>\n<p style=\"text-align: justify;\"><strong>Spotify<\/strong>: <a href=\"https:\/\/open.spotify.com\/intl-es\/artist\/27fQWpOrYwGeKoQ4dbXwF5?si=J8JJmBdSS4-fVNmtvl9jVQ\">https:\/\/open.spotify.com\/intl-es\/artist\/27fQWpOrYwGeKoQ4dbXwF5?si=J8JJmBdSS4-fVNmtvl9jVQ<\/a><\/p>\n<p style=\"text-align: justify;\"><strong>Youtube<\/strong>: <a href=\"https:\/\/www.youtube.com\/@rolandoformon\">https:\/\/www.youtube.com\/@rolandoformon<\/a><\/p>\n<p style=\"text-align: justify;\"><strong>Instagram<\/strong>: <a href=\"https:\/\/www.youtube.com\/redirect?event=channel_description&amp;redir_token=QUFFLUhqbGRWTUo2OGZJeWl0Q1k2WEZLY2QtT0ozQV96Z3xBQ3Jtc0tsdEE5RkdUVFI0RWFOLW1xaDhsMlg5VUtKeFNLN1lrR1JlWU15OC1wMTUwUHJHLUIyd1ljQ3BfTTJnRjlXT0FLalFib3BEV05ZaW14SnFPWk9ILVdOc1BsQmdOSTRWT21OTkdzRnV0U0xyeksxa0lVdw&amp;q=https%3A%2F%2Fwww.instagram.com%2Frolando_formon_%2F\">instagram.com\/rolando_formon_<\/a><\/p>\n<p style=\"text-align: justify;\"><strong>Facebook<\/strong>: <a href=\"http:\/\/facebook.com\/rapsuramericano\">facebook.com\/rapsuramericano<\/a><\/p>\n<p style=\"text-align: justify;\"><strong>Apple Music<\/strong>: <a href=\"https:\/\/music.apple.com\/us\/artist\/rolando-formon\/1494052092\">https:\/\/music.apple.com\/us\/artist\/rolando-formon\/1494052092<\/a><\/p>\n<\/div><\/section><\/div><div  style='height:50px' class='hr hr-invisible   avia-builder-el-6  el_after_av_one_full  el_before_av_social_share '><span class='hr-inner ' ><span class='hr-inner-style'><\/span><\/span><\/div><\/p>\n<div  class='av-social-sharing-box  avia-builder-el-7  el_after_av_hr  el_before_av_hr  '><div class='av-share-box'><h5 class='av-share-link-description av-no-toc '>Compartir esta noticia<\/h5><ul class='av-share-box-list noLightbox'><li class='av-share-link av-social-link-facebook' ><a target=\"_blank\" aria-label=\"Compartir en Facebook\" href='https:\/\/www.facebook.com\/sharer.php?u=https:\/\/radiorevelacionfm.cl\/?p=50236&#038;t=Rolando%20Form%C3%B3n%20obtiene%20Fondo%20Nacional%20de%20Cultura%20para%20desarrollar%20una%20nueva%20producci%C3%B3n' aria-hidden='false' data-av_icon='\ue8f3' data-av_iconfont='entypo-fontello' title='' data-avia-related-tooltip='Compartir en Facebook' rel=\"noopener\"><span class='avia_hidden_link_text'>Compartir en Facebook<\/span><\/a><\/li><li class='av-share-link av-social-link-twitter' ><a target=\"_blank\" aria-label=\"Compartir en Twitter\" href='https:\/\/twitter.com\/share?text=Rolando%20Form%C3%B3n%20obtiene%20Fondo%20Nacional%20de%20Cultura%20para%20desarrollar%20una%20nueva%20producci%C3%B3n&#038;url=https:\/\/radiorevelacionfm.cl\/?p=50236' aria-hidden='false' data-av_icon='\ue8f1' data-av_iconfont='entypo-fontello' title='' data-avia-related-tooltip='Compartir en Twitter' rel=\"noopener\"><span class='avia_hidden_link_text'>Compartir en Twitter<\/span><\/a><\/li><li class='av-share-link av-social-link-whatsapp' ><a target=\"_blank\" aria-label=\"Compartir en Whatsapp\" href='https:\/\/api.whatsapp.com\/send?text=https:\/\/radiorevelacionfm.cl\/?p=50236' aria-hidden='false' data-av_icon='\uf232' data-av_iconfont='entypo-fontello' title='' data-avia-related-tooltip='Compartir en Whatsapp' rel=\"noopener\"><span class='avia_hidden_link_text'>Compartir en Whatsapp<\/span><\/a><\/li><li class='av-share-link av-social-link-linkedin' ><a target=\"_blank\" aria-label=\"Compartir en LinkedIn\" href='https:\/\/linkedin.com\/shareArticle?mini=true&#038;title=Rolando%20Form%C3%B3n%20obtiene%20Fondo%20Nacional%20de%20Cultura%20para%20desarrollar%20una%20nueva%20producci%C3%B3n&#038;url=https:\/\/radiorevelacionfm.cl\/?p=50236' aria-hidden='false' data-av_icon='\ue8fc' data-av_iconfont='entypo-fontello' title='' data-avia-related-tooltip='Compartir en LinkedIn' rel=\"noopener\"><span class='avia_hidden_link_text'>Compartir en LinkedIn<\/span><\/a><\/li><li class='av-share-link av-social-link-mail' ><a  aria-label=\"Compartir por correo\" href='mailto:?subject=Rolando%20Form%C3%B3n%20obtiene%20Fondo%20Nacional%20de%20Cultura%20para%20desarrollar%20una%20nueva%20producci%C3%B3n&#038;body=https:\/\/radiorevelacionfm.cl\/?p=50236' aria-hidden='false' data-av_icon='\ue805' data-av_iconfont='entypo-fontello' title='' data-avia-related-tooltip='Compartir por correo'><span class='avia_hidden_link_text'>Compartir por correo<\/span><\/a><\/li><\/ul><\/div><\/div>\n<div  style='height:50px' class='hr hr-invisible   avia-builder-el-8  el_after_av_social_share  el_before_av_comments_list '><span class='hr-inner ' ><span class='hr-inner-style'><\/span><\/span><\/div>\n<div  class='av-buildercomment  av-blog-meta-html-info-disabled av-blog-meta-tag-disabled  '><\/div>\n","protected":false},"excerpt":{"rendered":"","protected":false},"author":1,"featured_media":50237,"comment_status":"open","ping_status":"open","sticky":false,"template":"","format":"standard","meta":{"footnotes":""},"categories":[43],"tags":[],"class_list":["post-50236","post","type-post","status-publish","format-standard","has-post-thumbnail","hentry","category-musica"],"jetpack_featured_media_url":"https:\/\/radiorevelacionfm.cl\/wp-content\/uploads\/2025\/02\/FORMON-02-02-FESTIVAL-VOZ-C-1-1.jpg","_links":{"self":[{"href":"https:\/\/radiorevelacionfm.cl\/index.php?rest_route=\/wp\/v2\/posts\/50236","targetHints":{"allow":["GET"]}}],"collection":[{"href":"https:\/\/radiorevelacionfm.cl\/index.php?rest_route=\/wp\/v2\/posts"}],"about":[{"href":"https:\/\/radiorevelacionfm.cl\/index.php?rest_route=\/wp\/v2\/types\/post"}],"author":[{"embeddable":true,"href":"https:\/\/radiorevelacionfm.cl\/index.php?rest_route=\/wp\/v2\/users\/1"}],"replies":[{"embeddable":true,"href":"https:\/\/radiorevelacionfm.cl\/index.php?rest_route=%2Fwp%2Fv2%2Fcomments&post=50236"}],"version-history":[{"count":1,"href":"https:\/\/radiorevelacionfm.cl\/index.php?rest_route=\/wp\/v2\/posts\/50236\/revisions"}],"predecessor-version":[{"id":50238,"href":"https:\/\/radiorevelacionfm.cl\/index.php?rest_route=\/wp\/v2\/posts\/50236\/revisions\/50238"}],"wp:featuredmedia":[{"embeddable":true,"href":"https:\/\/radiorevelacionfm.cl\/index.php?rest_route=\/wp\/v2\/media\/50237"}],"wp:attachment":[{"href":"https:\/\/radiorevelacionfm.cl\/index.php?rest_route=%2Fwp%2Fv2%2Fmedia&parent=50236"}],"wp:term":[{"taxonomy":"category","embeddable":true,"href":"https:\/\/radiorevelacionfm.cl\/index.php?rest_route=%2Fwp%2Fv2%2Fcategories&post=50236"},{"taxonomy":"post_tag","embeddable":true,"href":"https:\/\/radiorevelacionfm.cl\/index.php?rest_route=%2Fwp%2Fv2%2Ftags&post=50236"}],"curies":[{"name":"wp","href":"https:\/\/api.w.org\/{rel}","templated":true}]}}