{"id":50233,"date":"2025-02-02T11:21:14","date_gmt":"2025-02-02T14:21:14","guid":{"rendered":"https:\/\/radiorevelacionfm.cl\/?p=50233"},"modified":"2025-02-02T11:21:14","modified_gmt":"2025-02-02T14:21:14","slug":"estudiantes-en-practica-refuerzan-aprendizaje-en-inia-tamel-aike","status":"publish","type":"post","link":"https:\/\/radiorevelacionfm.cl\/?p=50233","title":{"rendered":"Estudiantes en pr\u00e1ctica refuerzan aprendizaje en INIA Tamel Aike"},"content":{"rendered":"<div class=\"flex_column av_one_full  flex_column_div av-zero-column-padding first  avia-builder-el-0  el_before_av_one_full  avia-builder-el-first  \" style='border-radius:0px; '><div  class='avia-image-container  av-styling-    avia-builder-el-1  avia-builder-el-no-sibling  avia-align-center '  itemprop=\"image\" itemscope=\"itemscope\" itemtype=\"https:\/\/schema.org\/ImageObject\"  ><div class='avia-image-container-inner'><div class='avia-image-overlay-wrap'><img decoding=\"async\" class='wp-image-50234 avia-img-lazy-loading-not-50234 avia_image' src=\"https:\/\/radiorevelacionfm.cl\/wp-content\/uploads\/2025\/02\/carlos-millar-1_optimized.jpg\" alt='' title='carlos-millar-(1)_optimized' height=\"600\" width=\"888\"  itemprop=\"thumbnailUrl\" srcset=\"https:\/\/radiorevelacionfm.cl\/wp-content\/uploads\/2025\/02\/carlos-millar-1_optimized.jpg 888w, https:\/\/radiorevelacionfm.cl\/wp-content\/uploads\/2025\/02\/carlos-millar-1_optimized-300x203.jpg 300w, https:\/\/radiorevelacionfm.cl\/wp-content\/uploads\/2025\/02\/carlos-millar-1_optimized-768x519.jpg 768w, https:\/\/radiorevelacionfm.cl\/wp-content\/uploads\/2025\/02\/carlos-millar-1_optimized-705x476.jpg 705w, https:\/\/radiorevelacionfm.cl\/wp-content\/uploads\/2025\/02\/carlos-millar-1_optimized-450x304.jpg 450w, https:\/\/radiorevelacionfm.cl\/wp-content\/uploads\/2025\/02\/carlos-millar-1_optimized-600x405.jpg 600w\" sizes=\"(max-width: 888px) 100vw, 888px\" \/><\/div><\/div><\/div><\/div><div class=\"flex_column av_one_full  flex_column_div av-zero-column-padding first  avia-builder-el-2  el_after_av_one_full  el_before_av_one_full  column-top-margin\" style='border-radius:0px; '><section class=\"av_textblock_section \"  itemscope=\"itemscope\" itemtype=\"https:\/\/schema.org\/BlogPosting\" itemprop=\"blogPost\" ><div class='avia_textblock  '   itemprop=\"text\" ><p style=\"text-align: center;\"><strong><span style=\"font-size: 18pt;\">Estudiantes en pr\u00e1ctica refuerzan aprendizaje en INIA Tamel Aike<\/span><\/strong><\/p>\n<div id=\"gtx-trans\" style=\"position: absolute; left: -50px; top: 4.31534px;\">\n<div class=\"gtx-trans-icon\"><\/div>\n<\/div>\n<\/div><\/section><\/div><div class=\"flex_column av_one_full  flex_column_div av-zero-column-padding first  avia-builder-el-4  el_after_av_one_full  el_before_av_hr  column-top-margin\" style='border-radius:0px; '><section class=\"av_textblock_section \"  itemscope=\"itemscope\" itemtype=\"https:\/\/schema.org\/BlogPosting\" itemprop=\"blogPost\" ><div class='avia_textblock  '   itemprop=\"text\" ><p style=\"text-align: justify;\">Durante el verano, INIA Tamel Aike ha recibido a estudiantes en pr\u00e1ctica de diversas instituciones educativas, quienes han participado en actividades de investigaci\u00f3n y manejo agropecuario en la regi\u00f3n de Ays\u00e9n.<\/p>\n<p style=\"text-align: justify;\">Martina Barra y Carlos Millar, del Liceo Bicentenario Agr\u00edcola e Industrial de la Patagonia; Sebasti\u00e1n Diocares y Alexia Paredes, de la Universidad de Ays\u00e9n; y Felipe Ojeda, de la Universidad Austral de Chile, han sido parte de diversas actividades que fortalecen su formaci\u00f3n y contribuyente a la sostenibilidad del sector.<\/p>\n<p style=\"text-align: justify;\">Durante su pr\u00e1ctica, han participado en tareas clave como an\u00e1lisis en laboratorios de suelo, monitoreo y manejo de plagas insectiles, trabajos prediales y manejo en terreno, trabajo con ganado ovino y bovino, adem\u00e1s de investigaci\u00f3n aplicada en ganader\u00eda.<\/p>\n<p style=\"text-align: justify;\">La directora de INIA Tamel Aike, Camila Reyes, destac\u00f3 la importancia de estas instancias para la formaci\u00f3n de nuevos profesionales<\/p>\n<p style=\"text-align: justify;\">\u00abEn INIA trabajamos d\u00eda a d\u00eda para fortalecer la sostenibilidad del sector agroalimentario por medio de la investigaci\u00f3n y desarrollo, la innovaci\u00f3n, la vinculaci\u00f3n con el medio y la transferencia tecnol\u00f3gica. Estas pr\u00e1cticas estudiantiles permiten acercar a los futuros profesionales a los desaf\u00edos reales del sector, entreg\u00e1ndoles herramientas para aportar al desarrollo agropecuario con un enfoque sustentable.\u00bb<\/p>\n<p style=\"text-align: justify;\">Para Martina Barra, egresada del Liceo Bicentenario Agr\u00edcola e Industrial de la Patagonia, esta experiencia ha sido enriquecedora:<\/p>\n<p style=\"text-align: justify;\">\u00abINIA te ense\u00f1a muchas cosas, como investigaciones que ellos tienen, por ejemplo, sobre cuncunilla y las polillas, y no mucha gente tiene conocimiento de eso. De hecho, ha sido una experiencia s\u00faper bonita para m\u00ed\u00bb.<\/p>\n<p style=\"text-align: justify;\">Felipe Ojeda, estudiante de Agronom\u00eda en la Universidad Austral de Chile, destaca la importancia de esta oportunidad:<\/p>\n<p style=\"text-align: justify;\">\u00abM\u00e1s all\u00e1 del conocimiento t\u00e9cnico, uno entiende c\u00f3mo es el ambiente laboral, la relevancia del trabajo en equipo y el cumplimiento de protocolos de seguridad y an\u00e1lisis. Yo creo que independientemente al \u00e1rea que uno quiera ir, la pr\u00e1ctica en el INIA es bastante nutritiva en conocimiento y en experiencia, obviamente\u00bb.<\/p>\n<\/div><\/section><\/div><div  style='height:50px' class='hr hr-invisible   avia-builder-el-6  el_after_av_one_full  el_before_av_social_share '><span class='hr-inner ' ><span class='hr-inner-style'><\/span><\/span><\/div><\/p>\n<div  class='av-social-sharing-box  avia-builder-el-7  el_after_av_hr  el_before_av_hr  '><div class='av-share-box'><h5 class='av-share-link-description av-no-toc '>Compartir esta noticia<\/h5><ul class='av-share-box-list noLightbox'><li class='av-share-link av-social-link-facebook' ><a target=\"_blank\" aria-label=\"Compartir en Facebook\" href='https:\/\/www.facebook.com\/sharer.php?u=https:\/\/radiorevelacionfm.cl\/?p=50233&#038;t=Estudiantes%20en%20pr%C3%A1ctica%20refuerzan%20aprendizaje%20en%20INIA%20Tamel%20Aike' aria-hidden='false' data-av_icon='\ue8f3' data-av_iconfont='entypo-fontello' title='' data-avia-related-tooltip='Compartir en Facebook' rel=\"noopener\"><span class='avia_hidden_link_text'>Compartir en Facebook<\/span><\/a><\/li><li class='av-share-link av-social-link-twitter' ><a target=\"_blank\" aria-label=\"Compartir en Twitter\" href='https:\/\/twitter.com\/share?text=Estudiantes%20en%20pr%C3%A1ctica%20refuerzan%20aprendizaje%20en%20INIA%20Tamel%20Aike&#038;url=https:\/\/radiorevelacionfm.cl\/?p=50233' aria-hidden='false' data-av_icon='\ue8f1' data-av_iconfont='entypo-fontello' title='' data-avia-related-tooltip='Compartir en Twitter' rel=\"noopener\"><span class='avia_hidden_link_text'>Compartir en Twitter<\/span><\/a><\/li><li class='av-share-link av-social-link-whatsapp' ><a target=\"_blank\" aria-label=\"Compartir en Whatsapp\" href='https:\/\/api.whatsapp.com\/send?text=https:\/\/radiorevelacionfm.cl\/?p=50233' aria-hidden='false' data-av_icon='\uf232' data-av_iconfont='entypo-fontello' title='' data-avia-related-tooltip='Compartir en Whatsapp' rel=\"noopener\"><span class='avia_hidden_link_text'>Compartir en Whatsapp<\/span><\/a><\/li><li class='av-share-link av-social-link-linkedin' ><a target=\"_blank\" aria-label=\"Compartir en LinkedIn\" href='https:\/\/linkedin.com\/shareArticle?mini=true&#038;title=Estudiantes%20en%20pr%C3%A1ctica%20refuerzan%20aprendizaje%20en%20INIA%20Tamel%20Aike&#038;url=https:\/\/radiorevelacionfm.cl\/?p=50233' aria-hidden='false' data-av_icon='\ue8fc' data-av_iconfont='entypo-fontello' title='' data-avia-related-tooltip='Compartir en LinkedIn' rel=\"noopener\"><span class='avia_hidden_link_text'>Compartir en LinkedIn<\/span><\/a><\/li><li class='av-share-link av-social-link-mail' ><a  aria-label=\"Compartir por correo\" href='mailto:?subject=Estudiantes%20en%20pr%C3%A1ctica%20refuerzan%20aprendizaje%20en%20INIA%20Tamel%20Aike&#038;body=https:\/\/radiorevelacionfm.cl\/?p=50233' aria-hidden='false' data-av_icon='\ue805' data-av_iconfont='entypo-fontello' title='' data-avia-related-tooltip='Compartir por correo'><span class='avia_hidden_link_text'>Compartir por correo<\/span><\/a><\/li><\/ul><\/div><\/div>\n<div  style='height:50px' class='hr hr-invisible   avia-builder-el-8  el_after_av_social_share  el_before_av_comments_list '><span class='hr-inner ' ><span class='hr-inner-style'><\/span><\/span><\/div>\n<div  class='av-buildercomment  av-blog-meta-html-info-disabled av-blog-meta-tag-disabled  '><\/div>\n","protected":false},"excerpt":{"rendered":"","protected":false},"author":1,"featured_media":50234,"comment_status":"open","ping_status":"open","sticky":false,"template":"","format":"standard","meta":{"footnotes":""},"categories":[58],"tags":[],"class_list":["post-50233","post","type-post","status-publish","format-standard","has-post-thumbnail","hentry","category-agricultura"],"jetpack_featured_media_url":"https:\/\/radiorevelacionfm.cl\/wp-content\/uploads\/2025\/02\/carlos-millar-1_optimized.jpg","_links":{"self":[{"href":"https:\/\/radiorevelacionfm.cl\/index.php?rest_route=\/wp\/v2\/posts\/50233","targetHints":{"allow":["GET"]}}],"collection":[{"href":"https:\/\/radiorevelacionfm.cl\/index.php?rest_route=\/wp\/v2\/posts"}],"about":[{"href":"https:\/\/radiorevelacionfm.cl\/index.php?rest_route=\/wp\/v2\/types\/post"}],"author":[{"embeddable":true,"href":"https:\/\/radiorevelacionfm.cl\/index.php?rest_route=\/wp\/v2\/users\/1"}],"replies":[{"embeddable":true,"href":"https:\/\/radiorevelacionfm.cl\/index.php?rest_route=%2Fwp%2Fv2%2Fcomments&post=50233"}],"version-history":[{"count":1,"href":"https:\/\/radiorevelacionfm.cl\/index.php?rest_route=\/wp\/v2\/posts\/50233\/revisions"}],"predecessor-version":[{"id":50235,"href":"https:\/\/radiorevelacionfm.cl\/index.php?rest_route=\/wp\/v2\/posts\/50233\/revisions\/50235"}],"wp:featuredmedia":[{"embeddable":true,"href":"https:\/\/radiorevelacionfm.cl\/index.php?rest_route=\/wp\/v2\/media\/50234"}],"wp:attachment":[{"href":"https:\/\/radiorevelacionfm.cl\/index.php?rest_route=%2Fwp%2Fv2%2Fmedia&parent=50233"}],"wp:term":[{"taxonomy":"category","embeddable":true,"href":"https:\/\/radiorevelacionfm.cl\/index.php?rest_route=%2Fwp%2Fv2%2Fcategories&post=50233"},{"taxonomy":"post_tag","embeddable":true,"href":"https:\/\/radiorevelacionfm.cl\/index.php?rest_route=%2Fwp%2Fv2%2Ftags&post=50233"}],"curies":[{"name":"wp","href":"https:\/\/api.w.org\/{rel}","templated":true}]}}