{"id":50228,"date":"2025-01-31T19:03:28","date_gmt":"2025-01-31T22:03:28","guid":{"rendered":"https:\/\/radiorevelacionfm.cl\/?p=50228"},"modified":"2025-01-31T19:03:28","modified_gmt":"2025-01-31T22:03:28","slug":"carabineros-de-villa-ohiggins-junto-a-la-armada-encuentran-sanos-y-salvos-a-familia-incomunicada-en-sector-el-manzo","status":"publish","type":"post","link":"https:\/\/radiorevelacionfm.cl\/?p=50228","title":{"rendered":"Carabineros de Villa O&#8217;Higgins junto a la Armada encuentran sanos y salvos a familia incomunicada en sector El Manzo"},"content":{"rendered":"<div class=\"flex_column av_one_full  flex_column_div av-zero-column-padding first  avia-builder-el-0  el_before_av_one_full  avia-builder-el-first  \" style='border-radius:0px; '><div  class='avia-image-container  av-styling-    avia-builder-el-1  avia-builder-el-no-sibling  avia-align-center '  itemprop=\"image\" itemscope=\"itemscope\" itemtype=\"https:\/\/schema.org\/ImageObject\"  ><div class='avia-image-container-inner'><div class='avia-image-overlay-wrap'><img decoding=\"async\" class='wp-image-50229 avia-img-lazy-loading-not-50229 avia_image' src=\"https:\/\/radiorevelacionfm.cl\/wp-content\/uploads\/2025\/01\/36842fcb-3023-48d3-a655-3c3409363cad-1_optimized.jpg\" alt='' title='36842fcb-3023-48d3-a655-3c3409363cad-(1)_optimized' height=\"600\" width=\"800\"  itemprop=\"thumbnailUrl\" srcset=\"https:\/\/radiorevelacionfm.cl\/wp-content\/uploads\/2025\/01\/36842fcb-3023-48d3-a655-3c3409363cad-1_optimized.jpg 800w, https:\/\/radiorevelacionfm.cl\/wp-content\/uploads\/2025\/01\/36842fcb-3023-48d3-a655-3c3409363cad-1_optimized-300x225.jpg 300w, https:\/\/radiorevelacionfm.cl\/wp-content\/uploads\/2025\/01\/36842fcb-3023-48d3-a655-3c3409363cad-1_optimized-768x576.jpg 768w, https:\/\/radiorevelacionfm.cl\/wp-content\/uploads\/2025\/01\/36842fcb-3023-48d3-a655-3c3409363cad-1_optimized-705x529.jpg 705w, https:\/\/radiorevelacionfm.cl\/wp-content\/uploads\/2025\/01\/36842fcb-3023-48d3-a655-3c3409363cad-1_optimized-450x338.jpg 450w, https:\/\/radiorevelacionfm.cl\/wp-content\/uploads\/2025\/01\/36842fcb-3023-48d3-a655-3c3409363cad-1_optimized-600x450.jpg 600w\" sizes=\"(max-width: 800px) 100vw, 800px\" \/><\/div><\/div><\/div><\/div><div class=\"flex_column av_one_full  flex_column_div av-zero-column-padding first  avia-builder-el-2  el_after_av_one_full  el_before_av_one_full  column-top-margin\" style='border-radius:0px; '><section class=\"av_textblock_section \"  itemscope=\"itemscope\" itemtype=\"https:\/\/schema.org\/BlogPosting\" itemprop=\"blogPost\" ><div class='avia_textblock  '   itemprop=\"text\" ><p style=\"text-align: center;\"><strong><span style=\"font-size: 18pt;\">Carabineros de Villa O&#8217;Higgins junto a la Armada encuentran sanos y salvos a familia incomunicada en sector El Manzo<\/span><\/strong><\/p>\n<div id=\"gtx-trans\" style=\"position: absolute; left: -50px; top: 4.31534px;\">\n<div class=\"gtx-trans-icon\"><\/div>\n<\/div>\n<\/div><\/section><\/div><div class=\"flex_column av_one_full  flex_column_div av-zero-column-padding first  avia-builder-el-4  el_after_av_one_full  el_before_av_hr  column-top-margin\" style='border-radius:0px; '><section class=\"av_textblock_section \"  itemscope=\"itemscope\" itemtype=\"https:\/\/schema.org\/BlogPosting\" itemprop=\"blogPost\" ><div class='avia_textblock  '   itemprop=\"text\" ><p dir=\"ltr\" style=\"text-align: justify;\"><em>Tras problemas radiales e internet, perdieron comunicaci\u00f3n por m\u00e1s de siete d\u00edas, generando preocupaci\u00f3n entre familiares.<\/em><\/p>\n<p dir=\"ltr\" style=\"text-align: justify;\">A trav\u00e9s de personal especialista en monta\u00f1a y frontera, sumado a una tripulaci\u00f3n experta en embarcaciones lacustres concurrieron al lugar haciendo frente al fuerte viento y oleaje, pudiendo encontrar en buenas condiciones a la familia de residentes en los confines de la patagonia chilena.<\/p>\n<p dir=\"ltr\" style=\"text-align: justify;\">Una denuncia por presunta desgracia presentada en la Subcomisar\u00eda de Carabineros Villa O&#8217;Higgins (F) y que daba cuenta sobre la p\u00e9rdida de contacto con una familia en el sector El Manzo motiv\u00f3 la activaci\u00f3n de un protocolo de b\u00fasqueda por parte de esta Unidad, trabajo al que se sum\u00f3 la Armada de Chile.<\/p>\n<p dir=\"ltr\" style=\"text-align: justify;\">El Subcomisario de los Servicios de la 4ta Comisar\u00eda de Carabineros Cochrane (F) Teniente Humberto Echeverr\u00eda Bolbar\u00e1n indic\u00f3 que se trata de un remoto lugar, situado en la zona de jurisdicci\u00f3n de la Tenencia Hern\u00e1n Merino Correa (F), lugar donde se encuentra una familia compuesta por tres personas adultas (dos hombres y una mujer) con quienes sus m\u00e1s cercanos perdieron todo contacto por m\u00e1s de siete d\u00edas, desconociendo todo antecedente sobre su condici\u00f3n y estado de salud, situaci\u00f3n que gener\u00f3 preocupaci\u00f3n en su entorno.<\/p>\n<p dir=\"ltr\" style=\"text-align: justify;\"><strong>Equipo de b\u00fasqueda y traves\u00eda<\/strong><\/p>\n<p dir=\"ltr\" style=\"text-align: justify;\">Frente a lo anterior y luego de recabar los primeros antecedentes, \u00abCarabineros de Chile activ\u00f3 un equipo de b\u00fasqueda conformado por medios log\u00edsticos y humanos, conformado por especialistas en monta\u00f1a y frontera y por una tripulaci\u00f3n experta en embarcaciones lacustres, sumando a ello un equipo de la Armada de Chile, quienes concurren a verificar la situaci\u00f3n\u00bb, indic\u00f3 el Oficial.<\/p>\n<p dir=\"ltr\" style=\"text-align: justify;\">Luego de reunir el equipo e implementos para el desarrollo de la operaci\u00f3n, el personal se traslad\u00f3 hasta el muelle de Puerto Bahamondes, lugar desde donde zarp\u00f3 la lancha institucional LP-041 con destino al sector El Manzo con la finalidad de verificar la situaci\u00f3n.<\/p>\n<p dir=\"ltr\" style=\"text-align: justify;\">\u00abTras navegar por m\u00e1s de tres horas bajo condiciones clim\u00e1ticas extremas, con fuerte viento y oleaje de m\u00e1s de dos metros de altura, se lleg\u00f3 hasta el sector, iniciando una b\u00fasqueda en terreno sobre una zona boscosa, hasta que finalmente se logr\u00f3 dar con el paradero de estas personas, quienes se encontraban incomunicadas debido a problemas radiales y tambi\u00e9n de internet debido a la geograf\u00eda del lugar (&#8230;) pudiendo constatar que las tres personas se encontraban sin lesiones\u00bb, detall\u00f3 el Teniente Echeverr\u00eda, quien a\u00f1adi\u00f3 que no fue necesaria su extracci\u00f3n del lugar, siendo los antecedentes de la diligencia informados a la Fiscal\u00eda.<\/p>\n<p dir=\"ltr\" style=\"text-align: justify;\"><strong>Soberan\u00eda e integraci\u00f3n<\/strong><\/p>\n<p dir=\"ltr\" style=\"text-align: justify;\">A lo largo del territorio, Carabineros realiza prevenci\u00f3n, llevando orden y seguridad a cada rinc\u00f3n del territorio, acciones que cobran mayor fuerza en zona australes donde el personal desarrolla tareas de resguardo de nuestra frontera, soberan\u00eda e integraci\u00f3n del territorio, constituyendo la presencia del Estado en los confines de la patagonia chilena.<\/p>\n<p dir=\"ltr\" style=\"text-align: justify;\">\u00abPese a las diferentes adversidades que se puedan suscitar, la Instituci\u00f3n se encuentra dispuesta a auxiliar a las personas que hacen patrias en aquellas zonas m\u00e1s aisladas de nuestra regi\u00f3n (&#8230;). Contamos con personal calificado ya sea para navegar en zonas lacustres, personal especialista en frontera que posee pleno conocimiento para trabajar en zonas terrestres y concurrir donde nuestra comunidad nos necesita\u00bb, profundiz\u00f3 el Subcomisario de los Servicios de la 4ta Comisar\u00eda de Cochrane (F).<\/p>\n<p dir=\"ltr\" style=\"text-align: justify;\">Carabineros recab\u00f3 los antecedentes con la finalidad de ser canalizados m\u00e1s tarde a la Municipalidad de Villa O&#8217;Higgins y contribuir a mejorar sus sistemas de comunicaci\u00f3n para mantener el contacto regular con la comuna y con sus familiares en una de las zonas m\u00e1s aisladas en el vasto territorio de la regi\u00f3n de Ays\u00e9n.<\/p>\n<\/div><\/section><\/div><div  style='height:50px' class='hr hr-invisible   avia-builder-el-6  el_after_av_one_full  el_before_av_social_share '><span class='hr-inner ' ><span class='hr-inner-style'><\/span><\/span><\/div><\/p>\n<div  class='av-social-sharing-box  avia-builder-el-7  el_after_av_hr  el_before_av_hr  '><div class='av-share-box'><h5 class='av-share-link-description av-no-toc '>Compartir esta noticia<\/h5><ul class='av-share-box-list noLightbox'><li class='av-share-link av-social-link-facebook' ><a target=\"_blank\" aria-label=\"Compartir en Facebook\" href='https:\/\/www.facebook.com\/sharer.php?u=https:\/\/radiorevelacionfm.cl\/?p=50228&#038;t=Carabineros%20de%20Villa%20O%E2%80%99Higgins%20junto%20a%20la%20Armada%20encuentran%20sanos%20y%20salvos%20a%20familia%20incomunicada%20en%20sector%20El%20Manzo' aria-hidden='false' data-av_icon='\ue8f3' data-av_iconfont='entypo-fontello' title='' data-avia-related-tooltip='Compartir en Facebook' rel=\"noopener\"><span class='avia_hidden_link_text'>Compartir en Facebook<\/span><\/a><\/li><li class='av-share-link av-social-link-twitter' ><a target=\"_blank\" aria-label=\"Compartir en Twitter\" href='https:\/\/twitter.com\/share?text=Carabineros%20de%20Villa%20O%E2%80%99Higgins%20junto%20a%20la%20Armada%20encuentran%20sanos%20y%20salvos%20a%20familia%20incomunicada%20en%20sector%20El%20Manzo&#038;url=https:\/\/radiorevelacionfm.cl\/?p=50228' aria-hidden='false' data-av_icon='\ue8f1' data-av_iconfont='entypo-fontello' title='' data-avia-related-tooltip='Compartir en Twitter' rel=\"noopener\"><span class='avia_hidden_link_text'>Compartir en Twitter<\/span><\/a><\/li><li class='av-share-link av-social-link-whatsapp' ><a target=\"_blank\" aria-label=\"Compartir en Whatsapp\" href='https:\/\/api.whatsapp.com\/send?text=https:\/\/radiorevelacionfm.cl\/?p=50228' aria-hidden='false' data-av_icon='\uf232' data-av_iconfont='entypo-fontello' title='' data-avia-related-tooltip='Compartir en Whatsapp' rel=\"noopener\"><span class='avia_hidden_link_text'>Compartir en Whatsapp<\/span><\/a><\/li><li class='av-share-link av-social-link-linkedin' ><a target=\"_blank\" aria-label=\"Compartir en LinkedIn\" href='https:\/\/linkedin.com\/shareArticle?mini=true&#038;title=Carabineros%20de%20Villa%20O%E2%80%99Higgins%20junto%20a%20la%20Armada%20encuentran%20sanos%20y%20salvos%20a%20familia%20incomunicada%20en%20sector%20El%20Manzo&#038;url=https:\/\/radiorevelacionfm.cl\/?p=50228' aria-hidden='false' data-av_icon='\ue8fc' data-av_iconfont='entypo-fontello' title='' data-avia-related-tooltip='Compartir en LinkedIn' rel=\"noopener\"><span class='avia_hidden_link_text'>Compartir en LinkedIn<\/span><\/a><\/li><li class='av-share-link av-social-link-mail' ><a  aria-label=\"Compartir por correo\" href='mailto:?subject=Carabineros%20de%20Villa%20O%E2%80%99Higgins%20junto%20a%20la%20Armada%20encuentran%20sanos%20y%20salvos%20a%20familia%20incomunicada%20en%20sector%20El%20Manzo&#038;body=https:\/\/radiorevelacionfm.cl\/?p=50228' aria-hidden='false' data-av_icon='\ue805' data-av_iconfont='entypo-fontello' title='' data-avia-related-tooltip='Compartir por correo'><span class='avia_hidden_link_text'>Compartir por correo<\/span><\/a><\/li><\/ul><\/div><\/div>\n<div  style='height:50px' class='hr hr-invisible   avia-builder-el-8  el_after_av_social_share  el_before_av_comments_list '><span class='hr-inner ' ><span class='hr-inner-style'><\/span><\/span><\/div>\n<div  class='av-buildercomment  av-blog-meta-html-info-disabled av-blog-meta-tag-disabled  '><\/div>\n","protected":false},"excerpt":{"rendered":"","protected":false},"author":1,"featured_media":50229,"comment_status":"open","ping_status":"open","sticky":false,"template":"","format":"standard","meta":{"footnotes":""},"categories":[36],"tags":[],"class_list":["post-50228","post","type-post","status-publish","format-standard","has-post-thumbnail","hentry","category-policial"],"jetpack_featured_media_url":"https:\/\/radiorevelacionfm.cl\/wp-content\/uploads\/2025\/01\/36842fcb-3023-48d3-a655-3c3409363cad-1_optimized.jpg","_links":{"self":[{"href":"https:\/\/radiorevelacionfm.cl\/index.php?rest_route=\/wp\/v2\/posts\/50228","targetHints":{"allow":["GET"]}}],"collection":[{"href":"https:\/\/radiorevelacionfm.cl\/index.php?rest_route=\/wp\/v2\/posts"}],"about":[{"href":"https:\/\/radiorevelacionfm.cl\/index.php?rest_route=\/wp\/v2\/types\/post"}],"author":[{"embeddable":true,"href":"https:\/\/radiorevelacionfm.cl\/index.php?rest_route=\/wp\/v2\/users\/1"}],"replies":[{"embeddable":true,"href":"https:\/\/radiorevelacionfm.cl\/index.php?rest_route=%2Fwp%2Fv2%2Fcomments&post=50228"}],"version-history":[{"count":1,"href":"https:\/\/radiorevelacionfm.cl\/index.php?rest_route=\/wp\/v2\/posts\/50228\/revisions"}],"predecessor-version":[{"id":50230,"href":"https:\/\/radiorevelacionfm.cl\/index.php?rest_route=\/wp\/v2\/posts\/50228\/revisions\/50230"}],"wp:featuredmedia":[{"embeddable":true,"href":"https:\/\/radiorevelacionfm.cl\/index.php?rest_route=\/wp\/v2\/media\/50229"}],"wp:attachment":[{"href":"https:\/\/radiorevelacionfm.cl\/index.php?rest_route=%2Fwp%2Fv2%2Fmedia&parent=50228"}],"wp:term":[{"taxonomy":"category","embeddable":true,"href":"https:\/\/radiorevelacionfm.cl\/index.php?rest_route=%2Fwp%2Fv2%2Fcategories&post=50228"},{"taxonomy":"post_tag","embeddable":true,"href":"https:\/\/radiorevelacionfm.cl\/index.php?rest_route=%2Fwp%2Fv2%2Ftags&post=50228"}],"curies":[{"name":"wp","href":"https:\/\/api.w.org\/{rel}","templated":true}]}}