{"id":50225,"date":"2025-02-01T11:59:25","date_gmt":"2025-02-01T14:59:25","guid":{"rendered":"https:\/\/radiorevelacionfm.cl\/?p=50225"},"modified":"2025-02-01T12:03:54","modified_gmt":"2025-02-01T15:03:54","slug":"red-asistencial-en-alerta-y-preparada-para-demanda-por-enfermedades-gastrointestinales","status":"publish","type":"post","link":"https:\/\/radiorevelacionfm.cl\/?p=50225","title":{"rendered":"Red Asistencial en alerta y preparada para demanda por enfermedades gastrointestinales"},"content":{"rendered":"<div class=\"flex_column av_one_full  flex_column_div av-zero-column-padding first  avia-builder-el-0  el_before_av_one_full  avia-builder-el-first  \" style='border-radius:0px; '><div  class='avia-image-container  av-styling-    avia-builder-el-1  avia-builder-el-no-sibling  avia-align-center '  itemprop=\"image\" itemscope=\"itemscope\" itemtype=\"https:\/\/schema.org\/ImageObject\"  ><div class='avia-image-container-inner'><div class='avia-image-overlay-wrap'><img decoding=\"async\" class='wp-image-50226 avia-img-lazy-loading-not-50226 avia_image' src=\"https:\/\/radiorevelacionfm.cl\/wp-content\/uploads\/2025\/01\/hrc-1-2-1_optimized.jpeg\" alt='' title='hrc-(1)-(2)-(1)_optimized' height=\"600\" width=\"1067\"  itemprop=\"thumbnailUrl\" srcset=\"https:\/\/radiorevelacionfm.cl\/wp-content\/uploads\/2025\/01\/hrc-1-2-1_optimized.jpeg 1067w, https:\/\/radiorevelacionfm.cl\/wp-content\/uploads\/2025\/01\/hrc-1-2-1_optimized-300x169.jpeg 300w, https:\/\/radiorevelacionfm.cl\/wp-content\/uploads\/2025\/01\/hrc-1-2-1_optimized-1030x579.jpeg 1030w, https:\/\/radiorevelacionfm.cl\/wp-content\/uploads\/2025\/01\/hrc-1-2-1_optimized-768x432.jpeg 768w, https:\/\/radiorevelacionfm.cl\/wp-content\/uploads\/2025\/01\/hrc-1-2-1_optimized-705x396.jpeg 705w, https:\/\/radiorevelacionfm.cl\/wp-content\/uploads\/2025\/01\/hrc-1-2-1_optimized-450x253.jpeg 450w, https:\/\/radiorevelacionfm.cl\/wp-content\/uploads\/2025\/01\/hrc-1-2-1_optimized-600x337.jpeg 600w\" sizes=\"(max-width: 1067px) 100vw, 1067px\" \/><\/div><\/div><\/div><\/div>\n<div class=\"flex_column av_one_full  flex_column_div av-zero-column-padding first  avia-builder-el-2  el_after_av_one_full  el_before_av_one_full  column-top-margin\" style='border-radius:0px; '><section class=\"av_textblock_section \"  itemscope=\"itemscope\" itemtype=\"https:\/\/schema.org\/BlogPosting\" itemprop=\"blogPost\" ><div class='avia_textblock  '   itemprop=\"text\" ><p style=\"text-align: center;\"><span style=\"font-size: 18pt;\"><b>Red Asistencial en alerta y preparada para demanda por enfermedades gastrointestinales<\/b><\/span><\/p>\n<div id=\"gtx-trans\" style=\"position: absolute; left: -50px; top: 4.31534px;\">\n<div class=\"gtx-trans-icon\"><\/div>\n<\/div>\n<\/div><\/section><\/div>\n<div class=\"flex_column av_one_full  flex_column_div av-zero-column-padding first  avia-builder-el-4  el_after_av_one_full  el_before_av_hr  column-top-margin\" style='border-radius:0px; '><section class=\"av_textblock_section \"  itemscope=\"itemscope\" itemtype=\"https:\/\/schema.org\/BlogPosting\" itemprop=\"blogPost\" ><div class='avia_textblock  '   itemprop=\"text\" ><p><em>Si bien las cifras son inferiores a otros a\u00f1os, la circulaci\u00f3n de virus aument\u00f3 las \u00faltimas semanas.<\/em><\/p>\n<p style=\"text-align: justify;\">Ante el aumento de cuadros gastrointestinales, la Red Asistencial de Ays\u00e9n se mantiene alerta y preparada para atender los requerimientos de las personas que asisten a diario a los establecimientos de salud.<\/p>\n<p style=\"text-align: justify;\">Lidia Pichulman Cuadra, enfermera jefa de la Unidad de Emergencia de Adultos del Hospital Regional Coyhaique, hizo un llamado a hacer un buen uso de la red y a la vez entreg\u00f3 recomendaciones para reconocer este tipo de malestares. \u201cLlamar a la calma, porque si bien es cierto, ha habido consultas tampoco hay un problema sanitario complejo que haya puesto en jaque la urgencia. Hemos tenido consultas que est\u00e1n un poquito sobre la media, pero es habitual, en los rangos esperados para esta \u00e9poca\u201d, puntualiz\u00f3.<\/p>\n<p style=\"text-align: justify;\">El verano es un periodo del a\u00f1o en que efectivamente aumentan las enfermedades gastrointestinales, por la mayor circulaci\u00f3n de virus circulantes. No obstante, la cifra de 2025 es inferior a las del a\u00f1o pasado a la misma fecha. El Servicio de Salud a trav\u00e9s de los centros centinelas investigan las causas y se identifican los agentes etiol\u00f3gicos para adoptar las medidas correspondientes.<\/p>\n<p style=\"text-align: justify;\"><strong>Medidas de prevenci\u00f3n<\/strong><\/p>\n<p style=\"text-align: justify;\">Una de las medidas m\u00e1s importantes es hacer un buen aseo de las manos, con agua y jab\u00f3n o alcohol gel si corresponde, consumir alimentos en establecimientos que tengan autorizaci\u00f3n sanitaria, lo cual certifica que la manipulaci\u00f3n de alimentos se realiza de manera adecuada. Tambi\u00e9n se sugiere desinfectar los ba\u00f1os regularmente con guantes y cloro.<\/p>\n<p style=\"text-align: justify;\">En caso de salir de camping, conservar los alimentos con la respectiva cadena de fr\u00edo y en lo posible consumirlos cocidos.<\/p>\n<p style=\"text-align: justify;\"><strong>Se\u00f1ales de alerta<\/strong><\/p>\n<p style=\"text-align: justify;\">Si los v\u00f3mitos son persistentes, existe deshidrataci\u00f3n y diarrea, acompa\u00f1ados de fiebre sobre 38\u00b0 sobrepasan las seis u ocho horas, debe consultar en un establecimiento de urgencia, que puede ser presencial o a trav\u00e9s de las plataformas de telesalud.<\/p>\n<p style=\"text-align: justify;\">Sin embargo, no todas las infecciones gastrointestinales son una urgencia y es recomendable identificar los s\u00edntomas para adoptar la mejor decisi\u00f3n.<\/p>\n<p style=\"text-align: justify;\">\u201cEstos virus son altamente contagiosos entre la comunidad, en las superficies como hierro o s\u00f3lidas pueden permanecer m\u00e1s de dos semanas o al recuperarse de la sintomatolog\u00eda en las deposiciones se contin\u00faa transmitiendo, entonces hay que tomar medidas preventivas\u201d, explica Karla Montenegro, profesional de la Unidad de Epidemiolog\u00eda del Servicio de Salud Ays\u00e9n.<\/p>\n<p style=\"text-align: justify;\">Cabe destacar que los grupos que pueden presentar mayores inconvenientes son los adultos mayores y menores de un a\u00f1o de edad, adem\u00e1s personas inmunocomprometidas que tengan enfermedades como c\u00e1nceres o diabetes, entre otras.<\/p>\n<p style=\"text-align: justify;\">Finalmente, el llamado es a asistir al SAPU del Cesfam Dr. Alejandro Guti\u00e9rrez de Coyhaique, en horario de 17:00 a 00:00 horas o al servicio de urgencia del Hospital Regional Coyhaique, en caso de ser necesario.<\/p>\n<\/div><\/section><\/div><div  style='height:50px' class='hr hr-invisible   avia-builder-el-6  el_after_av_one_full  el_before_av_social_share '><span class='hr-inner ' ><span class='hr-inner-style'><\/span><\/span><\/div><\/p>\n<div  class='av-social-sharing-box  avia-builder-el-7  el_after_av_hr  el_before_av_hr  '><div class='av-share-box'><h5 class='av-share-link-description av-no-toc '>Compartir esta noticia<\/h5><ul class='av-share-box-list noLightbox'><li class='av-share-link av-social-link-facebook' ><a target=\"_blank\" aria-label=\"Compartir en Facebook\" href='https:\/\/www.facebook.com\/sharer.php?u=https:\/\/radiorevelacionfm.cl\/?p=50225&#038;t=Red%20Asistencial%20en%20alerta%20y%20preparada%20para%20demanda%20por%20enfermedades%20gastrointestinales' aria-hidden='false' data-av_icon='\ue8f3' data-av_iconfont='entypo-fontello' title='' data-avia-related-tooltip='Compartir en Facebook' rel=\"noopener\"><span class='avia_hidden_link_text'>Compartir en Facebook<\/span><\/a><\/li><li class='av-share-link av-social-link-twitter' ><a target=\"_blank\" aria-label=\"Compartir en Twitter\" href='https:\/\/twitter.com\/share?text=Red%20Asistencial%20en%20alerta%20y%20preparada%20para%20demanda%20por%20enfermedades%20gastrointestinales&#038;url=https:\/\/radiorevelacionfm.cl\/?p=50225' aria-hidden='false' data-av_icon='\ue8f1' data-av_iconfont='entypo-fontello' title='' data-avia-related-tooltip='Compartir en Twitter' rel=\"noopener\"><span class='avia_hidden_link_text'>Compartir en Twitter<\/span><\/a><\/li><li class='av-share-link av-social-link-whatsapp' ><a target=\"_blank\" aria-label=\"Compartir en Whatsapp\" href='https:\/\/api.whatsapp.com\/send?text=https:\/\/radiorevelacionfm.cl\/?p=50225' aria-hidden='false' data-av_icon='\uf232' data-av_iconfont='entypo-fontello' title='' data-avia-related-tooltip='Compartir en Whatsapp' rel=\"noopener\"><span class='avia_hidden_link_text'>Compartir en Whatsapp<\/span><\/a><\/li><li class='av-share-link av-social-link-linkedin' ><a target=\"_blank\" aria-label=\"Compartir en LinkedIn\" href='https:\/\/linkedin.com\/shareArticle?mini=true&#038;title=Red%20Asistencial%20en%20alerta%20y%20preparada%20para%20demanda%20por%20enfermedades%20gastrointestinales&#038;url=https:\/\/radiorevelacionfm.cl\/?p=50225' aria-hidden='false' data-av_icon='\ue8fc' data-av_iconfont='entypo-fontello' title='' data-avia-related-tooltip='Compartir en LinkedIn' rel=\"noopener\"><span class='avia_hidden_link_text'>Compartir en LinkedIn<\/span><\/a><\/li><li class='av-share-link av-social-link-mail' ><a  aria-label=\"Compartir por correo\" href='mailto:?subject=Red%20Asistencial%20en%20alerta%20y%20preparada%20para%20demanda%20por%20enfermedades%20gastrointestinales&#038;body=https:\/\/radiorevelacionfm.cl\/?p=50225' aria-hidden='false' data-av_icon='\ue805' data-av_iconfont='entypo-fontello' title='' data-avia-related-tooltip='Compartir por correo'><span class='avia_hidden_link_text'>Compartir por correo<\/span><\/a><\/li><\/ul><\/div><\/div>\n<div  style='height:50px' class='hr hr-invisible   avia-builder-el-8  el_after_av_social_share  el_before_av_comments_list '><span class='hr-inner ' ><span class='hr-inner-style'><\/span><\/span><\/div>\n<div  class='av-buildercomment  av-blog-meta-html-info-disabled av-blog-meta-tag-disabled  '><\/div>\n","protected":false},"excerpt":{"rendered":"","protected":false},"author":1,"featured_media":50226,"comment_status":"open","ping_status":"open","sticky":false,"template":"","format":"standard","meta":{"footnotes":""},"categories":[46],"tags":[],"class_list":["post-50225","post","type-post","status-publish","format-standard","has-post-thumbnail","hentry","category-salud"],"jetpack_featured_media_url":"https:\/\/radiorevelacionfm.cl\/wp-content\/uploads\/2025\/01\/hrc-1-2-1_optimized.jpeg","_links":{"self":[{"href":"https:\/\/radiorevelacionfm.cl\/index.php?rest_route=\/wp\/v2\/posts\/50225","targetHints":{"allow":["GET"]}}],"collection":[{"href":"https:\/\/radiorevelacionfm.cl\/index.php?rest_route=\/wp\/v2\/posts"}],"about":[{"href":"https:\/\/radiorevelacionfm.cl\/index.php?rest_route=\/wp\/v2\/types\/post"}],"author":[{"embeddable":true,"href":"https:\/\/radiorevelacionfm.cl\/index.php?rest_route=\/wp\/v2\/users\/1"}],"replies":[{"embeddable":true,"href":"https:\/\/radiorevelacionfm.cl\/index.php?rest_route=%2Fwp%2Fv2%2Fcomments&post=50225"}],"version-history":[{"count":3,"href":"https:\/\/radiorevelacionfm.cl\/index.php?rest_route=\/wp\/v2\/posts\/50225\/revisions"}],"predecessor-version":[{"id":50232,"href":"https:\/\/radiorevelacionfm.cl\/index.php?rest_route=\/wp\/v2\/posts\/50225\/revisions\/50232"}],"wp:featuredmedia":[{"embeddable":true,"href":"https:\/\/radiorevelacionfm.cl\/index.php?rest_route=\/wp\/v2\/media\/50226"}],"wp:attachment":[{"href":"https:\/\/radiorevelacionfm.cl\/index.php?rest_route=%2Fwp%2Fv2%2Fmedia&parent=50225"}],"wp:term":[{"taxonomy":"category","embeddable":true,"href":"https:\/\/radiorevelacionfm.cl\/index.php?rest_route=%2Fwp%2Fv2%2Fcategories&post=50225"},{"taxonomy":"post_tag","embeddable":true,"href":"https:\/\/radiorevelacionfm.cl\/index.php?rest_route=%2Fwp%2Fv2%2Ftags&post=50225"}],"curies":[{"name":"wp","href":"https:\/\/api.w.org\/{rel}","templated":true}]}}