{"id":50216,"date":"2025-01-31T17:00:03","date_gmt":"2025-01-31T20:00:03","guid":{"rendered":"https:\/\/radiorevelacionfm.cl\/?p=50216"},"modified":"2025-01-31T17:00:03","modified_gmt":"2025-01-31T20:00:03","slug":"coyhaique-condenan-a-ex-prefecto-de-aysen-y-capitan-de-carabineros-por-obstruccion-a-la-investigacion","status":"publish","type":"post","link":"https:\/\/radiorevelacionfm.cl\/?p=50216","title":{"rendered":"Coyhaique: Condenan a ex Prefecto de Ays\u00e9n y Capit\u00e1n de Carabineros por obstrucci\u00f3n a la investigaci\u00f3n"},"content":{"rendered":"<div class=\"flex_column av_one_full  flex_column_div av-zero-column-padding first  avia-builder-el-0  el_before_av_one_full  avia-builder-el-first  \" style='border-radius:0px; '><div  class='avia-image-container  av-styling-    avia-builder-el-1  avia-builder-el-no-sibling  avia-align-center '  itemprop=\"image\" itemscope=\"itemscope\" itemtype=\"https:\/\/schema.org\/ImageObject\"  ><div class='avia-image-container-inner'><div class='avia-image-overlay-wrap'><img decoding=\"async\" class='wp-image-50217 avia-img-lazy-loading-not-50217 avia_image' src=\"https:\/\/radiorevelacionfm.cl\/wp-content\/uploads\/2025\/01\/2-2025-01-31T164048.494-1.jpg\" alt='' title='2 - 2025-01-31T164048.494 (1)' height=\"600\" width=\"900\"  itemprop=\"thumbnailUrl\" srcset=\"https:\/\/radiorevelacionfm.cl\/wp-content\/uploads\/2025\/01\/2-2025-01-31T164048.494-1.jpg 900w, https:\/\/radiorevelacionfm.cl\/wp-content\/uploads\/2025\/01\/2-2025-01-31T164048.494-1-300x200.jpg 300w, https:\/\/radiorevelacionfm.cl\/wp-content\/uploads\/2025\/01\/2-2025-01-31T164048.494-1-768x512.jpg 768w, https:\/\/radiorevelacionfm.cl\/wp-content\/uploads\/2025\/01\/2-2025-01-31T164048.494-1-705x470.jpg 705w, https:\/\/radiorevelacionfm.cl\/wp-content\/uploads\/2025\/01\/2-2025-01-31T164048.494-1-450x300.jpg 450w, https:\/\/radiorevelacionfm.cl\/wp-content\/uploads\/2025\/01\/2-2025-01-31T164048.494-1-600x400.jpg 600w\" sizes=\"(max-width: 900px) 100vw, 900px\" \/><\/div><\/div><\/div><\/div><div class=\"flex_column av_one_full  flex_column_div av-zero-column-padding first  avia-builder-el-2  el_after_av_one_full  el_before_av_one_full  column-top-margin\" style='border-radius:0px; '><section class=\"av_textblock_section \"  itemscope=\"itemscope\" itemtype=\"https:\/\/schema.org\/BlogPosting\" itemprop=\"blogPost\" ><div class='avia_textblock  '   itemprop=\"text\" ><p style=\"text-align: center;\"><strong><span style=\"font-size: 18pt;\">Coyhaique: Condenan a ex Prefecto de Ays\u00e9n y Capit\u00e1n de Carabineros por obstrucci\u00f3n a la investigaci\u00f3n<\/span><\/strong><\/p>\n<div id=\"gtx-trans\" style=\"position: absolute; left: -50px; top: 4.31534px;\">\n<div class=\"gtx-trans-icon\"><\/div>\n<\/div>\n<\/div><\/section><\/div><div class=\"flex_column av_one_full  flex_column_div av-zero-column-padding first  avia-builder-el-4  el_after_av_one_full  el_before_av_hr  column-top-margin\" style='border-radius:0px; '><section class=\"av_textblock_section \"  itemscope=\"itemscope\" itemtype=\"https:\/\/schema.org\/BlogPosting\" itemprop=\"blogPost\" ><div class='avia_textblock  '   itemprop=\"text\" ><p class=\"bajada\" style=\"text-align: justify;\"><em>El Tribunal de Juicio Oral en lo Penal de Coyhaique conden\u00f3 en forma un\u00e1nime por los hechos acusados por el Ministerio P\u00fablico. La lectura de la sentencia ser\u00e1 el 11 de febrero.<\/em><\/p>\n<div>Hechos ocurrieron en noviembre del a\u00f1o 2019. El juicio se desarroll\u00f3 durante una semana y media.<\/div>\n<p style=\"text-align: justify;\">Tras una investigaci\u00f3n dirigida por la Unidad de An\u00e1lisis Criminal y Focos Investigativos de la Fiscal\u00eda Regional de Ays\u00e9n y una semana y media de juicio oral, el Tribunal Oral en lo Penal de Coyhaique dict\u00f3 veredicto condenatorio en contra del ex Prefecto de Carabineros de la regi\u00f3n, Pablo Capetillo Contreras, y del Jefe de Fuerzas Especiales de Carabineros en ese momento, Capit\u00e1n Juan Fuentes Fuentealba, por el delito de obstrucci\u00f3n a la investigaci\u00f3n calificada, luego de acreditarse que ambos ocultaron videos que exculpaban a un estudiante de haber lanzado piedras a un funcionario de la instituci\u00f3n que result\u00f3 con lesiones graves, en el contexto de una protesta en Avenida Ogana.<\/p>\n<p style=\"text-align: justify;\">Los hechos datan de noviembre del a\u00f1o 2019, cuando fue detenido un joven sindicado por la instituci\u00f3n policial como autor del lanzamiento de proyectiles a un funcionario de Carabineros, quien result\u00f3 con lesiones graves en su rostro y dentadura. Lo anterior, dio lugar a que el estudiante fuese formalizado por el delito de maltrato de obra a carabineros con resultado de lesiones graves, decret\u00e1ndose su prisi\u00f3n preventiva.<\/p>\n<p style=\"text-align: justify;\">OCULTARON INFORMACI\u00d3N<\/p>\n<p style=\"text-align: justify;\">Sin embargo, la situaci\u00f3n cambi\u00f3 al descubrirse que, en los antecedentes entregados por los funcionarios policiales para inculpar al detenido de ese momento, se hab\u00eda ocultado un video que lo exculpaba del il\u00edcito.<\/p>\n<p style=\"text-align: justify;\">As\u00ed, la acusaci\u00f3n del Ministerio P\u00fablico, cuyos hechos se dieron por acreditados por parte del Tribunal, describe c\u00f3mo los condenados Pablo Capetillo y Juan Fuentes fueron informados de la existencia de un video que descartaba la participaci\u00f3n del estudiante en las lesiones, y pese a ello, ordenaron que \u00e9ste fuese excluido de los informes que posteriormente fueron remitidos al Ministerio P\u00fablico, los cuales fueron antecedentes fundantes para la formalizaci\u00f3n y prisi\u00f3n preventiva del joven.<\/p>\n<p style=\"text-align: justify;\">Esa no fue la \u00fanica actuaci\u00f3n de ambos funcionarios. Tambi\u00e9n consta que prestaron declaraciones durante la investigaci\u00f3n en relaci\u00f3n al procedimiento donde omitieron su conocimiento del video exculpatorio.<\/p>\n<p style=\"text-align: justify;\">VEREDICTO<\/p>\n<p style=\"text-align: justify;\">As\u00ed, en la lectura del veredicto condenatorio, el Magistrado Pablo Freire, se\u00f1al\u00f3 que las versiones de ambos ex oficiales fueron desacreditadas por hechos objetivos como lo fue la certeza de que tuvieron acceso a un video determinante para exculpar al detenido y a la opini\u00f3n de un funcionario calificado que lo hab\u00eda analizado, pese a lo cual insistieron en su versi\u00f3n.<\/p>\n<p style=\"text-align: justify;\">Asimismo, el magistrado Freire agreg\u00f3 que el ex Coronel Capetillo orden\u00f3 la exclusi\u00f3n de dicha evidencia a pesar de que el Ministerio P\u00fablico instruy\u00f3 la remisi\u00f3n de todos los antecedentes probatorios con que contaba Carabineros al momento.<\/p>\n<p style=\"text-align: justify;\">Los imputados, seg\u00fan lo se\u00f1al\u00f3 el tribunal, \u201cincurrieron en la conducta descrita en el art\u00edculo 269 bis del C\u00f3digo Penal, a saber, la aportaci\u00f3n de antecedentes falsos que en este caso obstaculiz\u00f3 gravemente la determinaci\u00f3n de responsables del delito objeto de la investigaci\u00f3n\u201d.<\/p>\n<p style=\"text-align: justify;\">FISCAL\u00cdA<\/p>\n<p style=\"text-align: justify;\">Por su parte el Fiscal Jefe de la Unidad de An\u00e1lisis Criminal y Focos Investigativos, Luis Gonz\u00e1lez Aracena, persecutor que llev\u00f3 adelante el juicio, destac\u00f3 la importancia del veredicto condenatorio en este tipo de delitos, indicando que la investigaci\u00f3n determin\u00f3 que los funcionarios involucrados \u201ctuvieron a la vista antecedentes que descartaban la participaci\u00f3n del joven y el Prefecto de la \u00e9poca, se\u00f1or Pablo Capetillo, orden\u00f3 su exclusi\u00f3n del parte policial, ocultar un video que determinaba la no participaci\u00f3n del joven y no aportarlo al Ministerio P\u00fablico, lo cual fue acreditado durante la investigaci\u00f3n y durante la prueba rendida ante el Tribunal Oral\u201d.<\/p>\n<p style=\"text-align: justify;\">Para el jefe de SACFI, \u201cel hecho es de la m\u00e1s alta gravedad, puesto que vulnera el deber de las polic\u00edas de indagar y de aportar a la Fiscal\u00eda, a fin de determinar tanto la participaci\u00f3n de un hecho punible como tambi\u00e9n la no participaci\u00f3n de una persona en estos hechos. Un joven que hab\u00eda cometido manifestaciones pero no hab\u00eda causado las lesiones, producto de estos actos desarrollados por los acusados, estuvo privado de libertad y en prisi\u00f3n preventiva, lo cual establece la comisi\u00f3n de un delito de obstrucci\u00f3n a la investigaci\u00f3n\u201d.<\/p>\n<p style=\"text-align: justify;\">El fiscal Gonz\u00e1lez agreg\u00f3 que \u201cla corrupci\u00f3n p\u00fablica es de un agente del Estado en el sentido de ocultar informaci\u00f3n que su deber es aportarlo. Es inaceptable y vulnera el principio de derecho, de Estado de Derecho en una sociedad democr\u00e1tica. El Ministerio P\u00fablico present\u00f3 acusaci\u00f3n, la cual fue acogida en todas sus partes por parte del Tribunal Oral\u201d.<\/p>\n<p style=\"text-align: justify;\">SENTENCIA<\/p>\n<p style=\"text-align: justify;\">La lectura de la sentencia de este caso ser\u00e1 el 11 de febrero, donde se conocer\u00e1 la pena que impondr\u00e1 el Tribunal por el delito de obstrucci\u00f3n a la investigaci\u00f3n calificado, habiendo el Ministerio P\u00fablico solicitado las m\u00e1ximas penas que permite la ley, es decir, 818 d\u00edas de presidio para el ex Coronel Pablo Capetillo y 700 d\u00edas de presidio para el Capit\u00e1n y ex jefe de las Fuerzas Especiales, Juan Fuentes.<\/p>\n<p style=\"text-align: justify;\">Como querellantes en este juicio participaron el Consejo de Defensa del Estado, el Instituto Nacional de Derechos Humanos y el propio estudiante detenido en su oportunidad.<\/p>\n<p style=\"text-align: justify;\">La sentencia fue dictada por los jueces M\u00f3nica Coloma Pulgar, Natalia Gejman Seco y Pablo Freire Gavil\u00e1n.<\/p>\n<\/div><\/section><\/div><div  style='height:50px' class='hr hr-invisible   avia-builder-el-6  el_after_av_one_full  el_before_av_social_share '><span class='hr-inner ' ><span class='hr-inner-style'><\/span><\/span><\/div><\/p>\n<div  class='av-social-sharing-box  avia-builder-el-7  el_after_av_hr  el_before_av_hr  '><div class='av-share-box'><h5 class='av-share-link-description av-no-toc '>Compartir esta noticia<\/h5><ul class='av-share-box-list noLightbox'><li class='av-share-link av-social-link-facebook' ><a target=\"_blank\" aria-label=\"Compartir en Facebook\" href='https:\/\/www.facebook.com\/sharer.php?u=https:\/\/radiorevelacionfm.cl\/?p=50216&#038;t=Coyhaique%3A%20Condenan%20a%20ex%20Prefecto%20de%20Ays%C3%A9n%20y%20Capit%C3%A1n%20de%20Carabineros%20por%20obstrucci%C3%B3n%20a%20la%20investigaci%C3%B3n' aria-hidden='false' data-av_icon='\ue8f3' data-av_iconfont='entypo-fontello' title='' data-avia-related-tooltip='Compartir en Facebook' rel=\"noopener\"><span class='avia_hidden_link_text'>Compartir en Facebook<\/span><\/a><\/li><li class='av-share-link av-social-link-twitter' ><a target=\"_blank\" aria-label=\"Compartir en Twitter\" href='https:\/\/twitter.com\/share?text=Coyhaique%3A%20Condenan%20a%20ex%20Prefecto%20de%20Ays%C3%A9n%20y%20Capit%C3%A1n%20de%20Carabineros%20por%20obstrucci%C3%B3n%20a%20la%20investigaci%C3%B3n&#038;url=https:\/\/radiorevelacionfm.cl\/?p=50216' aria-hidden='false' data-av_icon='\ue8f1' data-av_iconfont='entypo-fontello' title='' data-avia-related-tooltip='Compartir en Twitter' rel=\"noopener\"><span class='avia_hidden_link_text'>Compartir en Twitter<\/span><\/a><\/li><li class='av-share-link av-social-link-whatsapp' ><a target=\"_blank\" aria-label=\"Compartir en Whatsapp\" href='https:\/\/api.whatsapp.com\/send?text=https:\/\/radiorevelacionfm.cl\/?p=50216' aria-hidden='false' data-av_icon='\uf232' data-av_iconfont='entypo-fontello' title='' data-avia-related-tooltip='Compartir en Whatsapp' rel=\"noopener\"><span class='avia_hidden_link_text'>Compartir en Whatsapp<\/span><\/a><\/li><li class='av-share-link av-social-link-linkedin' ><a target=\"_blank\" aria-label=\"Compartir en LinkedIn\" href='https:\/\/linkedin.com\/shareArticle?mini=true&#038;title=Coyhaique%3A%20Condenan%20a%20ex%20Prefecto%20de%20Ays%C3%A9n%20y%20Capit%C3%A1n%20de%20Carabineros%20por%20obstrucci%C3%B3n%20a%20la%20investigaci%C3%B3n&#038;url=https:\/\/radiorevelacionfm.cl\/?p=50216' aria-hidden='false' data-av_icon='\ue8fc' data-av_iconfont='entypo-fontello' title='' data-avia-related-tooltip='Compartir en LinkedIn' rel=\"noopener\"><span class='avia_hidden_link_text'>Compartir en LinkedIn<\/span><\/a><\/li><li class='av-share-link av-social-link-mail' ><a  aria-label=\"Compartir por correo\" href='mailto:?subject=Coyhaique%3A%20Condenan%20a%20ex%20Prefecto%20de%20Ays%C3%A9n%20y%20Capit%C3%A1n%20de%20Carabineros%20por%20obstrucci%C3%B3n%20a%20la%20investigaci%C3%B3n&#038;body=https:\/\/radiorevelacionfm.cl\/?p=50216' aria-hidden='false' data-av_icon='\ue805' data-av_iconfont='entypo-fontello' title='' data-avia-related-tooltip='Compartir por correo'><span class='avia_hidden_link_text'>Compartir por correo<\/span><\/a><\/li><\/ul><\/div><\/div>\n<div  style='height:50px' class='hr hr-invisible   avia-builder-el-8  el_after_av_social_share  el_before_av_comments_list '><span class='hr-inner ' ><span class='hr-inner-style'><\/span><\/span><\/div>\n<div  class='av-buildercomment  av-blog-meta-html-info-disabled av-blog-meta-tag-disabled  '><\/div>\n","protected":false},"excerpt":{"rendered":"","protected":false},"author":1,"featured_media":50217,"comment_status":"open","ping_status":"open","sticky":false,"template":"","format":"standard","meta":{"footnotes":""},"categories":[55],"tags":[],"class_list":["post-50216","post","type-post","status-publish","format-standard","has-post-thumbnail","hentry","category-justicia"],"jetpack_featured_media_url":"https:\/\/radiorevelacionfm.cl\/wp-content\/uploads\/2025\/01\/2-2025-01-31T164048.494-1.jpg","_links":{"self":[{"href":"https:\/\/radiorevelacionfm.cl\/index.php?rest_route=\/wp\/v2\/posts\/50216","targetHints":{"allow":["GET"]}}],"collection":[{"href":"https:\/\/radiorevelacionfm.cl\/index.php?rest_route=\/wp\/v2\/posts"}],"about":[{"href":"https:\/\/radiorevelacionfm.cl\/index.php?rest_route=\/wp\/v2\/types\/post"}],"author":[{"embeddable":true,"href":"https:\/\/radiorevelacionfm.cl\/index.php?rest_route=\/wp\/v2\/users\/1"}],"replies":[{"embeddable":true,"href":"https:\/\/radiorevelacionfm.cl\/index.php?rest_route=%2Fwp%2Fv2%2Fcomments&post=50216"}],"version-history":[{"count":1,"href":"https:\/\/radiorevelacionfm.cl\/index.php?rest_route=\/wp\/v2\/posts\/50216\/revisions"}],"predecessor-version":[{"id":50218,"href":"https:\/\/radiorevelacionfm.cl\/index.php?rest_route=\/wp\/v2\/posts\/50216\/revisions\/50218"}],"wp:featuredmedia":[{"embeddable":true,"href":"https:\/\/radiorevelacionfm.cl\/index.php?rest_route=\/wp\/v2\/media\/50217"}],"wp:attachment":[{"href":"https:\/\/radiorevelacionfm.cl\/index.php?rest_route=%2Fwp%2Fv2%2Fmedia&parent=50216"}],"wp:term":[{"taxonomy":"category","embeddable":true,"href":"https:\/\/radiorevelacionfm.cl\/index.php?rest_route=%2Fwp%2Fv2%2Fcategories&post=50216"},{"taxonomy":"post_tag","embeddable":true,"href":"https:\/\/radiorevelacionfm.cl\/index.php?rest_route=%2Fwp%2Fv2%2Ftags&post=50216"}],"curies":[{"name":"wp","href":"https:\/\/api.w.org\/{rel}","templated":true}]}}