{"id":50213,"date":"2025-01-31T16:19:03","date_gmt":"2025-01-31T19:19:03","guid":{"rendered":"https:\/\/radiorevelacionfm.cl\/?p=50213"},"modified":"2025-01-31T16:19:03","modified_gmt":"2025-01-31T19:19:03","slug":"el-arbol-que-habla-una-experiencia-unica-y-reflexiva-al-aire-libre","status":"publish","type":"post","link":"https:\/\/radiorevelacionfm.cl\/?p=50213","title":{"rendered":"\u201cEl \u00c1rbol que habla\u201d: una experiencia \u00fanica y reflexiva al aire libre"},"content":{"rendered":"<div class=\"flex_column av_one_full  flex_column_div av-zero-column-padding first  avia-builder-el-0  el_before_av_one_full  avia-builder-el-first  \" style='border-radius:0px; '><div  class='avia-image-container  av-styling-    avia-builder-el-1  avia-builder-el-no-sibling  avia-align-center '  itemprop=\"image\" itemscope=\"itemscope\" itemtype=\"https:\/\/schema.org\/ImageObject\"  ><div class='avia-image-container-inner'><div class='avia-image-overlay-wrap'><img decoding=\"async\" class='wp-image-50214 avia-img-lazy-loading-not-50214 avia_image' src=\"https:\/\/radiorevelacionfm.cl\/wp-content\/uploads\/2025\/01\/20250129_222636-1-1.jpg\" alt='' title='20250129_222636 (1) (1)' height=\"600\" width=\"800\"  itemprop=\"thumbnailUrl\" srcset=\"https:\/\/radiorevelacionfm.cl\/wp-content\/uploads\/2025\/01\/20250129_222636-1-1.jpg 800w, https:\/\/radiorevelacionfm.cl\/wp-content\/uploads\/2025\/01\/20250129_222636-1-1-300x225.jpg 300w, https:\/\/radiorevelacionfm.cl\/wp-content\/uploads\/2025\/01\/20250129_222636-1-1-768x576.jpg 768w, https:\/\/radiorevelacionfm.cl\/wp-content\/uploads\/2025\/01\/20250129_222636-1-1-705x529.jpg 705w, https:\/\/radiorevelacionfm.cl\/wp-content\/uploads\/2025\/01\/20250129_222636-1-1-450x338.jpg 450w, https:\/\/radiorevelacionfm.cl\/wp-content\/uploads\/2025\/01\/20250129_222636-1-1-600x450.jpg 600w\" sizes=\"(max-width: 800px) 100vw, 800px\" \/><\/div><\/div><\/div><\/div><div class=\"flex_column av_one_full  flex_column_div av-zero-column-padding first  avia-builder-el-2  el_after_av_one_full  el_before_av_one_full  column-top-margin\" style='border-radius:0px; '><section class=\"av_textblock_section \"  itemscope=\"itemscope\" itemtype=\"https:\/\/schema.org\/BlogPosting\" itemprop=\"blogPost\" ><div class='avia_textblock  '   itemprop=\"text\" ><p style=\"text-align: center;\"><strong><span style=\"font-size: 18pt;\">\u201cEl \u00c1rbol que habla\u201d: una experiencia \u00fanica y reflexiva al aire libre<\/span><\/strong><\/p>\n<p><em>\u00a0<\/em><\/p>\n<div id=\"gtx-trans\" style=\"position: absolute; left: -50px; top: 4.31534px;\">\n<div class=\"gtx-trans-icon\"><\/div>\n<\/div>\n<\/div><\/section><\/div><div class=\"flex_column av_one_full  flex_column_div av-zero-column-padding first  avia-builder-el-4  el_after_av_one_full  el_before_av_hr  column-top-margin\" style='border-radius:0px; '><section class=\"av_textblock_section \"  itemscope=\"itemscope\" itemtype=\"https:\/\/schema.org\/BlogPosting\" itemprop=\"blogPost\" ><div class='avia_textblock  '   itemprop=\"text\" ><p style=\"text-align: justify;\"><em>Cientos de personas se congregaron en la Plaza de Armas de Puerto Ays\u00e9n para disfrutar de una obra lum\u00ednica y teatral al aire libre. Una historia para concientizar sobre la importancia de los \u00e1rboles y la naturaleza mientras se experimenta una noche en familia en el 97 aniversario de la ciudad portuaria.<\/em><\/p>\n<p style=\"text-align: justify;\">Cuando cay\u00f3 la noche en Puerto Ays\u00e9n, alrededor de cuatrocientas personas pudieron presenciar la obra que mezcla la actuaci\u00f3n de voz en conjunto a una proyecci\u00f3n en un \u00e1rbol de la plaza. Con estos recursos se cont\u00f3 una historia sobre un antiguo ser que ha vivido muchos a\u00f1os en ese lugar y le cuenta a todos los presentes sobre las maravillas que tenemos en nuestro ecosistema y c\u00f3mo estamos conectados con el universo.<\/p>\n<p style=\"text-align: justify;\">La proyecci\u00f3n cautiv\u00f3 a los presentes, tanto ni\u00f1os, j\u00f3venes y adultos se quedaron at\u00f3nitos ante el acto, todos atentos al relato y quedaron felices al t\u00e9rmino de la obra. Cabe destacar que la narraci\u00f3n de la obra es grabada y fue hecha por un actor de doblaje profesional, el cual dio con el tono perfecto para el \u00e1rbol protagonista.<\/p>\n<p style=\"text-align: justify;\">Valentina Arriagada <em>Community Manager <\/em>de la agrupaci\u00f3n comenta que est\u00e1n muy orgullosos y agradecidos de la gran cantidad de vecinos llegaron a la plaza a ver esta presentaci\u00f3n.<\/p>\n<p style=\"text-align: justify;\">\u201cEsta es una obra que utiliza <em>video mapping<\/em>, que es un arte el cual es la proyecci\u00f3n de una luz que va a dar vida a un \u00e1rbol y es una t\u00e9cnica no muy conocida en la regi\u00f3n, y quiz\u00e1s dentro de nuestro pa\u00eds y en Latinoam\u00e9rica. Por lo tanto, esta gira que involucra a tres ciudades del sur de nuestro pa\u00eds, nos pone muy feliz; ver una cantidad enorme, un mar gigante de personas que vinieron a vivir esta magia completamente gratuita a la Plaza de Armas\u201d, explic\u00f3 la <em>Manager<\/em>.<\/p>\n<p style=\"text-align: justify;\">El grupo explica que esta es una obra que puede disfrutar toda la familia, aunque est\u00e1 especialmente pensada para que los ni\u00f1os puedan concientizarse sobre el cuidado de las plantas y animales que los rodean y lo perjudicial que son los incendios forestales, la caza indiscriminada o la tala excesiva, entre otras problem\u00e1ticas medioambientales.<\/p>\n<p style=\"text-align: justify;\">Sebasti\u00e1n Parra, miembro de la corporaci\u00f3n cultural, expresa que el motivo por el cual escribieron ese libreto para la presentaci\u00f3n fue porque \u201cesta es una experiencia que nace de la infancia de cada una de las personas que est\u00e1n en este equipo, de encuentros profundos con el bosque, de tener los pies en la tierra, de estar un poco abajo de la lluvia y sentir la pureza de esa conexi\u00f3n. Y luego esta inquietud de querer compartir esto, porque sentimos que nos ense\u00f1\u00f3 cosas muy bellas acerca de c\u00f3mo empezar a comprender este mundo que nos rodea y que habitamos\u201d.<\/p>\n<p style=\"text-align: justify;\">Esta agrupaci\u00f3n oriunda de la ciudad de Concepci\u00f3n pudo llegar a Puerto Ays\u00e9n gracias al financiamiento a trav\u00e9s de un fondo del Ministerio de Cultura y la organizaci\u00f3n de la Unidad de Cultura de la Municipalidad de Ays\u00e9n.<\/p>\n<p style=\"text-align: justify;\">El d\u00eda 31 de enero esta obra ser\u00e1 presentada en Puerto Cisne, en la plaza c\u00edvica; mientras que el 4 de febrero en la plaza del ovejero de Coyhaique se podr\u00e1 apreciar por \u00faltima vez en esta gira patag\u00f3nica, ambas a las 22:00 horas, esto para que la oscuridad de la noche pueda ayudar a que se proyecten las espectaculares im\u00e1genes que acompa\u00f1an a una historia que todos deber\u00edan escuchar.<\/p>\n<\/div><\/section><\/div><div  style='height:50px' class='hr hr-invisible   avia-builder-el-6  el_after_av_one_full  el_before_av_social_share '><span class='hr-inner ' ><span class='hr-inner-style'><\/span><\/span><\/div><\/p>\n<div  class='av-social-sharing-box  avia-builder-el-7  el_after_av_hr  el_before_av_hr  '><div class='av-share-box'><h5 class='av-share-link-description av-no-toc '>Compartir esta noticia<\/h5><ul class='av-share-box-list noLightbox'><li class='av-share-link av-social-link-facebook' ><a target=\"_blank\" aria-label=\"Compartir en Facebook\" href='https:\/\/www.facebook.com\/sharer.php?u=https:\/\/radiorevelacionfm.cl\/?p=50213&#038;t=%E2%80%9CEl%20%C3%81rbol%20que%20habla%E2%80%9D%3A%20una%20experiencia%20%C3%BAnica%20y%20reflexiva%20al%20aire%20libre' aria-hidden='false' data-av_icon='\ue8f3' data-av_iconfont='entypo-fontello' title='' data-avia-related-tooltip='Compartir en Facebook' rel=\"noopener\"><span class='avia_hidden_link_text'>Compartir en Facebook<\/span><\/a><\/li><li class='av-share-link av-social-link-twitter' ><a target=\"_blank\" aria-label=\"Compartir en Twitter\" href='https:\/\/twitter.com\/share?text=%E2%80%9CEl%20%C3%81rbol%20que%20habla%E2%80%9D%3A%20una%20experiencia%20%C3%BAnica%20y%20reflexiva%20al%20aire%20libre&#038;url=https:\/\/radiorevelacionfm.cl\/?p=50213' aria-hidden='false' data-av_icon='\ue8f1' data-av_iconfont='entypo-fontello' title='' data-avia-related-tooltip='Compartir en Twitter' rel=\"noopener\"><span class='avia_hidden_link_text'>Compartir en Twitter<\/span><\/a><\/li><li class='av-share-link av-social-link-whatsapp' ><a target=\"_blank\" aria-label=\"Compartir en Whatsapp\" href='https:\/\/api.whatsapp.com\/send?text=https:\/\/radiorevelacionfm.cl\/?p=50213' aria-hidden='false' data-av_icon='\uf232' data-av_iconfont='entypo-fontello' title='' data-avia-related-tooltip='Compartir en Whatsapp' rel=\"noopener\"><span class='avia_hidden_link_text'>Compartir en Whatsapp<\/span><\/a><\/li><li class='av-share-link av-social-link-linkedin' ><a target=\"_blank\" aria-label=\"Compartir en LinkedIn\" href='https:\/\/linkedin.com\/shareArticle?mini=true&#038;title=%E2%80%9CEl%20%C3%81rbol%20que%20habla%E2%80%9D%3A%20una%20experiencia%20%C3%BAnica%20y%20reflexiva%20al%20aire%20libre&#038;url=https:\/\/radiorevelacionfm.cl\/?p=50213' aria-hidden='false' data-av_icon='\ue8fc' data-av_iconfont='entypo-fontello' title='' data-avia-related-tooltip='Compartir en LinkedIn' rel=\"noopener\"><span class='avia_hidden_link_text'>Compartir en LinkedIn<\/span><\/a><\/li><li class='av-share-link av-social-link-mail' ><a  aria-label=\"Compartir por correo\" href='mailto:?subject=%E2%80%9CEl%20%C3%81rbol%20que%20habla%E2%80%9D%3A%20una%20experiencia%20%C3%BAnica%20y%20reflexiva%20al%20aire%20libre&#038;body=https:\/\/radiorevelacionfm.cl\/?p=50213' aria-hidden='false' data-av_icon='\ue805' data-av_iconfont='entypo-fontello' title='' data-avia-related-tooltip='Compartir por correo'><span class='avia_hidden_link_text'>Compartir por correo<\/span><\/a><\/li><\/ul><\/div><\/div>\n<div  style='height:50px' class='hr hr-invisible   avia-builder-el-8  el_after_av_social_share  el_before_av_comments_list '><span class='hr-inner ' ><span class='hr-inner-style'><\/span><\/span><\/div>\n<div  class='av-buildercomment  av-blog-meta-html-info-disabled av-blog-meta-tag-disabled  '><\/div>\n","protected":false},"excerpt":{"rendered":"","protected":false},"author":1,"featured_media":50214,"comment_status":"open","ping_status":"open","sticky":false,"template":"","format":"standard","meta":{"footnotes":""},"categories":[38],"tags":[],"class_list":["post-50213","post","type-post","status-publish","format-standard","has-post-thumbnail","hentry","category-regional"],"jetpack_featured_media_url":"https:\/\/radiorevelacionfm.cl\/wp-content\/uploads\/2025\/01\/20250129_222636-1-1.jpg","_links":{"self":[{"href":"https:\/\/radiorevelacionfm.cl\/index.php?rest_route=\/wp\/v2\/posts\/50213","targetHints":{"allow":["GET"]}}],"collection":[{"href":"https:\/\/radiorevelacionfm.cl\/index.php?rest_route=\/wp\/v2\/posts"}],"about":[{"href":"https:\/\/radiorevelacionfm.cl\/index.php?rest_route=\/wp\/v2\/types\/post"}],"author":[{"embeddable":true,"href":"https:\/\/radiorevelacionfm.cl\/index.php?rest_route=\/wp\/v2\/users\/1"}],"replies":[{"embeddable":true,"href":"https:\/\/radiorevelacionfm.cl\/index.php?rest_route=%2Fwp%2Fv2%2Fcomments&post=50213"}],"version-history":[{"count":1,"href":"https:\/\/radiorevelacionfm.cl\/index.php?rest_route=\/wp\/v2\/posts\/50213\/revisions"}],"predecessor-version":[{"id":50215,"href":"https:\/\/radiorevelacionfm.cl\/index.php?rest_route=\/wp\/v2\/posts\/50213\/revisions\/50215"}],"wp:featuredmedia":[{"embeddable":true,"href":"https:\/\/radiorevelacionfm.cl\/index.php?rest_route=\/wp\/v2\/media\/50214"}],"wp:attachment":[{"href":"https:\/\/radiorevelacionfm.cl\/index.php?rest_route=%2Fwp%2Fv2%2Fmedia&parent=50213"}],"wp:term":[{"taxonomy":"category","embeddable":true,"href":"https:\/\/radiorevelacionfm.cl\/index.php?rest_route=%2Fwp%2Fv2%2Fcategories&post=50213"},{"taxonomy":"post_tag","embeddable":true,"href":"https:\/\/radiorevelacionfm.cl\/index.php?rest_route=%2Fwp%2Fv2%2Ftags&post=50213"}],"curies":[{"name":"wp","href":"https:\/\/api.w.org\/{rel}","templated":true}]}}