{"id":50208,"date":"2025-01-31T14:40:13","date_gmt":"2025-01-31T17:40:13","guid":{"rendered":"https:\/\/radiorevelacionfm.cl\/?p=50208"},"modified":"2025-01-31T14:40:13","modified_gmt":"2025-01-31T17:40:13","slug":"la-musica-vuelve-a-brillar-en-la-patagonia-se-lanza-la-11a-version-del-fimp","status":"publish","type":"post","link":"https:\/\/radiorevelacionfm.cl\/?p=50208","title":{"rendered":"La m\u00fasica vuelve a brillar en la Patagonia: se lanza la 11\u00aa versi\u00f3n del FIMP"},"content":{"rendered":"<div class=\"flex_column av_one_full  flex_column_div av-zero-column-padding first  avia-builder-el-0  el_before_av_one_full  avia-builder-el-first  \" style='border-radius:0px; '><div  class='avia-image-container  av-styling-    avia-builder-el-1  avia-builder-el-no-sibling  avia-align-center '  itemprop=\"image\" itemscope=\"itemscope\" itemtype=\"https:\/\/schema.org\/ImageObject\"  ><div class='avia-image-container-inner'><div class='avia-image-overlay-wrap'><img decoding=\"async\" class='wp-image-50209 avia-img-lazy-loading-not-50209 avia_image' src=\"https:\/\/radiorevelacionfm.cl\/wp-content\/uploads\/2025\/01\/lanzamiento-xi-fimp-7-1_optimized.jpg\" alt='' title='lanzamiento-xi-fimp-7-(1)_optimized' height=\"600\" width=\"1070\"  itemprop=\"thumbnailUrl\" srcset=\"https:\/\/radiorevelacionfm.cl\/wp-content\/uploads\/2025\/01\/lanzamiento-xi-fimp-7-1_optimized.jpg 1070w, https:\/\/radiorevelacionfm.cl\/wp-content\/uploads\/2025\/01\/lanzamiento-xi-fimp-7-1_optimized-300x168.jpg 300w, https:\/\/radiorevelacionfm.cl\/wp-content\/uploads\/2025\/01\/lanzamiento-xi-fimp-7-1_optimized-1030x578.jpg 1030w, https:\/\/radiorevelacionfm.cl\/wp-content\/uploads\/2025\/01\/lanzamiento-xi-fimp-7-1_optimized-768x431.jpg 768w, https:\/\/radiorevelacionfm.cl\/wp-content\/uploads\/2025\/01\/lanzamiento-xi-fimp-7-1_optimized-705x395.jpg 705w, https:\/\/radiorevelacionfm.cl\/wp-content\/uploads\/2025\/01\/lanzamiento-xi-fimp-7-1_optimized-450x252.jpg 450w, https:\/\/radiorevelacionfm.cl\/wp-content\/uploads\/2025\/01\/lanzamiento-xi-fimp-7-1_optimized-600x336.jpg 600w\" sizes=\"(max-width: 1070px) 100vw, 1070px\" \/><\/div><\/div><\/div><\/div><div class=\"flex_column av_one_full  flex_column_div av-zero-column-padding first  avia-builder-el-2  el_after_av_one_full  el_before_av_one_full  column-top-margin\" style='border-radius:0px; '><section class=\"av_textblock_section \"  itemscope=\"itemscope\" itemtype=\"https:\/\/schema.org\/BlogPosting\" itemprop=\"blogPost\" ><div class='avia_textblock  '   itemprop=\"text\" ><p style=\"text-align: center;\"><strong><span style=\"font-size: 18pt;\">La m\u00fasica vuelve a brillar en la Patagonia: se lanza la 11\u00aa versi\u00f3n del FIMP<\/span><\/strong><\/p>\n<div id=\"gtx-trans\" style=\"position: absolute; left: -50px; top: 4.31534px;\">\n<div class=\"gtx-trans-icon\"><\/div>\n<\/div>\n<\/div><\/section><\/div><div class=\"flex_column av_one_full  flex_column_div av-zero-column-padding first  avia-builder-el-4  el_after_av_one_full  el_before_av_hr  column-top-margin\" style='border-radius:0px; '><section class=\"av_textblock_section \"  itemscope=\"itemscope\" itemtype=\"https:\/\/schema.org\/BlogPosting\" itemprop=\"blogPost\" ><div class='avia_textblock  '   itemprop=\"text\" ><p style=\"text-align: justify;\">Esta ma\u00f1ana, el Centro Cultural Coyhaique fue el escenario del lanzamiento del 11\u00b0 Festival Internacional de M\u00fasica en la Patagonia (FIMP). En esta instancia, se dieron a conocer todos los detalles de la nueva edici\u00f3n de este evento que ya es un cl\u00e1sico del verano en la regi\u00f3n.<\/p>\n<p style=\"text-align: justify;\">El lanzamiento cont\u00f3 con la presencia del seremi de las Culturas, las Artes y el Patrimonio, Felipe Quiroz; el alcalde de Coyhaique, Carlos Gatica; la directora del Centro Cultural Coyhaique, Carolina Pinochet; y los organizadores y fundadores del festival, Ricardo Bahamondez, Ignacio Gonz\u00e1lez y Alejandro Cort\u00e9s. Este a\u00f1o, el FIMP forma parte del proyecto FIMP 2025-2026 y cuenta con el financiamiento del Fondo de la M\u00fasica Nacional, convocatoria 2024, del Ministerio de las Culturas, las Artes y el Patrimonio.<\/p>\n<p style=\"text-align: justify;\">\u201cEstamos muy emocionados de dar inicio a esta 11\u00b0 versi\u00f3n del FIMP. Gracias al apoyo de diversas instituciones, podemos seguir llevando la m\u00fasica a todos los rincones de Ays\u00e9n y fortalecer este espacio cultural\u201d, coment\u00f3 Ignacio Gonz\u00e1lez, uno de los fundadores del festival.<\/p>\n<p style=\"text-align: justify;\">Por su parte, el seremi Felipe Quiroz destac\u00f3 el impacto del festival en la regi\u00f3n: \u201cEste evento no solo acerca la m\u00fasica de gran nivel a la comunidad, sino que tambi\u00e9n refuerza nuestra identidad cultural y potencia a la regi\u00f3n de Ays\u00e9n como destino y punto de promoci\u00f3n de la m\u00fasica\u201d.<\/p>\n<p style=\"text-align: justify;\">Desde la Municipalidad de Coyhaique, el alcalde Carlos Gatica reafirm\u00f3 su compromiso con el evento: \u201cEl FIMP ha trascendido en el tiempo como parte de la oferta cultural de nuestra comuna. Estamos comprometidos en seguir apoyando su desarrollo y en ampliar sus beneficios para la comunidad\u201d.<\/p>\n<p style=\"text-align: justify;\">Los conciertos est\u00e1n programados para los d\u00edas s\u00e1bado 1, lunes 3, mi\u00e9rcoles 5, jueves 6 y viernes 7 de febrero, a las 19:00 horas en el Centro Cultural Coyhaique, ubicado en Eusebio Lillo #23.<\/p>\n<p style=\"text-align: justify;\">M\u00daSICOS NACIONALES E INTERNACIONALES DE PRIMER NIVEL<\/p>\n<p style=\"text-align: justify;\">En su 11\u00aa edici\u00f3n, el FIMP contar\u00e1 con una destacada alineaci\u00f3n de m\u00fasicos internacionales. Entre los invitados de renombre se encuentran el director de orquesta \u00edtalo-brasile\u00f1o Alessandro Borgomanero, la violonchelista espa\u00f1ola Elisa R. S\u00e1daba y el pianista y compositor argentino Jorge Pepi-Alos. Tambi\u00e9n se presentar\u00e1n reconocidos m\u00fasicos chilenos, como la violinista Tania Donoso, la violista Carola Fredes y el guitarrista y compositor Javier Contreras.<\/p>\n<p style=\"text-align: justify;\">La presencia de m\u00fasicos locales ser\u00e1 fundamental en esta edici\u00f3n, aportando un toque distintivo al festival. Entre los artistas regionales destacan los pianistas coyhaiquinos Ricardo Bahamondez e Ignacio Gonz\u00e1lez, el contrabajista Andr\u00e9s Guerrero y el coro femenino Canto de la Mujer Patagona, liderado por Cristina Lara y Alejandro Vernal.<\/p>\n<p style=\"text-align: justify;\">ENTRADAS GRATUITAS Y ACCESIBILIDAD<\/p>\n<p style=\"text-align: justify;\">Las entradas gratuitas est\u00e1n disponibles en la p\u00e1gina oficial del festival: <a href=\"http:\/\/www.fimp.cl\">www.fimp.cl<\/a>. Para adultos mayores y personas con movilidad reducida que requieran asistencia en la obtenci\u00f3n de entradas, se ha habilitado el n\u00famero +56 9 6684 5936, disponible entre 10:00 y 20:00 horas.<\/p>\n<p style=\"text-align: justify;\">ACADEMIA FIMP: FORMACI\u00d3N Y APRENDIZAJE<\/p>\n<p style=\"text-align: justify;\">Siguiendo la tradici\u00f3n del festival, la Academia FIMP ofrecer\u00e1 a estudiantes y m\u00fasicos en formaci\u00f3n la posibilidad de aprender directamente de los artistas invitados, a trav\u00e9s de charlas, conversatorios y presentaciones, adem\u00e1s de formar parte de la Orquesta FIMP, dirigida por Alessandro Borgomanero.<\/p>\n<p style=\"text-align: justify;\">Adem\u00e1s, como parte de su compromiso con la comunidad, el festival llevar\u00e1 a cabo un Concierto Social en el Centro de Internaci\u00f3n Provisoria, de R\u00e9gimen Cerrado y Centro Semicerrado (CIP-CRC y CSC) de Coyhaique. Esta actividad se ha convertido en una tradici\u00f3n del FIMP, ofreciendo m\u00fasica en vivo como una de las iniciativas que busca acercar la cultura a diversos sectores de la comunidad en cada una de sus ediciones.<\/p>\n<p style=\"text-align: justify;\">Para conocer m\u00e1s detalles sobre la 11\u00aa versi\u00f3n del Festival Internacional de M\u00fasica en la Patagonia, as\u00ed como la programaci\u00f3n de cada concierto, pueden ingresar a la p\u00e1gina oficial <a href=\"http:\/\/www.fimp.cl\">www.fimp.cl<\/a> o seguir sus redes sociales @FIMPCoyhaique en Instagram y Facebook.<\/p>\n<\/div><\/section><\/div><div  style='height:50px' class='hr hr-invisible   avia-builder-el-6  el_after_av_one_full  el_before_av_social_share '><span class='hr-inner ' ><span class='hr-inner-style'><\/span><\/span><\/div><\/p>\n<div  class='av-social-sharing-box  avia-builder-el-7  el_after_av_hr  el_before_av_hr  '><div class='av-share-box'><h5 class='av-share-link-description av-no-toc '>Compartir esta noticia<\/h5><ul class='av-share-box-list noLightbox'><li class='av-share-link av-social-link-facebook' ><a target=\"_blank\" aria-label=\"Compartir en Facebook\" href='https:\/\/www.facebook.com\/sharer.php?u=https:\/\/radiorevelacionfm.cl\/?p=50208&#038;t=La%20m%C3%BAsica%20vuelve%20a%20brillar%20en%20la%20Patagonia%3A%20se%20lanza%20la%2011%C2%AA%20versi%C3%B3n%20del%20FIMP' aria-hidden='false' data-av_icon='\ue8f3' data-av_iconfont='entypo-fontello' title='' data-avia-related-tooltip='Compartir en Facebook' rel=\"noopener\"><span class='avia_hidden_link_text'>Compartir en Facebook<\/span><\/a><\/li><li class='av-share-link av-social-link-twitter' ><a target=\"_blank\" aria-label=\"Compartir en Twitter\" href='https:\/\/twitter.com\/share?text=La%20m%C3%BAsica%20vuelve%20a%20brillar%20en%20la%20Patagonia%3A%20se%20lanza%20la%2011%C2%AA%20versi%C3%B3n%20del%20FIMP&#038;url=https:\/\/radiorevelacionfm.cl\/?p=50208' aria-hidden='false' data-av_icon='\ue8f1' data-av_iconfont='entypo-fontello' title='' data-avia-related-tooltip='Compartir en Twitter' rel=\"noopener\"><span class='avia_hidden_link_text'>Compartir en Twitter<\/span><\/a><\/li><li class='av-share-link av-social-link-whatsapp' ><a target=\"_blank\" aria-label=\"Compartir en Whatsapp\" href='https:\/\/api.whatsapp.com\/send?text=https:\/\/radiorevelacionfm.cl\/?p=50208' aria-hidden='false' data-av_icon='\uf232' data-av_iconfont='entypo-fontello' title='' data-avia-related-tooltip='Compartir en Whatsapp' rel=\"noopener\"><span class='avia_hidden_link_text'>Compartir en Whatsapp<\/span><\/a><\/li><li class='av-share-link av-social-link-linkedin' ><a target=\"_blank\" aria-label=\"Compartir en LinkedIn\" href='https:\/\/linkedin.com\/shareArticle?mini=true&#038;title=La%20m%C3%BAsica%20vuelve%20a%20brillar%20en%20la%20Patagonia%3A%20se%20lanza%20la%2011%C2%AA%20versi%C3%B3n%20del%20FIMP&#038;url=https:\/\/radiorevelacionfm.cl\/?p=50208' aria-hidden='false' data-av_icon='\ue8fc' data-av_iconfont='entypo-fontello' title='' data-avia-related-tooltip='Compartir en LinkedIn' rel=\"noopener\"><span class='avia_hidden_link_text'>Compartir en LinkedIn<\/span><\/a><\/li><li class='av-share-link av-social-link-mail' ><a  aria-label=\"Compartir por correo\" href='mailto:?subject=La%20m%C3%BAsica%20vuelve%20a%20brillar%20en%20la%20Patagonia%3A%20se%20lanza%20la%2011%C2%AA%20versi%C3%B3n%20del%20FIMP&#038;body=https:\/\/radiorevelacionfm.cl\/?p=50208' aria-hidden='false' data-av_icon='\ue805' data-av_iconfont='entypo-fontello' title='' data-avia-related-tooltip='Compartir por correo'><span class='avia_hidden_link_text'>Compartir por correo<\/span><\/a><\/li><\/ul><\/div><\/div>\n<div  style='height:50px' class='hr hr-invisible   avia-builder-el-8  el_after_av_social_share  el_before_av_comments_list '><span class='hr-inner ' ><span class='hr-inner-style'><\/span><\/span><\/div>\n<div  class='av-buildercomment  av-blog-meta-html-info-disabled av-blog-meta-tag-disabled  '><\/div>\n","protected":false},"excerpt":{"rendered":"","protected":false},"author":1,"featured_media":50209,"comment_status":"open","ping_status":"open","sticky":false,"template":"","format":"standard","meta":{"footnotes":""},"categories":[43],"tags":[],"class_list":["post-50208","post","type-post","status-publish","format-standard","has-post-thumbnail","hentry","category-musica"],"jetpack_featured_media_url":"https:\/\/radiorevelacionfm.cl\/wp-content\/uploads\/2025\/01\/lanzamiento-xi-fimp-7-1_optimized.jpg","_links":{"self":[{"href":"https:\/\/radiorevelacionfm.cl\/index.php?rest_route=\/wp\/v2\/posts\/50208","targetHints":{"allow":["GET"]}}],"collection":[{"href":"https:\/\/radiorevelacionfm.cl\/index.php?rest_route=\/wp\/v2\/posts"}],"about":[{"href":"https:\/\/radiorevelacionfm.cl\/index.php?rest_route=\/wp\/v2\/types\/post"}],"author":[{"embeddable":true,"href":"https:\/\/radiorevelacionfm.cl\/index.php?rest_route=\/wp\/v2\/users\/1"}],"replies":[{"embeddable":true,"href":"https:\/\/radiorevelacionfm.cl\/index.php?rest_route=%2Fwp%2Fv2%2Fcomments&post=50208"}],"version-history":[{"count":1,"href":"https:\/\/radiorevelacionfm.cl\/index.php?rest_route=\/wp\/v2\/posts\/50208\/revisions"}],"predecessor-version":[{"id":50210,"href":"https:\/\/radiorevelacionfm.cl\/index.php?rest_route=\/wp\/v2\/posts\/50208\/revisions\/50210"}],"wp:featuredmedia":[{"embeddable":true,"href":"https:\/\/radiorevelacionfm.cl\/index.php?rest_route=\/wp\/v2\/media\/50209"}],"wp:attachment":[{"href":"https:\/\/radiorevelacionfm.cl\/index.php?rest_route=%2Fwp%2Fv2%2Fmedia&parent=50208"}],"wp:term":[{"taxonomy":"category","embeddable":true,"href":"https:\/\/radiorevelacionfm.cl\/index.php?rest_route=%2Fwp%2Fv2%2Fcategories&post=50208"},{"taxonomy":"post_tag","embeddable":true,"href":"https:\/\/radiorevelacionfm.cl\/index.php?rest_route=%2Fwp%2Fv2%2Ftags&post=50208"}],"curies":[{"name":"wp","href":"https:\/\/api.w.org\/{rel}","templated":true}]}}