{"id":50205,"date":"2025-01-31T16:11:14","date_gmt":"2025-01-31T19:11:14","guid":{"rendered":"https:\/\/radiorevelacionfm.cl\/?p=50205"},"modified":"2025-01-31T16:11:14","modified_gmt":"2025-01-31T19:11:14","slug":"senador-sandoval-cualquier-cambio-en-materia-de-normativa-de-ley-bajo-ningun-punto-de-vista-puede-afectar-la-condicion-de-la-pesca-artesanal","status":"publish","type":"post","link":"https:\/\/radiorevelacionfm.cl\/?p=50205","title":{"rendered":"Senador Sandoval: \u201cCualquier cambio en materia de normativa de ley, bajo ning\u00fan punto de vista, puede afectar la condici\u00f3n de la pesca artesanal\u201d"},"content":{"rendered":"<div class=\"flex_column av_one_full  flex_column_div av-zero-column-padding first  avia-builder-el-0  el_before_av_one_full  avia-builder-el-first  \" style='border-radius:0px; '><div  class='avia-image-container  av-styling-    avia-builder-el-1  avia-builder-el-no-sibling  avia-align-center '  itemprop=\"image\" itemscope=\"itemscope\" itemtype=\"https:\/\/schema.org\/ImageObject\"  ><div class='avia-image-container-inner'><div class='avia-image-overlay-wrap'><img decoding=\"async\" class='wp-image-50206 avia-img-lazy-loading-not-50206 avia_image' src=\"https:\/\/radiorevelacionfm.cl\/wp-content\/uploads\/2025\/01\/Senador-Sandoval-31.01.2025-1-1.jpg\" alt='' title='Senador Sandoval 31.01.2025 (1) (1)' height=\"600\" width=\"900\"  itemprop=\"thumbnailUrl\" srcset=\"https:\/\/radiorevelacionfm.cl\/wp-content\/uploads\/2025\/01\/Senador-Sandoval-31.01.2025-1-1.jpg 900w, https:\/\/radiorevelacionfm.cl\/wp-content\/uploads\/2025\/01\/Senador-Sandoval-31.01.2025-1-1-300x200.jpg 300w, https:\/\/radiorevelacionfm.cl\/wp-content\/uploads\/2025\/01\/Senador-Sandoval-31.01.2025-1-1-768x512.jpg 768w, https:\/\/radiorevelacionfm.cl\/wp-content\/uploads\/2025\/01\/Senador-Sandoval-31.01.2025-1-1-705x470.jpg 705w, https:\/\/radiorevelacionfm.cl\/wp-content\/uploads\/2025\/01\/Senador-Sandoval-31.01.2025-1-1-450x300.jpg 450w, https:\/\/radiorevelacionfm.cl\/wp-content\/uploads\/2025\/01\/Senador-Sandoval-31.01.2025-1-1-600x400.jpg 600w\" sizes=\"(max-width: 900px) 100vw, 900px\" \/><\/div><\/div><\/div><\/div><div class=\"flex_column av_one_full  flex_column_div av-zero-column-padding first  avia-builder-el-2  el_after_av_one_full  el_before_av_one_full  column-top-margin\" style='border-radius:0px; '><section class=\"av_textblock_section \"  itemscope=\"itemscope\" itemtype=\"https:\/\/schema.org\/BlogPosting\" itemprop=\"blogPost\" ><div class='avia_textblock  '   itemprop=\"text\" ><p style=\"text-align: center;\"><span style=\"font-size: 18pt;\"><strong>Senador Sandoval: <\/strong><strong>\u201cCualquier cambio en materia de normativa de ley, bajo ning\u00fan punto de vista, puede afectar la condici\u00f3n de la pesca artesanal\u201d<\/strong><\/span><\/p>\n<div id=\"gtx-trans\" style=\"position: absolute; left: -50px; top: 4.31534px;\">\n<div class=\"gtx-trans-icon\"><\/div>\n<\/div>\n<\/div><\/section><\/div><div class=\"flex_column av_one_full  flex_column_div av-zero-column-padding first  avia-builder-el-4  el_after_av_one_full  el_before_av_hr  column-top-margin\" style='border-radius:0px; '><section class=\"av_textblock_section \"  itemscope=\"itemscope\" itemtype=\"https:\/\/schema.org\/BlogPosting\" itemprop=\"blogPost\" ><div class='avia_textblock  '   itemprop=\"text\" ><p style=\"text-align: justify;\"><em>Parlamentario se reuni\u00f3 en los \u00faltimos d\u00edas con distintos dirigentes del litoral aysenino para abordar impacto de la ley de Pesca y de fraccionamiento de cuotas, entre otras materias.<\/em><\/p>\n<p style=\"text-align: justify;\">Un encuentro virtual para analizar el impacto de la ley de Pesca y de fraccionamiento de cuotas, entre otras, se desarroll\u00f3 en los \u00faltimos d\u00edas, donde particip\u00f3 el senador David Sandoval junto a dirigentes de la pesca artesanal de distintas zonas del litoral aisenino.<\/p>\n<p style=\"text-align: justify;\">En ese contexto, el senador Sandoval se\u00f1al\u00f3 que \u201ccualquier cambio en materia de normativa de ley bajo ning\u00fan punto de vista, (puede) afectar la condici\u00f3n de la pesca artesanal\u201d, valorando por lo mismo la disposici\u00f3n de los dirigentes para abordar estos temas.<\/p>\n<p style=\"text-align: justify;\">El parlamentario dijo que \u201chay que hacer un gran trabajo por delante\u201d, que termine por potenciar y resguardar la actividad, y c\u00f3mo se generan las condiciones para su adecuado desarrollo. \u201cEn la reuni\u00f3n, una dirigente de Puerto Gala nos dec\u00eda que en la localidad se produc\u00eda el mejor pescado, pero que lamentablemente la alimentaci\u00f3n escolar ni siquiera contempla\u201d, indic\u00f3, recalcando que son este tipo de cosas las que hay que cambiar.<\/p>\n<p style=\"text-align: justify;\">Este encuentro se suma a otros que el legislador ha sostenido en los \u00faltimos meses con representantes de la industria a nivel regional, relevando el impacto que estos temas tienen en la zona.<\/p>\n<p style=\"text-align: justify;\">Cabe se\u00f1alar que la ley de fraccionamiento de cuotas de Pesca, se est\u00e1 tramitando actualmente en el Senado y luego de ser aprobada por la comisi\u00f3n de Intereses Mar\u00edtimos en las \u00faltimas semanas, ahora debe ser analizada por la comisi\u00f3n de Hacienda de la C\u00e1mara Alta, para luego pasar a su discusi\u00f3n en la sala del Senado.<\/p>\n<p style=\"text-align: justify;\">Por lo mismo, Sandoval dijo finalmente que el rubro de la pesca en general \u201ces hoy d\u00eda un sector estrat\u00e9gico desde el punto de vista econ\u00f3mico de la regi\u00f3n\u201d.<\/p>\n<\/div><\/section><\/div><div  style='height:50px' class='hr hr-invisible   avia-builder-el-6  el_after_av_one_full  el_before_av_social_share '><span class='hr-inner ' ><span class='hr-inner-style'><\/span><\/span><\/div><\/p>\n<div  class='av-social-sharing-box  avia-builder-el-7  el_after_av_hr  el_before_av_hr  '><div class='av-share-box'><h5 class='av-share-link-description av-no-toc '>Compartir esta noticia<\/h5><ul class='av-share-box-list noLightbox'><li class='av-share-link av-social-link-facebook' ><a target=\"_blank\" aria-label=\"Compartir en Facebook\" href='https:\/\/www.facebook.com\/sharer.php?u=https:\/\/radiorevelacionfm.cl\/?p=50205&#038;t=Senador%20Sandoval%3A%20%E2%80%9CCualquier%20cambio%20en%20materia%20de%20normativa%20de%20ley%2C%20bajo%20ning%C3%BAn%20punto%20de%20vista%2C%20puede%20afectar%20la%20condici%C3%B3n%20de%20la%20pesca%20artesanal%E2%80%9D' aria-hidden='false' data-av_icon='\ue8f3' data-av_iconfont='entypo-fontello' title='' data-avia-related-tooltip='Compartir en Facebook' rel=\"noopener\"><span class='avia_hidden_link_text'>Compartir en Facebook<\/span><\/a><\/li><li class='av-share-link av-social-link-twitter' ><a target=\"_blank\" aria-label=\"Compartir en Twitter\" href='https:\/\/twitter.com\/share?text=Senador%20Sandoval%3A%20%E2%80%9CCualquier%20cambio%20en%20materia%20de%20normativa%20de%20ley%2C%20bajo%20ning%C3%BAn%20punto%20de%20vista%2C%20puede%20afectar%20la%20condici%C3%B3n%20de%20la%20pesca%20artesanal%E2%80%9D&#038;url=https:\/\/radiorevelacionfm.cl\/?p=50205' aria-hidden='false' data-av_icon='\ue8f1' data-av_iconfont='entypo-fontello' title='' data-avia-related-tooltip='Compartir en Twitter' rel=\"noopener\"><span class='avia_hidden_link_text'>Compartir en Twitter<\/span><\/a><\/li><li class='av-share-link av-social-link-whatsapp' ><a target=\"_blank\" aria-label=\"Compartir en Whatsapp\" href='https:\/\/api.whatsapp.com\/send?text=https:\/\/radiorevelacionfm.cl\/?p=50205' aria-hidden='false' data-av_icon='\uf232' data-av_iconfont='entypo-fontello' title='' data-avia-related-tooltip='Compartir en Whatsapp' rel=\"noopener\"><span class='avia_hidden_link_text'>Compartir en Whatsapp<\/span><\/a><\/li><li class='av-share-link av-social-link-linkedin' ><a target=\"_blank\" aria-label=\"Compartir en LinkedIn\" href='https:\/\/linkedin.com\/shareArticle?mini=true&#038;title=Senador%20Sandoval%3A%20%E2%80%9CCualquier%20cambio%20en%20materia%20de%20normativa%20de%20ley%2C%20bajo%20ning%C3%BAn%20punto%20de%20vista%2C%20puede%20afectar%20la%20condici%C3%B3n%20de%20la%20pesca%20artesanal%E2%80%9D&#038;url=https:\/\/radiorevelacionfm.cl\/?p=50205' aria-hidden='false' data-av_icon='\ue8fc' data-av_iconfont='entypo-fontello' title='' data-avia-related-tooltip='Compartir en LinkedIn' rel=\"noopener\"><span class='avia_hidden_link_text'>Compartir en LinkedIn<\/span><\/a><\/li><li class='av-share-link av-social-link-mail' ><a  aria-label=\"Compartir por correo\" href='mailto:?subject=Senador%20Sandoval%3A%20%E2%80%9CCualquier%20cambio%20en%20materia%20de%20normativa%20de%20ley%2C%20bajo%20ning%C3%BAn%20punto%20de%20vista%2C%20puede%20afectar%20la%20condici%C3%B3n%20de%20la%20pesca%20artesanal%E2%80%9D&#038;body=https:\/\/radiorevelacionfm.cl\/?p=50205' aria-hidden='false' data-av_icon='\ue805' data-av_iconfont='entypo-fontello' title='' data-avia-related-tooltip='Compartir por correo'><span class='avia_hidden_link_text'>Compartir por correo<\/span><\/a><\/li><\/ul><\/div><\/div>\n<div  style='height:50px' class='hr hr-invisible   avia-builder-el-8  el_after_av_social_share  el_before_av_comments_list '><span class='hr-inner ' ><span class='hr-inner-style'><\/span><\/span><\/div>\n<div  class='av-buildercomment  av-blog-meta-html-info-disabled av-blog-meta-tag-disabled  '><\/div>\n","protected":false},"excerpt":{"rendered":"","protected":false},"author":1,"featured_media":50206,"comment_status":"open","ping_status":"open","sticky":false,"template":"","format":"standard","meta":{"footnotes":""},"categories":[35],"tags":[],"class_list":["post-50205","post","type-post","status-publish","format-standard","has-post-thumbnail","hentry","category-politica"],"jetpack_featured_media_url":"https:\/\/radiorevelacionfm.cl\/wp-content\/uploads\/2025\/01\/Senador-Sandoval-31.01.2025-1-1.jpg","_links":{"self":[{"href":"https:\/\/radiorevelacionfm.cl\/index.php?rest_route=\/wp\/v2\/posts\/50205","targetHints":{"allow":["GET"]}}],"collection":[{"href":"https:\/\/radiorevelacionfm.cl\/index.php?rest_route=\/wp\/v2\/posts"}],"about":[{"href":"https:\/\/radiorevelacionfm.cl\/index.php?rest_route=\/wp\/v2\/types\/post"}],"author":[{"embeddable":true,"href":"https:\/\/radiorevelacionfm.cl\/index.php?rest_route=\/wp\/v2\/users\/1"}],"replies":[{"embeddable":true,"href":"https:\/\/radiorevelacionfm.cl\/index.php?rest_route=%2Fwp%2Fv2%2Fcomments&post=50205"}],"version-history":[{"count":1,"href":"https:\/\/radiorevelacionfm.cl\/index.php?rest_route=\/wp\/v2\/posts\/50205\/revisions"}],"predecessor-version":[{"id":50207,"href":"https:\/\/radiorevelacionfm.cl\/index.php?rest_route=\/wp\/v2\/posts\/50205\/revisions\/50207"}],"wp:featuredmedia":[{"embeddable":true,"href":"https:\/\/radiorevelacionfm.cl\/index.php?rest_route=\/wp\/v2\/media\/50206"}],"wp:attachment":[{"href":"https:\/\/radiorevelacionfm.cl\/index.php?rest_route=%2Fwp%2Fv2%2Fmedia&parent=50205"}],"wp:term":[{"taxonomy":"category","embeddable":true,"href":"https:\/\/radiorevelacionfm.cl\/index.php?rest_route=%2Fwp%2Fv2%2Fcategories&post=50205"},{"taxonomy":"post_tag","embeddable":true,"href":"https:\/\/radiorevelacionfm.cl\/index.php?rest_route=%2Fwp%2Fv2%2Ftags&post=50205"}],"curies":[{"name":"wp","href":"https:\/\/api.w.org\/{rel}","templated":true}]}}