{"id":50203,"date":"2025-01-31T14:54:23","date_gmt":"2025-01-31T17:54:23","guid":{"rendered":"https:\/\/radiorevelacionfm.cl\/?p=50203"},"modified":"2025-01-31T15:40:34","modified_gmt":"2025-01-31T18:40:34","slug":"corte-de-coyhaique-rechaza-recurso-de-proteccion-interpuesto-contra-ministerio-de-salud-y-servicio-de-salud-de-aysen-por-falta-de-cardiologo","status":"publish","type":"post","link":"https:\/\/radiorevelacionfm.cl\/?p=50203","title":{"rendered":"Corte de Coyhaique rechaza recurso de protecci\u00f3n interpuesto contra Ministerio de Salud y Servicio de Salud de Ays\u00e9n por falta de cardi\u00f3logos"},"content":{"rendered":"<div class=\"flex_column av_one_full  flex_column_div av-zero-column-padding first  avia-builder-el-0  el_before_av_one_full  avia-builder-el-first  \" style='border-radius:0px; '><div  class='avia-image-container  av-styling-    avia-builder-el-1  avia-builder-el-no-sibling  avia-align-center '  itemprop=\"image\" itemscope=\"itemscope\" itemtype=\"https:\/\/schema.org\/ImageObject\"  ><div class='avia-image-container-inner'><div class='avia-image-overlay-wrap'><img decoding=\"async\" class='wp-image-10878 avia-img-lazy-loading-not-10878 avia_image' src=\"https:\/\/radiorevelacionfm.cl\/wp-content\/uploads\/2021\/11\/HOSPITAL-coyh-1-1.jpeg\" alt='' title='HOSPITAL coyh (1) (1)' height=\"600\" width=\"906\"  itemprop=\"thumbnailUrl\" srcset=\"https:\/\/radiorevelacionfm.cl\/wp-content\/uploads\/2021\/11\/HOSPITAL-coyh-1-1.jpeg 906w, https:\/\/radiorevelacionfm.cl\/wp-content\/uploads\/2021\/11\/HOSPITAL-coyh-1-1-300x199.jpeg 300w, https:\/\/radiorevelacionfm.cl\/wp-content\/uploads\/2021\/11\/HOSPITAL-coyh-1-1-768x509.jpeg 768w, https:\/\/radiorevelacionfm.cl\/wp-content\/uploads\/2021\/11\/HOSPITAL-coyh-1-1-705x467.jpeg 705w, https:\/\/radiorevelacionfm.cl\/wp-content\/uploads\/2021\/11\/HOSPITAL-coyh-1-1-600x397.jpeg 600w\" sizes=\"(max-width: 906px) 100vw, 906px\" \/><\/div><\/div><\/div><\/div>\n<div class=\"flex_column av_one_full  flex_column_div av-zero-column-padding first  avia-builder-el-2  el_after_av_one_full  el_before_av_one_full  column-top-margin\" style='border-radius:0px; '><section class=\"av_textblock_section \"  itemscope=\"itemscope\" itemtype=\"https:\/\/schema.org\/BlogPosting\" itemprop=\"blogPost\" ><div class='avia_textblock  '   itemprop=\"text\" ><p style=\"text-align: center;\"><strong><span style=\"font-size: 18pt;\">Corte de Coyhaique rechaza recurso de protecci\u00f3n interpuesto contra Ministerio de Salud y Servicio de Salud de Ays\u00e9n por falta de cardi\u00f3logos<\/span><\/strong><\/p>\n<div id=\"gtx-trans\" style=\"position: absolute; left: -50px; top: 4.31534px;\">\n<div class=\"gtx-trans-icon\"><\/div>\n<\/div>\n<\/div><\/section><\/div><div class=\"flex_column av_one_full  flex_column_div av-zero-column-padding first  avia-builder-el-4  el_after_av_one_full  el_before_av_hr  column-top-margin\" style='border-radius:0px; '><section class=\"av_textblock_section \"  itemscope=\"itemscope\" itemtype=\"https:\/\/schema.org\/BlogPosting\" itemprop=\"blogPost\" ><div class='avia_textblock  '   itemprop=\"text\" ><p class=\"v1MsoNormal\" style=\"text-align: justify;\">La Corte de Apelaciones de Coyhaique rechaz\u00f3 el recurso de protecci\u00f3n presentado en contra del Ministerio de Salud y el Servicio de Salud de Ays\u00e9n, por la falta de cardi\u00f3logo y ex\u00e1menes de la especialidad en el Hospital Regional.<\/p>\n<p class=\"v1MsoNormal\" style=\"text-align: justify;\">En fallo un\u00e1nime, la Primera Sala del tribunal de alzada \u2013integrada por los ministros Luis Aedo, Jos\u00e9 Ignacio Mora y Natalia Rencoret\u2013 desestim\u00f3 la procedencia del recurso por falta de oportunidad y por corresponder su resoluci\u00f3n del sistema de salud, que ya design\u00f3 a un especialista que se integrar\u00e1 al centro asistencial en marzo pr\u00f3ximo.<\/p>\n<p class=\"v1MsoNormal\" style=\"text-align: justify;\">\u00ab(&#8230;) se advierte que la acci\u00f3n de protecci\u00f3n que se conoce ha perdido oportunidad, toda vez que la base de esta consiste en la falta de un m\u00e9dico cardi\u00f3logo en el hospital\u00a0 regional, manifestando en el abogado representante del Servicio de Salud recurrido, en los alegatos vertidos en esta instancia, que\u00a0 durante el mes de marzo del presente a\u00f1o se integrar\u00e1 a dicho establecimiento el cardi\u00f3logo, Alejandro Fleming Meza, lo que consta en publicaci\u00f3n del diario de la Regi\u00f3n de Ays\u00e9n, El Divisadero, de fecha 14 de enero de 2025 y en la copia de correos electr\u00f3nicos que dan cuenta de las comunicaciones entre el director del Servicio de Salud de Ays\u00e9n y el m\u00e9dico antes referido, adjuntado a la minuta de alegatos, por lo que habiendo la recurrida gestionado la contrataci\u00f3n de personal m\u00e9dico, resulta inoportuno adoptar medidas urgentes por parte de esta Corte para tales efectos\u00bb, sostiene el fallo.<\/p>\n<p class=\"v1MsoNormal\" style=\"text-align: justify;\">La resoluci\u00f3n agrega que: \u00ab(&#8230;) asimismo, aparece que el recurso intentado en autos reviste caracteres de acci\u00f3n popular, por cuanto se refiere omisiones gen\u00e9ricas que afectan los derechos de los ciudadanos de las comunas de Coyhaique, Ays\u00e9n, Cisnes, Chile Chico y Cochrane, a saber 1.800 personas que esperan una ecograf\u00eda al coraz\u00f3n y 500 una consulta para un cardi\u00f3logo, amenazando el derecho a la vida de estos, dada su grave condici\u00f3n de salud, lo que no resulta procedente, desde que este instrumento de emergencia ha sido previsto para &#8216;el que&#8217; por causa de actos u omisiones arbitrarios o ilegales sufra privaci\u00f3n, perturbaci\u00f3n o amenaza en el leg\u00edtimo ejercicio de los derechos y garant\u00edas constitucionales, es decir, en favor de personas claramente determinadas e individualizadas, lo que no ocurre en la especie, m\u00e1xime si las peticiones concretas formuladas no se singularizan en los recurrentes en forma particular\u00bb.<\/p>\n<p class=\"v1MsoNormal\" style=\"text-align: justify;\">\u00abPor estas consideraciones y de conformidad, adem\u00e1s, con lo prevenido en el art\u00edculo 20 de la Constituci\u00f3n Pol\u00edtica de la Rep\u00fablica y Auto Acordado de esta Corte sobre la materia,\u00a0<b>SE RECHAZA<\/b>, sin costas, la acci\u00f3n de protecci\u00f3n deducida por Sebasti\u00e1n Alonso Astuya Chaparro, en representaci\u00f3n de Washington Alejandro Medina Mart\u00ednez y en favor de \u00a0Alfredo Gallardo Hechenleitner y su hija Tatiana Gallardo, como asimismo respecto de los ciudadanos de las comunas de Coyhaique, Ays\u00e9n, Cisnes, Chile Chico y Cochrane, en contra del Servicio Salud Ays\u00e9n Carlos Ib\u00e1\u00f1ez del Campo, representado por don Juan Pablo Bravo Quintana, y en contra del Ministerio de Salud, representado a su vez, por do\u00f1a Ximena Aguilera Sanhueza\u00bb, concluye.<\/p>\n<\/div><\/section><\/div><\/p>\n<div  style='height:50px' class='hr hr-invisible   avia-builder-el-6  el_after_av_one_full  el_before_av_social_share '><span class='hr-inner ' ><span class='hr-inner-style'><\/span><\/span><\/div>\n<div  class='av-social-sharing-box  avia-builder-el-7  el_after_av_hr  el_before_av_hr  '><div class='av-share-box'><h5 class='av-share-link-description av-no-toc '>Compartir esta noticia<\/h5><ul class='av-share-box-list noLightbox'><li class='av-share-link av-social-link-facebook' ><a target=\"_blank\" aria-label=\"Compartir en Facebook\" href='https:\/\/www.facebook.com\/sharer.php?u=https:\/\/radiorevelacionfm.cl\/?p=50203&#038;t=Corte%20de%20Coyhaique%20rechaza%20recurso%20de%20protecci%C3%B3n%20interpuesto%20contra%20Ministerio%20de%20Salud%20y%20Servicio%20de%20Salud%20de%20Ays%C3%A9n%20por%20falta%20de%20cardi%C3%B3logos' aria-hidden='false' data-av_icon='\ue8f3' data-av_iconfont='entypo-fontello' title='' data-avia-related-tooltip='Compartir en Facebook' rel=\"noopener\"><span class='avia_hidden_link_text'>Compartir en Facebook<\/span><\/a><\/li><li class='av-share-link av-social-link-twitter' ><a target=\"_blank\" aria-label=\"Compartir en Twitter\" href='https:\/\/twitter.com\/share?text=Corte%20de%20Coyhaique%20rechaza%20recurso%20de%20protecci%C3%B3n%20interpuesto%20contra%20Ministerio%20de%20Salud%20y%20Servicio%20de%20Salud%20de%20Ays%C3%A9n%20por%20falta%20de%20cardi%C3%B3logos&#038;url=https:\/\/radiorevelacionfm.cl\/?p=50203' aria-hidden='false' data-av_icon='\ue8f1' data-av_iconfont='entypo-fontello' title='' data-avia-related-tooltip='Compartir en Twitter' rel=\"noopener\"><span class='avia_hidden_link_text'>Compartir en Twitter<\/span><\/a><\/li><li class='av-share-link av-social-link-whatsapp' ><a target=\"_blank\" aria-label=\"Compartir en Whatsapp\" href='https:\/\/api.whatsapp.com\/send?text=https:\/\/radiorevelacionfm.cl\/?p=50203' aria-hidden='false' data-av_icon='\uf232' data-av_iconfont='entypo-fontello' title='' data-avia-related-tooltip='Compartir en Whatsapp' rel=\"noopener\"><span class='avia_hidden_link_text'>Compartir en Whatsapp<\/span><\/a><\/li><li class='av-share-link av-social-link-linkedin' ><a target=\"_blank\" aria-label=\"Compartir en LinkedIn\" href='https:\/\/linkedin.com\/shareArticle?mini=true&#038;title=Corte%20de%20Coyhaique%20rechaza%20recurso%20de%20protecci%C3%B3n%20interpuesto%20contra%20Ministerio%20de%20Salud%20y%20Servicio%20de%20Salud%20de%20Ays%C3%A9n%20por%20falta%20de%20cardi%C3%B3logos&#038;url=https:\/\/radiorevelacionfm.cl\/?p=50203' aria-hidden='false' data-av_icon='\ue8fc' data-av_iconfont='entypo-fontello' title='' data-avia-related-tooltip='Compartir en LinkedIn' rel=\"noopener\"><span class='avia_hidden_link_text'>Compartir en LinkedIn<\/span><\/a><\/li><li class='av-share-link av-social-link-mail' ><a  aria-label=\"Compartir por correo\" href='mailto:?subject=Corte%20de%20Coyhaique%20rechaza%20recurso%20de%20protecci%C3%B3n%20interpuesto%20contra%20Ministerio%20de%20Salud%20y%20Servicio%20de%20Salud%20de%20Ays%C3%A9n%20por%20falta%20de%20cardi%C3%B3logos&#038;body=https:\/\/radiorevelacionfm.cl\/?p=50203' aria-hidden='false' data-av_icon='\ue805' data-av_iconfont='entypo-fontello' title='' data-avia-related-tooltip='Compartir por correo'><span class='avia_hidden_link_text'>Compartir por correo<\/span><\/a><\/li><\/ul><\/div><\/div>\n<div  style='height:50px' class='hr hr-invisible   avia-builder-el-8  el_after_av_social_share  el_before_av_comments_list '><span class='hr-inner ' ><span class='hr-inner-style'><\/span><\/span><\/div>\n<div  class='av-buildercomment  av-blog-meta-html-info-disabled av-blog-meta-tag-disabled  '><\/div>\n","protected":false},"excerpt":{"rendered":"","protected":false},"author":1,"featured_media":10878,"comment_status":"open","ping_status":"open","sticky":false,"template":"","format":"standard","meta":{"footnotes":""},"categories":[55],"tags":[],"class_list":["post-50203","post","type-post","status-publish","format-standard","has-post-thumbnail","hentry","category-justicia"],"jetpack_featured_media_url":"https:\/\/radiorevelacionfm.cl\/wp-content\/uploads\/2021\/11\/HOSPITAL-coyh-1-1.jpeg","_links":{"self":[{"href":"https:\/\/radiorevelacionfm.cl\/index.php?rest_route=\/wp\/v2\/posts\/50203","targetHints":{"allow":["GET"]}}],"collection":[{"href":"https:\/\/radiorevelacionfm.cl\/index.php?rest_route=\/wp\/v2\/posts"}],"about":[{"href":"https:\/\/radiorevelacionfm.cl\/index.php?rest_route=\/wp\/v2\/types\/post"}],"author":[{"embeddable":true,"href":"https:\/\/radiorevelacionfm.cl\/index.php?rest_route=\/wp\/v2\/users\/1"}],"replies":[{"embeddable":true,"href":"https:\/\/radiorevelacionfm.cl\/index.php?rest_route=%2Fwp%2Fv2%2Fcomments&post=50203"}],"version-history":[{"count":3,"href":"https:\/\/radiorevelacionfm.cl\/index.php?rest_route=\/wp\/v2\/posts\/50203\/revisions"}],"predecessor-version":[{"id":50212,"href":"https:\/\/radiorevelacionfm.cl\/index.php?rest_route=\/wp\/v2\/posts\/50203\/revisions\/50212"}],"wp:featuredmedia":[{"embeddable":true,"href":"https:\/\/radiorevelacionfm.cl\/index.php?rest_route=\/wp\/v2\/media\/10878"}],"wp:attachment":[{"href":"https:\/\/radiorevelacionfm.cl\/index.php?rest_route=%2Fwp%2Fv2%2Fmedia&parent=50203"}],"wp:term":[{"taxonomy":"category","embeddable":true,"href":"https:\/\/radiorevelacionfm.cl\/index.php?rest_route=%2Fwp%2Fv2%2Fcategories&post=50203"},{"taxonomy":"post_tag","embeddable":true,"href":"https:\/\/radiorevelacionfm.cl\/index.php?rest_route=%2Fwp%2Fv2%2Ftags&post=50203"}],"curies":[{"name":"wp","href":"https:\/\/api.w.org\/{rel}","templated":true}]}}