{"id":50201,"date":"2025-01-31T12:02:00","date_gmt":"2025-01-31T15:02:00","guid":{"rendered":"https:\/\/radiorevelacionfm.cl\/?p=50201"},"modified":"2025-01-31T12:02:00","modified_gmt":"2025-01-31T15:02:00","slug":"la-tasa-de-desocupacion-en-la-region-de-aysen-fue-35-en-el-trimestre-octubre-diciembre-de-2024","status":"publish","type":"post","link":"https:\/\/radiorevelacionfm.cl\/?p=50201","title":{"rendered":"La tasa de desocupaci\u00f3n en la Regi\u00f3n de Ays\u00e9n fue 3,5% en el trimestre octubre-diciembre de 2024"},"content":{"rendered":"<div class=\"flex_column av_one_full  flex_column_div av-zero-column-padding first  avia-builder-el-0  el_before_av_one_full  avia-builder-el-first  \" style='border-radius:0px; '><div  class='avia-image-container  av-styling-    avia-builder-el-1  avia-builder-el-no-sibling  avia-align-center '  itemprop=\"image\" itemscope=\"itemscope\" itemtype=\"https:\/\/schema.org\/ImageObject\"  ><div class='avia-image-container-inner'><div class='avia-image-overlay-wrap'><img decoding=\"async\" class='wp-image-33930 avia-img-lazy-loading-not-33930 avia_image' src=\"https:\/\/radiorevelacionfm.cl\/wp-content\/uploads\/2023\/08\/Trabajadores-en-obra-1-1.jpg\" alt='' title='Trabajadores en obra (1) (1)' height=\"600\" width=\"920\"  itemprop=\"thumbnailUrl\" srcset=\"https:\/\/radiorevelacionfm.cl\/wp-content\/uploads\/2023\/08\/Trabajadores-en-obra-1-1.jpg 920w, https:\/\/radiorevelacionfm.cl\/wp-content\/uploads\/2023\/08\/Trabajadores-en-obra-1-1-300x196.jpg 300w, https:\/\/radiorevelacionfm.cl\/wp-content\/uploads\/2023\/08\/Trabajadores-en-obra-1-1-768x501.jpg 768w, https:\/\/radiorevelacionfm.cl\/wp-content\/uploads\/2023\/08\/Trabajadores-en-obra-1-1-705x460.jpg 705w, https:\/\/radiorevelacionfm.cl\/wp-content\/uploads\/2023\/08\/Trabajadores-en-obra-1-1-450x293.jpg 450w, https:\/\/radiorevelacionfm.cl\/wp-content\/uploads\/2023\/08\/Trabajadores-en-obra-1-1-600x391.jpg 600w\" sizes=\"(max-width: 920px) 100vw, 920px\" \/><\/div><\/div><\/div><\/div><div class=\"flex_column av_one_full  flex_column_div av-zero-column-padding first  avia-builder-el-2  el_after_av_one_full  el_before_av_one_full  column-top-margin\" style='border-radius:0px; '><section class=\"av_textblock_section \"  itemscope=\"itemscope\" itemtype=\"https:\/\/schema.org\/BlogPosting\" itemprop=\"blogPost\" ><div class='avia_textblock  '   itemprop=\"text\" ><p style=\"text-align: center;\"><span style=\"font-size: 18pt;\"><b>La tasa de desocupaci\u00f3n en la Regi\u00f3n de Ays\u00e9n fue 3,5% en el trimestre octubre-diciembre de 2024<\/b><\/span><\/p>\n<div id=\"gtx-trans\" style=\"position: absolute; left: -50px; top: 4.31534px;\">\n<div class=\"gtx-trans-icon\"><\/div>\n<\/div>\n<\/div><\/section><\/div><div class=\"flex_column av_one_full  flex_column_div av-zero-column-padding first  avia-builder-el-4  el_after_av_one_full  el_before_av_hr  column-top-margin\" style='border-radius:0px; '><section class=\"av_textblock_section \"  itemscope=\"itemscope\" itemtype=\"https:\/\/schema.org\/BlogPosting\" itemprop=\"blogPost\" ><div class='avia_textblock  '   itemprop=\"text\" ><p style=\"text-align: justify;\">En doce meses se registr\u00f3 un descenso de 1,0 punto porcentual, explicado por la disminuci\u00f3n de la fuerza de trabajo (-0,4%), menor al aumento presentado por las personas ocupadas (0,6%).<\/p>\n<p style=\"text-align: justify;\">En 3,5% se ubic\u00f3 la tasa de desocupaci\u00f3n en la Regi\u00f3n de Ays\u00e9n durante el trimestre octubre-diciembre de 2024 (OND 2024), de acuerdo con la informaci\u00f3n entregada por la Encuesta Nacional de Empleo (ENE), elaborada por el Instituto Nacional de Estad\u00edsticas de Chile (INE).<\/p>\n<p style=\"text-align: justify;\">La cifra signific\u00f3 una disminuci\u00f3n de 1,0 punto porcentual (pp.) en doce meses, debido a que la disminuci\u00f3n de la fuerza de trabajo (-0,4%) fue menor al aumento presentado por las personas ocupadas (0,6%).<\/p>\n<p style=\"text-align: justify;\">Respecto al mismo periodo del a\u00f1o anterior, las tasas de participaci\u00f3n y de ocupaci\u00f3n se situaron en 71,9% y 69,3%, decreciendo 0,9 pp., y 0,2 pp., respectivamente. Por otra parte, la poblaci\u00f3n fuera de la fuerza de trabajo aument\u00f3 4,1%, influida por la poblaci\u00f3n inactiva potencialmente activa (42,5%).<\/p>\n<p style=\"text-align: justify;\">En las mujeres, la tasa de desocupaci\u00f3n se situ\u00f3 en 4,4%, con una reducci\u00f3n de 0,6 pp. en doce meses; mientras que en los hombres, la tasa de desocupaci\u00f3n fue 2,8%, con una disminuci\u00f3n de 1,2 pp. en el mismo per\u00edodo.<\/p>\n<p style=\"text-align: justify;\"><strong>Alza de personas ocupadas<\/strong><\/p>\n<p style=\"text-align: justify;\">En doce meses, la estimaci\u00f3n del total de personas ocupadas experiment\u00f3 un crecimiento de 0,6%, incidida por hombres (1,3%).<\/p>\n<p style=\"text-align: justify;\">Los sectores que m\u00e1s contribuyeron al aumento de la poblaci\u00f3n ocupada fueron agricultura y pesca (34,8%), alojamiento y servicios de comida (16,1%) y ense\u00f1anza (9,5%); mientras que por categor\u00eda ocupacional, el alza se observ\u00f3 principalmente en personas asalariadas formales (2,6%).<\/p>\n<p style=\"text-align: justify;\"><strong>Informalidad<\/strong><\/p>\n<p style=\"text-align: justify;\">La tasa de ocupaci\u00f3n informal se ubic\u00f3 en 31,7%, con un descenso de 1,1 pp. en un a\u00f1o. Las personas ocupadas informales disminuyeron 3,0%, incididas por mujeres (-12,4%).<\/p>\n<p style=\"text-align: justify;\"><strong>Indicadores de subutilizaci\u00f3n de la fuerza de trabajo<\/strong><\/p>\n<p style=\"text-align: justify;\">La tasa combinada de desocupaci\u00f3n y fuerza de trabajo potencial alcanz\u00f3 10,7%, con un incremento de 0,9 pp. en el per\u00edodo. En los hombres se situ\u00f3 en 8,7% y en las mujeres, en 13,1%. La brecha de g\u00e9nero fue 4,4 pp..<\/p>\n<p style=\"text-align: justify;\">Ver:<\/p>\n<p style=\"text-align: justify;\"><a href=\"https:\/\/regiones.ine.cl\/documentos\/default-source\/region-xi\/estadisticas\/ocupacion-y-desocupacion\/boletines\/2024\/bolet%C3%ADn-empleo-regi%C3%B3n-de-ays%C3%A9n-trimestre-m%C3%B3vil-octubre-diciembre-2024.pdf\">Bolet\u00edn ENE Regi\u00f3n de Ays\u00e9n N\u00b0. 177: \u00a0octubre-diciembre 2024<\/a><\/p>\n<\/div><\/section><\/div><div  style='height:50px' class='hr hr-invisible   avia-builder-el-6  el_after_av_one_full  el_before_av_social_share '><span class='hr-inner ' ><span class='hr-inner-style'><\/span><\/span><\/div><\/p>\n<div  class='av-social-sharing-box  avia-builder-el-7  el_after_av_hr  el_before_av_hr  '><div class='av-share-box'><h5 class='av-share-link-description av-no-toc '>Compartir esta noticia<\/h5><ul class='av-share-box-list noLightbox'><li class='av-share-link av-social-link-facebook' ><a target=\"_blank\" aria-label=\"Compartir en Facebook\" href='https:\/\/www.facebook.com\/sharer.php?u=https:\/\/radiorevelacionfm.cl\/?p=50201&#038;t=La%20tasa%20de%20desocupaci%C3%B3n%20en%20la%20Regi%C3%B3n%20de%20Ays%C3%A9n%20fue%203%2C5%25%20en%20el%20trimestre%20octubre-diciembre%20de%202024' aria-hidden='false' data-av_icon='\ue8f3' data-av_iconfont='entypo-fontello' title='' data-avia-related-tooltip='Compartir en Facebook' rel=\"noopener\"><span class='avia_hidden_link_text'>Compartir en Facebook<\/span><\/a><\/li><li class='av-share-link av-social-link-twitter' ><a target=\"_blank\" aria-label=\"Compartir en Twitter\" href='https:\/\/twitter.com\/share?text=La%20tasa%20de%20desocupaci%C3%B3n%20en%20la%20Regi%C3%B3n%20de%20Ays%C3%A9n%20fue%203%2C5%25%20en%20el%20trimestre%20octubre-diciembre%20de%202024&#038;url=https:\/\/radiorevelacionfm.cl\/?p=50201' aria-hidden='false' data-av_icon='\ue8f1' data-av_iconfont='entypo-fontello' title='' data-avia-related-tooltip='Compartir en Twitter' rel=\"noopener\"><span class='avia_hidden_link_text'>Compartir en Twitter<\/span><\/a><\/li><li class='av-share-link av-social-link-whatsapp' ><a target=\"_blank\" aria-label=\"Compartir en Whatsapp\" href='https:\/\/api.whatsapp.com\/send?text=https:\/\/radiorevelacionfm.cl\/?p=50201' aria-hidden='false' data-av_icon='\uf232' data-av_iconfont='entypo-fontello' title='' data-avia-related-tooltip='Compartir en Whatsapp' rel=\"noopener\"><span class='avia_hidden_link_text'>Compartir en Whatsapp<\/span><\/a><\/li><li class='av-share-link av-social-link-linkedin' ><a target=\"_blank\" aria-label=\"Compartir en LinkedIn\" href='https:\/\/linkedin.com\/shareArticle?mini=true&#038;title=La%20tasa%20de%20desocupaci%C3%B3n%20en%20la%20Regi%C3%B3n%20de%20Ays%C3%A9n%20fue%203%2C5%25%20en%20el%20trimestre%20octubre-diciembre%20de%202024&#038;url=https:\/\/radiorevelacionfm.cl\/?p=50201' aria-hidden='false' data-av_icon='\ue8fc' data-av_iconfont='entypo-fontello' title='' data-avia-related-tooltip='Compartir en LinkedIn' rel=\"noopener\"><span class='avia_hidden_link_text'>Compartir en LinkedIn<\/span><\/a><\/li><li class='av-share-link av-social-link-mail' ><a  aria-label=\"Compartir por correo\" href='mailto:?subject=La%20tasa%20de%20desocupaci%C3%B3n%20en%20la%20Regi%C3%B3n%20de%20Ays%C3%A9n%20fue%203%2C5%25%20en%20el%20trimestre%20octubre-diciembre%20de%202024&#038;body=https:\/\/radiorevelacionfm.cl\/?p=50201' aria-hidden='false' data-av_icon='\ue805' data-av_iconfont='entypo-fontello' title='' data-avia-related-tooltip='Compartir por correo'><span class='avia_hidden_link_text'>Compartir por correo<\/span><\/a><\/li><\/ul><\/div><\/div>\n<div  style='height:50px' class='hr hr-invisible   avia-builder-el-8  el_after_av_social_share  el_before_av_comments_list '><span class='hr-inner ' ><span class='hr-inner-style'><\/span><\/span><\/div>\n<div  class='av-buildercomment  av-blog-meta-html-info-disabled av-blog-meta-tag-disabled  '><\/div>\n","protected":false},"excerpt":{"rendered":"","protected":false},"author":1,"featured_media":33930,"comment_status":"open","ping_status":"open","sticky":false,"template":"","format":"standard","meta":{"footnotes":""},"categories":[38],"tags":[],"class_list":["post-50201","post","type-post","status-publish","format-standard","has-post-thumbnail","hentry","category-regional"],"jetpack_featured_media_url":"https:\/\/radiorevelacionfm.cl\/wp-content\/uploads\/2023\/08\/Trabajadores-en-obra-1-1.jpg","_links":{"self":[{"href":"https:\/\/radiorevelacionfm.cl\/index.php?rest_route=\/wp\/v2\/posts\/50201","targetHints":{"allow":["GET"]}}],"collection":[{"href":"https:\/\/radiorevelacionfm.cl\/index.php?rest_route=\/wp\/v2\/posts"}],"about":[{"href":"https:\/\/radiorevelacionfm.cl\/index.php?rest_route=\/wp\/v2\/types\/post"}],"author":[{"embeddable":true,"href":"https:\/\/radiorevelacionfm.cl\/index.php?rest_route=\/wp\/v2\/users\/1"}],"replies":[{"embeddable":true,"href":"https:\/\/radiorevelacionfm.cl\/index.php?rest_route=%2Fwp%2Fv2%2Fcomments&post=50201"}],"version-history":[{"count":1,"href":"https:\/\/radiorevelacionfm.cl\/index.php?rest_route=\/wp\/v2\/posts\/50201\/revisions"}],"predecessor-version":[{"id":50202,"href":"https:\/\/radiorevelacionfm.cl\/index.php?rest_route=\/wp\/v2\/posts\/50201\/revisions\/50202"}],"wp:featuredmedia":[{"embeddable":true,"href":"https:\/\/radiorevelacionfm.cl\/index.php?rest_route=\/wp\/v2\/media\/33930"}],"wp:attachment":[{"href":"https:\/\/radiorevelacionfm.cl\/index.php?rest_route=%2Fwp%2Fv2%2Fmedia&parent=50201"}],"wp:term":[{"taxonomy":"category","embeddable":true,"href":"https:\/\/radiorevelacionfm.cl\/index.php?rest_route=%2Fwp%2Fv2%2Fcategories&post=50201"},{"taxonomy":"post_tag","embeddable":true,"href":"https:\/\/radiorevelacionfm.cl\/index.php?rest_route=%2Fwp%2Fv2%2Ftags&post=50201"}],"curies":[{"name":"wp","href":"https:\/\/api.w.org\/{rel}","templated":true}]}}