{"id":50196,"date":"2025-01-30T21:35:44","date_gmt":"2025-01-31T00:35:44","guid":{"rendered":"https:\/\/radiorevelacionfm.cl\/?p=50196"},"modified":"2025-01-30T21:35:44","modified_gmt":"2025-01-31T00:35:44","slug":"carabineros-investiga-lamentable-atropello-de-transportista-en-sector-cruce-cabezas","status":"publish","type":"post","link":"https:\/\/radiorevelacionfm.cl\/?p=50196","title":{"rendered":"Carabineros investiga lamentable atropello de transportista en sector cruce Cabezas"},"content":{"rendered":"<div class=\"flex_column av_one_full  flex_column_div av-zero-column-padding first  avia-builder-el-0  el_before_av_one_full  avia-builder-el-first  \" style='border-radius:0px; '><div  class='avia-image-container  av-styling-    avia-builder-el-1  avia-builder-el-no-sibling  avia-align-center '  itemprop=\"image\" itemscope=\"itemscope\" itemtype=\"https:\/\/schema.org\/ImageObject\"  ><div class='avia-image-container-inner'><div class='avia-image-overlay-wrap'><img decoding=\"async\" class='wp-image-50191 avia-img-lazy-loading-not-50191 avia_image' src=\"https:\/\/radiorevelacionfm.cl\/wp-content\/uploads\/2025\/01\/GijUfAFWQAA6i2s-1-1.jpg\" alt='' title='GijUfAFWQAA6i2s (1) (1)' height=\"600\" width=\"983\"  itemprop=\"thumbnailUrl\" srcset=\"https:\/\/radiorevelacionfm.cl\/wp-content\/uploads\/2025\/01\/GijUfAFWQAA6i2s-1-1.jpg 983w, https:\/\/radiorevelacionfm.cl\/wp-content\/uploads\/2025\/01\/GijUfAFWQAA6i2s-1-1-300x183.jpg 300w, https:\/\/radiorevelacionfm.cl\/wp-content\/uploads\/2025\/01\/GijUfAFWQAA6i2s-1-1-768x469.jpg 768w, https:\/\/radiorevelacionfm.cl\/wp-content\/uploads\/2025\/01\/GijUfAFWQAA6i2s-1-1-705x430.jpg 705w, https:\/\/radiorevelacionfm.cl\/wp-content\/uploads\/2025\/01\/GijUfAFWQAA6i2s-1-1-450x275.jpg 450w, https:\/\/radiorevelacionfm.cl\/wp-content\/uploads\/2025\/01\/GijUfAFWQAA6i2s-1-1-600x366.jpg 600w\" sizes=\"(max-width: 983px) 100vw, 983px\" \/><\/div><\/div><\/div><\/div><div class=\"flex_column av_one_full  flex_column_div av-zero-column-padding first  avia-builder-el-2  el_after_av_one_full  el_before_av_one_full  column-top-margin\" style='border-radius:0px; '><section class=\"av_textblock_section \"  itemscope=\"itemscope\" itemtype=\"https:\/\/schema.org\/BlogPosting\" itemprop=\"blogPost\" ><div class='avia_textblock  '   itemprop=\"text\" ><p style=\"text-align: center;\"><strong><span style=\"font-size: 18pt;\">Carabineros investiga lamentable atropello de transportista en sector cruce Cabezas<\/span><\/strong><\/p>\n<div id=\"gtx-trans\" style=\"position: absolute; left: -50px; top: 4.31534px;\">\n<div class=\"gtx-trans-icon\"><\/div>\n<\/div>\n<\/div><\/section><\/div><div class=\"flex_column av_one_full  flex_column_div av-zero-column-padding first  avia-builder-el-4  el_after_av_one_full  el_before_av_hr  column-top-margin\" style='border-radius:0px; '><section class=\"av_textblock_section \"  itemscope=\"itemscope\" itemtype=\"https:\/\/schema.org\/BlogPosting\" itemprop=\"blogPost\" ><div class='avia_textblock  '   itemprop=\"text\" ><p dir=\"ltr\" style=\"text-align: justify;\">Carabineros a trav\u00e9s de la Secci\u00f3n de Investigaci\u00f3n de Accidentes de Tr\u00e1nsito (SIAT) en coordinaci\u00f3n con la Fiscal\u00eda local de Puerto Ays\u00e9n, desarrollan diligencias de su especialidad orientadas a esclarecer un accidente de tr\u00e1nsito en que una persona lamentablemente perdi\u00f3 la vida producto de un atropello en la comuna de Ays\u00e9n.<\/p>\n<p dir=\"ltr\" style=\"text-align: justify;\">Antecedentes aportados por el Comisario de Puerto Ays\u00e9n, Mayor Patricio Parada, alrededor de las 18.30 horas del mi\u00e9rcoles ingres\u00f3 un procedimiento en la intersecci\u00f3n de la Carretera Austral (Ruta 7) con Ruta X-50 sector cruce Cabezas. \u00abEn dicha intersecci\u00f3n habr\u00eda ocurrido un accidente de tr\u00e1nsito consistente en el atropello de una persona adulta, la cual lamentablemente producto de esto y las diferentes lesiones que sufri\u00f3, falleci\u00f3 en el lugar. Tras lo anterior se detuvo al conductor de una camioneta, un masculino mayor de edad de 71 a\u00f1os, con documentaci\u00f3n y licencia al d\u00eda\u00bb, indic\u00f3 el Oficial.<\/p>\n<p dir=\"ltr\" style=\"text-align: justify;\">Tras entrevistarse con el conductor del veh\u00edculo menor, este manifest\u00f3 a Carabineros que \u00abmientras circulaba por dicha arteria, al momento de llegar a este cruce efectu\u00f3 una maniobra de adelantamiento, encontr\u00e1ndose una persona de infanter\u00eda en la calzada, intentando esquivarlo -no logrando la acci\u00f3n- provoc\u00e1ndose el atropello en el lugar\u00bb, a\u00f1adi\u00f3 el Comisario.<\/p>\n<p dir=\"ltr\" style=\"text-align: justify;\">El Mayor Parada indic\u00f3 que en el lugar se constituy\u00f3 personal de Carabineros junto al Fiscal del Ministerio P\u00fablico de Ays\u00e9n, siendo impartidas las instrucciones para el trabajo del sitio del suceso, mientras que las pericias fueron encomendadas a la SIAT.<\/p>\n<p dir=\"ltr\" style=\"text-align: justify;\">Seg\u00fan los primeros antecedentes, la v\u00edctima fatal corresponder\u00eda a un transportista, quien por razones que son materia de investigaci\u00f3n, se habr\u00eda encontrado estacionado a un costado de la ruta.<\/p>\n<p dir=\"ltr\" style=\"text-align: justify;\">Los antecedentes del procedimiento y la persona detenida fueron puestos a disposici\u00f3n de la Fiscal\u00eda, siendo derivada a la audiencia de control de detenci\u00f3n en la comuna de Ays\u00e9n.<\/p>\n<p dir=\"ltr\" style=\"text-align: justify;\">Por su parte el Oficial de la SIAT Ays\u00e9n, Teniente Manuel C\u00e1ceres Baeza, indic\u00f3 que \u00abpor instrucciones del Ministerio P\u00fablico, esta unidad especializada desarroll\u00f3 las diligencias t\u00e9cnicas para poder establecer la din\u00e1mica y causa basal del accidente\u00bb.<\/p>\n<p dir=\"ltr\" style=\"text-align: justify;\">Carabineros inst\u00f3 a los peatones a adoptar los resguardos al momento de acceder a la calzada, mientras que lo propio deben realizar los conductores, quienes en todo momento deben hacerlo atento a las condiciones del tr\u00e1nsito y efectuar un desplazamiento a una velocidad razonable y prudente.<\/p>\n<\/div><\/section><\/div><div  style='height:50px' class='hr hr-invisible   avia-builder-el-6  el_after_av_one_full  el_before_av_social_share '><span class='hr-inner ' ><span class='hr-inner-style'><\/span><\/span><\/div><\/p>\n<div  class='av-social-sharing-box  avia-builder-el-7  el_after_av_hr  el_before_av_hr  '><div class='av-share-box'><h5 class='av-share-link-description av-no-toc '>Compartir esta noticia<\/h5><ul class='av-share-box-list noLightbox'><li class='av-share-link av-social-link-facebook' ><a target=\"_blank\" aria-label=\"Compartir en Facebook\" href='https:\/\/www.facebook.com\/sharer.php?u=https:\/\/radiorevelacionfm.cl\/?p=50196&#038;t=Carabineros%20investiga%20lamentable%20atropello%20de%20transportista%20en%20sector%20cruce%20Cabezas' aria-hidden='false' data-av_icon='\ue8f3' data-av_iconfont='entypo-fontello' title='' data-avia-related-tooltip='Compartir en Facebook' rel=\"noopener\"><span class='avia_hidden_link_text'>Compartir en Facebook<\/span><\/a><\/li><li class='av-share-link av-social-link-twitter' ><a target=\"_blank\" aria-label=\"Compartir en Twitter\" href='https:\/\/twitter.com\/share?text=Carabineros%20investiga%20lamentable%20atropello%20de%20transportista%20en%20sector%20cruce%20Cabezas&#038;url=https:\/\/radiorevelacionfm.cl\/?p=50196' aria-hidden='false' data-av_icon='\ue8f1' data-av_iconfont='entypo-fontello' title='' data-avia-related-tooltip='Compartir en Twitter' rel=\"noopener\"><span class='avia_hidden_link_text'>Compartir en Twitter<\/span><\/a><\/li><li class='av-share-link av-social-link-whatsapp' ><a target=\"_blank\" aria-label=\"Compartir en Whatsapp\" href='https:\/\/api.whatsapp.com\/send?text=https:\/\/radiorevelacionfm.cl\/?p=50196' aria-hidden='false' data-av_icon='\uf232' data-av_iconfont='entypo-fontello' title='' data-avia-related-tooltip='Compartir en Whatsapp' rel=\"noopener\"><span class='avia_hidden_link_text'>Compartir en Whatsapp<\/span><\/a><\/li><li class='av-share-link av-social-link-linkedin' ><a target=\"_blank\" aria-label=\"Compartir en LinkedIn\" href='https:\/\/linkedin.com\/shareArticle?mini=true&#038;title=Carabineros%20investiga%20lamentable%20atropello%20de%20transportista%20en%20sector%20cruce%20Cabezas&#038;url=https:\/\/radiorevelacionfm.cl\/?p=50196' aria-hidden='false' data-av_icon='\ue8fc' data-av_iconfont='entypo-fontello' title='' data-avia-related-tooltip='Compartir en LinkedIn' rel=\"noopener\"><span class='avia_hidden_link_text'>Compartir en LinkedIn<\/span><\/a><\/li><li class='av-share-link av-social-link-mail' ><a  aria-label=\"Compartir por correo\" href='mailto:?subject=Carabineros%20investiga%20lamentable%20atropello%20de%20transportista%20en%20sector%20cruce%20Cabezas&#038;body=https:\/\/radiorevelacionfm.cl\/?p=50196' aria-hidden='false' data-av_icon='\ue805' data-av_iconfont='entypo-fontello' title='' data-avia-related-tooltip='Compartir por correo'><span class='avia_hidden_link_text'>Compartir por correo<\/span><\/a><\/li><\/ul><\/div><\/div>\n<div  style='height:50px' class='hr hr-invisible   avia-builder-el-8  el_after_av_social_share  el_before_av_comments_list '><span class='hr-inner ' ><span class='hr-inner-style'><\/span><\/span><\/div>\n<div  class='av-buildercomment  av-blog-meta-html-info-disabled av-blog-meta-tag-disabled  '><\/div>\n","protected":false},"excerpt":{"rendered":"","protected":false},"author":1,"featured_media":50191,"comment_status":"open","ping_status":"open","sticky":false,"template":"","format":"standard","meta":{"footnotes":""},"categories":[36],"tags":[],"class_list":["post-50196","post","type-post","status-publish","format-standard","has-post-thumbnail","hentry","category-policial"],"jetpack_featured_media_url":"https:\/\/radiorevelacionfm.cl\/wp-content\/uploads\/2025\/01\/GijUfAFWQAA6i2s-1-1.jpg","_links":{"self":[{"href":"https:\/\/radiorevelacionfm.cl\/index.php?rest_route=\/wp\/v2\/posts\/50196","targetHints":{"allow":["GET"]}}],"collection":[{"href":"https:\/\/radiorevelacionfm.cl\/index.php?rest_route=\/wp\/v2\/posts"}],"about":[{"href":"https:\/\/radiorevelacionfm.cl\/index.php?rest_route=\/wp\/v2\/types\/post"}],"author":[{"embeddable":true,"href":"https:\/\/radiorevelacionfm.cl\/index.php?rest_route=\/wp\/v2\/users\/1"}],"replies":[{"embeddable":true,"href":"https:\/\/radiorevelacionfm.cl\/index.php?rest_route=%2Fwp%2Fv2%2Fcomments&post=50196"}],"version-history":[{"count":1,"href":"https:\/\/radiorevelacionfm.cl\/index.php?rest_route=\/wp\/v2\/posts\/50196\/revisions"}],"predecessor-version":[{"id":50197,"href":"https:\/\/radiorevelacionfm.cl\/index.php?rest_route=\/wp\/v2\/posts\/50196\/revisions\/50197"}],"wp:featuredmedia":[{"embeddable":true,"href":"https:\/\/radiorevelacionfm.cl\/index.php?rest_route=\/wp\/v2\/media\/50191"}],"wp:attachment":[{"href":"https:\/\/radiorevelacionfm.cl\/index.php?rest_route=%2Fwp%2Fv2%2Fmedia&parent=50196"}],"wp:term":[{"taxonomy":"category","embeddable":true,"href":"https:\/\/radiorevelacionfm.cl\/index.php?rest_route=%2Fwp%2Fv2%2Fcategories&post=50196"},{"taxonomy":"post_tag","embeddable":true,"href":"https:\/\/radiorevelacionfm.cl\/index.php?rest_route=%2Fwp%2Fv2%2Ftags&post=50196"}],"curies":[{"name":"wp","href":"https:\/\/api.w.org\/{rel}","templated":true}]}}