{"id":50188,"date":"2025-01-30T20:03:18","date_gmt":"2025-01-30T23:03:18","guid":{"rendered":"https:\/\/radiorevelacionfm.cl\/?p=50188"},"modified":"2025-01-30T20:03:18","modified_gmt":"2025-01-30T23:03:18","slug":"agrupaysen-y-gobierno-regional-establecen-agenda-de-trabajo-conjunto-para-fortalecer-el-sector-acuicola","status":"publish","type":"post","link":"https:\/\/radiorevelacionfm.cl\/?p=50188","title":{"rendered":"AgrupAys\u00e9n y Gobierno Regional establecen agenda de trabajo conjunto para fortalecer el sector acu\u00edcola"},"content":{"rendered":"<div class=\"flex_column av_one_full  flex_column_div av-zero-column-padding first  avia-builder-el-0  el_before_av_one_full  avia-builder-el-first  \" style='border-radius:0px; '><div  class='avia-image-container  av-styling-    avia-builder-el-1  avia-builder-el-no-sibling  avia-align-center '  itemprop=\"image\" itemscope=\"itemscope\" itemtype=\"https:\/\/schema.org\/ImageObject\"  ><div class='avia-image-container-inner'><div class='avia-image-overlay-wrap'><img decoding=\"async\" class='wp-image-50189 avia-img-lazy-loading-not-50189 avia_image' src=\"https:\/\/radiorevelacionfm.cl\/wp-content\/uploads\/2025\/01\/AGRUPAYSEN-034-1-1.jpg\" alt='' title='AGRUPAYSEN 034 (1) (1)' height=\"600\" width=\"883\"  itemprop=\"thumbnailUrl\" srcset=\"https:\/\/radiorevelacionfm.cl\/wp-content\/uploads\/2025\/01\/AGRUPAYSEN-034-1-1.jpg 883w, https:\/\/radiorevelacionfm.cl\/wp-content\/uploads\/2025\/01\/AGRUPAYSEN-034-1-1-300x204.jpg 300w, https:\/\/radiorevelacionfm.cl\/wp-content\/uploads\/2025\/01\/AGRUPAYSEN-034-1-1-768x522.jpg 768w, https:\/\/radiorevelacionfm.cl\/wp-content\/uploads\/2025\/01\/AGRUPAYSEN-034-1-1-705x479.jpg 705w, https:\/\/radiorevelacionfm.cl\/wp-content\/uploads\/2025\/01\/AGRUPAYSEN-034-1-1-450x306.jpg 450w, https:\/\/radiorevelacionfm.cl\/wp-content\/uploads\/2025\/01\/AGRUPAYSEN-034-1-1-600x408.jpg 600w\" sizes=\"(max-width: 883px) 100vw, 883px\" \/><\/div><\/div><\/div><\/div><div class=\"flex_column av_one_full  flex_column_div av-zero-column-padding first  avia-builder-el-2  el_after_av_one_full  el_before_av_one_full  column-top-margin\" style='border-radius:0px; '><section class=\"av_textblock_section \"  itemscope=\"itemscope\" itemtype=\"https:\/\/schema.org\/BlogPosting\" itemprop=\"blogPost\" ><div class='avia_textblock  '   itemprop=\"text\" ><p style=\"text-align: center;\"><strong><span style=\"font-size: 18pt;\">AgrupAys\u00e9n y Gobierno Regional establecen agenda de trabajo conjunto para fortalecer el sector acu\u00edcola<\/span><\/strong><\/p>\n<div id=\"gtx-trans\" style=\"position: absolute; left: -50px; top: 4.31534px;\">\n<div class=\"gtx-trans-icon\"><\/div>\n<\/div>\n<\/div><\/section><\/div><div class=\"flex_column av_one_full  flex_column_div av-zero-column-padding first  avia-builder-el-4  el_after_av_one_full  el_before_av_hr  column-top-margin\" style='border-radius:0px; '><section class=\"av_textblock_section \"  itemscope=\"itemscope\" itemtype=\"https:\/\/schema.org\/BlogPosting\" itemprop=\"blogPost\" ><div class='avia_textblock  '   itemprop=\"text\" ><p style=\"text-align: justify;\">En un encuentro clave para el futuro del sector acu\u00edcola de la regi\u00f3n, la directiva de la Asociaci\u00f3n Gremial de Prestadores de Servicios Acu\u00edcolas de Ays\u00e9n (AGRUPAYS\u00c9N), encabezada por su presidente Misael Ruiz, sostuvo una reuni\u00f3n con el Gobernador Regional de Ays\u00e9n, Marcelo Santana. La cita, realizada en la Gobernaci\u00f3n Regional en Coyhaique, tuvo como principal objetivo la presentaci\u00f3n formal del gremio ante la nueva administraci\u00f3n y la definici\u00f3n de l\u00edneas de trabajo colaborativo.<\/p>\n<p style=\"text-align: justify;\">El presidente de AGRUPAYS\u00c9N, Misael Ruiz, destac\u00f3 que la reuni\u00f3n permiti\u00f3 establecer un di\u00e1logo abierto con la autoridad regional y su equipo, reforzando la importancia del sector acu\u00edcola en la econom\u00eda de Ays\u00e9n. \u201cM\u00e1s all\u00e1 del saludo protocolar, buscamos visibilizar el real aporte del sector acu\u00edcola al PIB regional y asegurar que las pol\u00edticas de inversi\u00f3n y fomento productivo consideren el desarrollo de los prestadores de servicios locales\u201d, se\u00f1al\u00f3.<\/p>\n<p style=\"text-align: justify;\">Por su parte, el Gobernador Regional, Marcelo Santana, reafirm\u00f3 el compromiso de su administraci\u00f3n con el sector productivo regional. \u201cDurante nuestra gesti\u00f3n, el trabajo con los gremios productivos de la regi\u00f3n de Ays\u00e9n no s\u00f3lo va a ser permanente, sino que ser\u00e1 un di\u00e1logo que demuestre una colaboraci\u00f3n mutua entre quienes est\u00e1n empujando el desarrollo productivo de nuestra regi\u00f3n. Los gremios productivos, las empresas, los emprendedores, las pymes y el sector p\u00fablico deben generar las condiciones habilitantes para este desarrollo. Destaco la predisposici\u00f3n de AGRUPAYS\u00c9N, que es una de las principales asociaciones gremiales de prestadores de servicios acu\u00edcolas de la regi\u00f3n. Con su directiva pudimos conversar sobre temas clave donde hay espacio para la colaboraci\u00f3n, entre ellos el apoyo del Gobierno Regional en t\u00e9rminos de informaci\u00f3n de calidad para la toma de decisiones, coordinaci\u00f3n de reuniones estrat\u00e9gicas y priorizaci\u00f3n de infraestructura que habilite el desarrollo de los distintos sectores productivos. Es fundamental visibilizar el sector acu\u00edcola como uno de los principales motores econ\u00f3micos de la regi\u00f3n, contribuyendo significativamente al PIB y a la generaci\u00f3n de bienes y servicios\u201d, afirm\u00f3.<\/p>\n<p style=\"text-align: justify;\">Uno de los puntos centrales abordados fue la necesidad de contar con datos desagregados que reflejen con mayor precisi\u00f3n la contribuci\u00f3n del sector de servicios acu\u00edcolas y conexos a la econom\u00eda regional. Actualmente, las cifras oficiales agrupan la actividad en un bloque general de acuicultura y pesca, sin incluir, por ejemplo, la labor de servicios de los proveedores locales o el segmento manufactura (plantas de proceso).<\/p>\n<p style=\"text-align: justify;\">En este contexto, AGRUPAYS\u00c9N propuso trabajar junto al Gobierno Regional para generar un diagn\u00f3stico m\u00e1s preciso sobre el impacto de los prestadores de servicios acu\u00edcolas en la industria y su cadena de valor y, a partir de ello, desarrollar estrategias que potencien su crecimiento.<\/p>\n<p style=\"text-align: justify;\">Durante la reuni\u00f3n, ambas partes coincidieron en la importancia de fortalecer la colaboraci\u00f3n en materias clave como infraestructura, inversi\u00f3n y fomento productivo. Se acord\u00f3 avanzar en una planificaci\u00f3n conjunta con las divisiones de Fomento e Industria, Presupuesto e Inversi\u00f3n, Infraestructura y Transporte, adem\u00e1s de la coordinaci\u00f3n con el Plan Especial de Desarrollo de Zonas Extremas (PEDZE).<\/p>\n<p style=\"text-align: justify;\">\u201cLa regi\u00f3n enfrenta un escenario econ\u00f3mico desafiante, con una billetera fiscal ajustada y retrasos en la llegada de recursos. Por ello, es fundamental que cada peso invertido tenga un efecto multiplicador en la econom\u00eda local, impulsando el desarrollo de los prestadores de servicios y su participaci\u00f3n en la cadena productiva regional. Es relevante ser m\u00e1s precisos en la participaci\u00f3n del sector acu\u00edcola con todo su encadenamiento productivo a nivel regional, diversificar el PIB, pero incluso m\u00e1s importante que las participaciones porcentuales, es trabajar colaborativamente para que el PIB crezca\u00a0 \u201d, coment\u00f3 uno de los directores del gremio de AgrupAys\u00e9n, Claudio Carrasco.<\/p>\n<p style=\"text-align: justify;\">Asimismo, se abord\u00f3 la necesidad de evaluar los mecanismos de financiamiento disponibles a trav\u00e9s de CORFO y otros programas de apoyo a la industria, con el objetivo de asegurar que estos recursos lleguen efectivamente a las empresas locales.<\/p>\n<p style=\"text-align: justify;\">Otro de los temas tratados fue la importancia del ordenamiento territorial del borde costero, un aspecto clave para el desarrollo sostenible de la regi\u00f3n. En este sentido, AGRUPAYS\u00c9N expres\u00f3 su inter\u00e9s en participar activamente en la Comisi\u00f3n Regional de Uso del Borde Costero (CRUBC) y en el proceso de actualizaci\u00f3n del PEDZE.<\/p>\n<p style=\"text-align: justify;\">\u201cPara nuestro gremio, es fundamental ser parte de la discusi\u00f3n sobre la planificaci\u00f3n del borde costero, aportar nuestra visi\u00f3n y contribuir con insumos t\u00e9cnicos que permitan tomar decisiones informadas y equilibradas\u201d, indic\u00f3 el presidente de la asociaci\u00f3n.<\/p>\n<p style=\"text-align: justify;\">El encuentro concluy\u00f3 con el compromiso de establecer una agenda de reuniones peri\u00f3dicas entre AGRUPAYS\u00c9N y la Gobernaci\u00f3n Regional, con los equipos t\u00e9cnicos de las m\u00faltiples divisiones, para dar seguimiento a los temas tratados y coordinar acciones concretas en beneficio del sector.<\/p>\n<p style=\"text-align: justify;\">Desde AGRUPAYS\u00c9N valoraron la apertura del Gobernador Regional para trabajar en conjunto y reafirmaron su disposici\u00f3n a colaborar en todas aquellas iniciativas que contribuyan al fortalecimiento de la industria acu\u00edcola y al desarrollo econ\u00f3mico de Ays\u00e9n.<\/p>\n<\/div><\/section><\/div><div  style='height:50px' class='hr hr-invisible   avia-builder-el-6  el_after_av_one_full  el_before_av_social_share '><span class='hr-inner ' ><span class='hr-inner-style'><\/span><\/span><\/div><\/p>\n<div  class='av-social-sharing-box  avia-builder-el-7  el_after_av_hr  el_before_av_hr  '><div class='av-share-box'><h5 class='av-share-link-description av-no-toc '>Compartir esta noticia<\/h5><ul class='av-share-box-list noLightbox'><li class='av-share-link av-social-link-facebook' ><a target=\"_blank\" aria-label=\"Compartir en Facebook\" href='https:\/\/www.facebook.com\/sharer.php?u=https:\/\/radiorevelacionfm.cl\/?p=50188&#038;t=AgrupAys%C3%A9n%20y%20Gobierno%20Regional%20establecen%20agenda%20de%20trabajo%20conjunto%20para%20fortalecer%20el%20sector%20acu%C3%ADcola' aria-hidden='false' data-av_icon='\ue8f3' data-av_iconfont='entypo-fontello' title='' data-avia-related-tooltip='Compartir en Facebook' rel=\"noopener\"><span class='avia_hidden_link_text'>Compartir en Facebook<\/span><\/a><\/li><li class='av-share-link av-social-link-twitter' ><a target=\"_blank\" aria-label=\"Compartir en Twitter\" href='https:\/\/twitter.com\/share?text=AgrupAys%C3%A9n%20y%20Gobierno%20Regional%20establecen%20agenda%20de%20trabajo%20conjunto%20para%20fortalecer%20el%20sector%20acu%C3%ADcola&#038;url=https:\/\/radiorevelacionfm.cl\/?p=50188' aria-hidden='false' data-av_icon='\ue8f1' data-av_iconfont='entypo-fontello' title='' data-avia-related-tooltip='Compartir en Twitter' rel=\"noopener\"><span class='avia_hidden_link_text'>Compartir en Twitter<\/span><\/a><\/li><li class='av-share-link av-social-link-whatsapp' ><a target=\"_blank\" aria-label=\"Compartir en Whatsapp\" href='https:\/\/api.whatsapp.com\/send?text=https:\/\/radiorevelacionfm.cl\/?p=50188' aria-hidden='false' data-av_icon='\uf232' data-av_iconfont='entypo-fontello' title='' data-avia-related-tooltip='Compartir en Whatsapp' rel=\"noopener\"><span class='avia_hidden_link_text'>Compartir en Whatsapp<\/span><\/a><\/li><li class='av-share-link av-social-link-linkedin' ><a target=\"_blank\" aria-label=\"Compartir en LinkedIn\" href='https:\/\/linkedin.com\/shareArticle?mini=true&#038;title=AgrupAys%C3%A9n%20y%20Gobierno%20Regional%20establecen%20agenda%20de%20trabajo%20conjunto%20para%20fortalecer%20el%20sector%20acu%C3%ADcola&#038;url=https:\/\/radiorevelacionfm.cl\/?p=50188' aria-hidden='false' data-av_icon='\ue8fc' data-av_iconfont='entypo-fontello' title='' data-avia-related-tooltip='Compartir en LinkedIn' rel=\"noopener\"><span class='avia_hidden_link_text'>Compartir en LinkedIn<\/span><\/a><\/li><li class='av-share-link av-social-link-mail' ><a  aria-label=\"Compartir por correo\" href='mailto:?subject=AgrupAys%C3%A9n%20y%20Gobierno%20Regional%20establecen%20agenda%20de%20trabajo%20conjunto%20para%20fortalecer%20el%20sector%20acu%C3%ADcola&#038;body=https:\/\/radiorevelacionfm.cl\/?p=50188' aria-hidden='false' data-av_icon='\ue805' data-av_iconfont='entypo-fontello' title='' data-avia-related-tooltip='Compartir por correo'><span class='avia_hidden_link_text'>Compartir por correo<\/span><\/a><\/li><\/ul><\/div><\/div>\n<div  style='height:50px' class='hr hr-invisible   avia-builder-el-8  el_after_av_social_share  el_before_av_comments_list '><span class='hr-inner ' ><span class='hr-inner-style'><\/span><\/span><\/div>\n<div  class='av-buildercomment  av-blog-meta-html-info-disabled av-blog-meta-tag-disabled  '><\/div>\n","protected":false},"excerpt":{"rendered":"","protected":false},"author":1,"featured_media":50189,"comment_status":"open","ping_status":"open","sticky":false,"template":"","format":"standard","meta":{"footnotes":""},"categories":[60],"tags":[],"class_list":["post-50188","post","type-post","status-publish","format-standard","has-post-thumbnail","hentry","category-pesca"],"jetpack_featured_media_url":"https:\/\/radiorevelacionfm.cl\/wp-content\/uploads\/2025\/01\/AGRUPAYSEN-034-1-1.jpg","_links":{"self":[{"href":"https:\/\/radiorevelacionfm.cl\/index.php?rest_route=\/wp\/v2\/posts\/50188","targetHints":{"allow":["GET"]}}],"collection":[{"href":"https:\/\/radiorevelacionfm.cl\/index.php?rest_route=\/wp\/v2\/posts"}],"about":[{"href":"https:\/\/radiorevelacionfm.cl\/index.php?rest_route=\/wp\/v2\/types\/post"}],"author":[{"embeddable":true,"href":"https:\/\/radiorevelacionfm.cl\/index.php?rest_route=\/wp\/v2\/users\/1"}],"replies":[{"embeddable":true,"href":"https:\/\/radiorevelacionfm.cl\/index.php?rest_route=%2Fwp%2Fv2%2Fcomments&post=50188"}],"version-history":[{"count":1,"href":"https:\/\/radiorevelacionfm.cl\/index.php?rest_route=\/wp\/v2\/posts\/50188\/revisions"}],"predecessor-version":[{"id":50190,"href":"https:\/\/radiorevelacionfm.cl\/index.php?rest_route=\/wp\/v2\/posts\/50188\/revisions\/50190"}],"wp:featuredmedia":[{"embeddable":true,"href":"https:\/\/radiorevelacionfm.cl\/index.php?rest_route=\/wp\/v2\/media\/50189"}],"wp:attachment":[{"href":"https:\/\/radiorevelacionfm.cl\/index.php?rest_route=%2Fwp%2Fv2%2Fmedia&parent=50188"}],"wp:term":[{"taxonomy":"category","embeddable":true,"href":"https:\/\/radiorevelacionfm.cl\/index.php?rest_route=%2Fwp%2Fv2%2Fcategories&post=50188"},{"taxonomy":"post_tag","embeddable":true,"href":"https:\/\/radiorevelacionfm.cl\/index.php?rest_route=%2Fwp%2Fv2%2Ftags&post=50188"}],"curies":[{"name":"wp","href":"https:\/\/api.w.org\/{rel}","templated":true}]}}