{"id":50185,"date":"2025-01-31T10:17:58","date_gmt":"2025-01-31T13:17:58","guid":{"rendered":"https:\/\/radiorevelacionfm.cl\/?p=50185"},"modified":"2025-01-31T10:17:58","modified_gmt":"2025-01-31T13:17:58","slug":"cochrane-fortalece-su-estrategia-de-seguridad-con-nuevas-medidas-y-coordinacion","status":"publish","type":"post","link":"https:\/\/radiorevelacionfm.cl\/?p=50185","title":{"rendered":"Cochrane fortalece su estrategia de seguridad con nuevas medidas y coordinaci\u00f3n"},"content":{"rendered":"<div class=\"flex_column av_one_full  flex_column_div av-zero-column-padding first  avia-builder-el-0  el_before_av_one_full  avia-builder-el-first  \" style='border-radius:0px; '><div  class='avia-image-container  av-styling-    avia-builder-el-1  avia-builder-el-no-sibling  avia-align-center '  itemprop=\"image\" itemscope=\"itemscope\" itemtype=\"https:\/\/schema.org\/ImageObject\"  ><div class='avia-image-container-inner'><div class='avia-image-overlay-wrap'><img decoding=\"async\" class='wp-image-50186 avia-img-lazy-loading-not-50186 avia_image' src=\"https:\/\/radiorevelacionfm.cl\/wp-content\/uploads\/2025\/01\/consejo-seguridad-cochrane-2-1_optimized.jpg\" alt='' title='consejo-seguridad-cochrane-(2)-(1)_optimized' height=\"600\" width=\"900\"  itemprop=\"thumbnailUrl\" srcset=\"https:\/\/radiorevelacionfm.cl\/wp-content\/uploads\/2025\/01\/consejo-seguridad-cochrane-2-1_optimized.jpg 900w, https:\/\/radiorevelacionfm.cl\/wp-content\/uploads\/2025\/01\/consejo-seguridad-cochrane-2-1_optimized-300x200.jpg 300w, https:\/\/radiorevelacionfm.cl\/wp-content\/uploads\/2025\/01\/consejo-seguridad-cochrane-2-1_optimized-768x512.jpg 768w, https:\/\/radiorevelacionfm.cl\/wp-content\/uploads\/2025\/01\/consejo-seguridad-cochrane-2-1_optimized-705x470.jpg 705w, https:\/\/radiorevelacionfm.cl\/wp-content\/uploads\/2025\/01\/consejo-seguridad-cochrane-2-1_optimized-450x300.jpg 450w, https:\/\/radiorevelacionfm.cl\/wp-content\/uploads\/2025\/01\/consejo-seguridad-cochrane-2-1_optimized-600x400.jpg 600w\" sizes=\"(max-width: 900px) 100vw, 900px\" \/><\/div><\/div><\/div><\/div><div class=\"flex_column av_one_full  flex_column_div av-zero-column-padding first  avia-builder-el-2  el_after_av_one_full  el_before_av_one_full  column-top-margin\" style='border-radius:0px; '><section class=\"av_textblock_section \"  itemscope=\"itemscope\" itemtype=\"https:\/\/schema.org\/BlogPosting\" itemprop=\"blogPost\" ><div class='avia_textblock  '   itemprop=\"text\" ><p style=\"text-align: center;\"><strong><span style=\"font-size: 18pt;\">Cochrane fortalece su estrategia de seguridad con nuevas medidas y coordinaci\u00f3n<\/span><\/strong><\/p>\n<div id=\"gtx-trans\" style=\"position: absolute; left: -50px; top: 4.31534px;\">\n<div class=\"gtx-trans-icon\"><\/div>\n<\/div>\n<\/div><\/section><\/div><div class=\"flex_column av_one_full  flex_column_div av-zero-column-padding first  avia-builder-el-4  el_after_av_one_full  el_before_av_hr  column-top-margin\" style='border-radius:0px; '><section class=\"av_textblock_section \"  itemscope=\"itemscope\" itemtype=\"https:\/\/schema.org\/BlogPosting\" itemprop=\"blogPost\" ><div class='avia_textblock  '   itemprop=\"text\" ><p style=\"text-align: justify;\">El Consejo Comunal de Seguridad P\u00fablica de Cochrane llev\u00f3 a cabo su primera sesi\u00f3n del a\u00f1o, centrada en abordar temas clave de seguridad y la planificaci\u00f3n de los pr\u00f3ximos eventos masivos en la comuna. Durante la reuni\u00f3n, se discutieron propuestas estrat\u00e9gicas y se presentaron avances destinados a fortalecer la coordinaci\u00f3n interinstitucional, con el objetivo de garantizar el bienestar y la tranquilidad de la comunidad.<\/p>\n<p style=\"text-align: justify;\">Uno de los temas principales fue la presentaci\u00f3n del programa de eventos masivos a cargo del secretario ejecutivo del Consejo, quien enfatiz\u00f3 la importancia de generar coordinaciones con instituciones locales, como Carabineros, la Seremi de Salud y la Delegaci\u00f3n Presidencial Provincial. El objetivo es garantizar las autorizaciones y una log\u00edstica eficiente antes y durante los eventos.<\/p>\n<p style=\"text-align: justify;\">Asimismo, se propuso modificar la ordenanza que regula el uso del fuego y las fuentes de calor en la comuna, con la intenci\u00f3n de otorgar mayores facultades de fiscalizaci\u00f3n a Carabineros y a CONAF. Esta iniciativa busca aumentar la seguridad en la comunidad y prevenir situaciones de riesgo.<\/p>\n<p style=\"text-align: justify;\">Por su parte, el <strong>Mayor de Carabineros Felipe Pizarro Campos, comisario de la Cuarta Comisar\u00eda de Cochrane, <\/strong>present\u00f3 las estad\u00edsticas delictuales correspondientes al a\u00f1o 2024. En su intervenci\u00f3n, destac\u00f3 que se desarrollaron 16.691 procedimientos policiales, lo que permiti\u00f3 analizar el estado actual de seguridad en la comuna y establecer acciones concretas para su fortalecimiento.<\/p>\n<p style=\"text-align: justify;\">Adem\u00e1s, durante la sesi\u00f3n se aplic\u00f3 la Encuesta de Percepci\u00f3n de Seguridad a los integrantes del Consejo, una herramienta clave para diagnosticar la situaci\u00f3n de seguridad desde la perspectiva de los actores locales. Esta actividad estuvo liderada por Ruth Vallejos Cuiti\u00f1o, Coordinadora Regional de Seguridad P\u00fablica.<\/p>\n<p style=\"text-align: justify;\">En este contexto, la <strong>Delegada Presidencial Provincial, Marta Montiel Alarc\u00f3n,<\/strong> coment\u00f3: \u00abAqu\u00ed tambi\u00e9n pudimos abordar la percepci\u00f3n respecto a delitos e incivilidades que, seg\u00fan los integrantes de este Consejo, debiesen ser relevantes a considerar en la proyecci\u00f3n del Plan Regional de Seguridad P\u00fablica. Con esta encuesta, logramos un diagn\u00f3stico que refleja nuestra realidad local y que se complementa con una encuesta de ruralidad, adaptada a las caracter\u00edsticas de la comuna de Cochrane y sus proyecciones.\u00bb<\/p>\n<p style=\"text-align: justify;\">El encuentro cont\u00f3 con la participaci\u00f3n de representantes de diversas instituciones, entre ellas SENDA, Delegaci\u00f3n Presidencial Provincial, Gendarmer\u00eda, SAG, Carabineros de Chile, Fiscal\u00eda Local, SENAME, y los concejales Johana Mu\u00f1oz y Gast\u00f3n Fuentes. <strong>La sesi\u00f3n fue presidida por el alcalde Patricio Ulloa Georgia<\/strong>, quien expres\u00f3 su compromiso con la seguridad de la comuna: \u00abEsta primera sesi\u00f3n del Consejo refleja nuestro compromiso de trabajar de manera conjunta con todas las instituciones que integran este importante organismo. La seguridad de nuestros vecinos, en todos los aspectos, es una prioridad. Hoy estamos tomando medidas concretas y planificadas, desde la organizaci\u00f3n de eventos masivos hasta la fiscalizaci\u00f3n del uso de fuentes de calor. Sabemos que solo con coordinaci\u00f3n, trabajo en equipo y esfuerzo continuo podremos mejorar la calidad de vida en nuestra comuna.\u201d<\/p>\n<p style=\"text-align: justify;\">La reuni\u00f3n marc\u00f3 un hito en los esfuerzos por fortalecer la seguridad en Cochrane, subrayando la importancia del trabajo colaborativo para enfrentar los desaf\u00edos y garantizar un entorno m\u00e1s seguro para todos sus habitantes.<\/p>\n<\/div><\/section><\/div><div  style='height:50px' class='hr hr-invisible   avia-builder-el-6  el_after_av_one_full  el_before_av_social_share '><span class='hr-inner ' ><span class='hr-inner-style'><\/span><\/span><\/div><\/p>\n<div  class='av-social-sharing-box  avia-builder-el-7  el_after_av_hr  el_before_av_hr  '><div class='av-share-box'><h5 class='av-share-link-description av-no-toc '>Compartir esta noticia<\/h5><ul class='av-share-box-list noLightbox'><li class='av-share-link av-social-link-facebook' ><a target=\"_blank\" aria-label=\"Compartir en Facebook\" href='https:\/\/www.facebook.com\/sharer.php?u=https:\/\/radiorevelacionfm.cl\/?p=50185&#038;t=Cochrane%20fortalece%20su%20estrategia%20de%20seguridad%20con%20nuevas%20medidas%20y%20coordinaci%C3%B3n' aria-hidden='false' data-av_icon='\ue8f3' data-av_iconfont='entypo-fontello' title='' data-avia-related-tooltip='Compartir en Facebook' rel=\"noopener\"><span class='avia_hidden_link_text'>Compartir en Facebook<\/span><\/a><\/li><li class='av-share-link av-social-link-twitter' ><a target=\"_blank\" aria-label=\"Compartir en Twitter\" href='https:\/\/twitter.com\/share?text=Cochrane%20fortalece%20su%20estrategia%20de%20seguridad%20con%20nuevas%20medidas%20y%20coordinaci%C3%B3n&#038;url=https:\/\/radiorevelacionfm.cl\/?p=50185' aria-hidden='false' data-av_icon='\ue8f1' data-av_iconfont='entypo-fontello' title='' data-avia-related-tooltip='Compartir en Twitter' rel=\"noopener\"><span class='avia_hidden_link_text'>Compartir en Twitter<\/span><\/a><\/li><li class='av-share-link av-social-link-whatsapp' ><a target=\"_blank\" aria-label=\"Compartir en Whatsapp\" href='https:\/\/api.whatsapp.com\/send?text=https:\/\/radiorevelacionfm.cl\/?p=50185' aria-hidden='false' data-av_icon='\uf232' data-av_iconfont='entypo-fontello' title='' data-avia-related-tooltip='Compartir en Whatsapp' rel=\"noopener\"><span class='avia_hidden_link_text'>Compartir en Whatsapp<\/span><\/a><\/li><li class='av-share-link av-social-link-linkedin' ><a target=\"_blank\" aria-label=\"Compartir en LinkedIn\" href='https:\/\/linkedin.com\/shareArticle?mini=true&#038;title=Cochrane%20fortalece%20su%20estrategia%20de%20seguridad%20con%20nuevas%20medidas%20y%20coordinaci%C3%B3n&#038;url=https:\/\/radiorevelacionfm.cl\/?p=50185' aria-hidden='false' data-av_icon='\ue8fc' data-av_iconfont='entypo-fontello' title='' data-avia-related-tooltip='Compartir en LinkedIn' rel=\"noopener\"><span class='avia_hidden_link_text'>Compartir en LinkedIn<\/span><\/a><\/li><li class='av-share-link av-social-link-mail' ><a  aria-label=\"Compartir por correo\" href='mailto:?subject=Cochrane%20fortalece%20su%20estrategia%20de%20seguridad%20con%20nuevas%20medidas%20y%20coordinaci%C3%B3n&#038;body=https:\/\/radiorevelacionfm.cl\/?p=50185' aria-hidden='false' data-av_icon='\ue805' data-av_iconfont='entypo-fontello' title='' data-avia-related-tooltip='Compartir por correo'><span class='avia_hidden_link_text'>Compartir por correo<\/span><\/a><\/li><\/ul><\/div><\/div>\n<div  style='height:50px' class='hr hr-invisible   avia-builder-el-8  el_after_av_social_share  el_before_av_comments_list '><span class='hr-inner ' ><span class='hr-inner-style'><\/span><\/span><\/div>\n<div  class='av-buildercomment  av-blog-meta-html-info-disabled av-blog-meta-tag-disabled  '><\/div>\n","protected":false},"excerpt":{"rendered":"","protected":false},"author":1,"featured_media":50186,"comment_status":"open","ping_status":"open","sticky":false,"template":"","format":"standard","meta":{"footnotes":""},"categories":[38],"tags":[],"class_list":["post-50185","post","type-post","status-publish","format-standard","has-post-thumbnail","hentry","category-regional"],"jetpack_featured_media_url":"https:\/\/radiorevelacionfm.cl\/wp-content\/uploads\/2025\/01\/consejo-seguridad-cochrane-2-1_optimized.jpg","_links":{"self":[{"href":"https:\/\/radiorevelacionfm.cl\/index.php?rest_route=\/wp\/v2\/posts\/50185","targetHints":{"allow":["GET"]}}],"collection":[{"href":"https:\/\/radiorevelacionfm.cl\/index.php?rest_route=\/wp\/v2\/posts"}],"about":[{"href":"https:\/\/radiorevelacionfm.cl\/index.php?rest_route=\/wp\/v2\/types\/post"}],"author":[{"embeddable":true,"href":"https:\/\/radiorevelacionfm.cl\/index.php?rest_route=\/wp\/v2\/users\/1"}],"replies":[{"embeddable":true,"href":"https:\/\/radiorevelacionfm.cl\/index.php?rest_route=%2Fwp%2Fv2%2Fcomments&post=50185"}],"version-history":[{"count":1,"href":"https:\/\/radiorevelacionfm.cl\/index.php?rest_route=\/wp\/v2\/posts\/50185\/revisions"}],"predecessor-version":[{"id":50187,"href":"https:\/\/radiorevelacionfm.cl\/index.php?rest_route=\/wp\/v2\/posts\/50185\/revisions\/50187"}],"wp:featuredmedia":[{"embeddable":true,"href":"https:\/\/radiorevelacionfm.cl\/index.php?rest_route=\/wp\/v2\/media\/50186"}],"wp:attachment":[{"href":"https:\/\/radiorevelacionfm.cl\/index.php?rest_route=%2Fwp%2Fv2%2Fmedia&parent=50185"}],"wp:term":[{"taxonomy":"category","embeddable":true,"href":"https:\/\/radiorevelacionfm.cl\/index.php?rest_route=%2Fwp%2Fv2%2Fcategories&post=50185"},{"taxonomy":"post_tag","embeddable":true,"href":"https:\/\/radiorevelacionfm.cl\/index.php?rest_route=%2Fwp%2Fv2%2Ftags&post=50185"}],"curies":[{"name":"wp","href":"https:\/\/api.w.org\/{rel}","templated":true}]}}