{"id":50174,"date":"2025-01-30T15:26:19","date_gmt":"2025-01-30T18:26:19","guid":{"rendered":"https:\/\/radiorevelacionfm.cl\/?p=50174"},"modified":"2025-01-30T15:26:19","modified_gmt":"2025-01-30T18:26:19","slug":"autoridades-regionales-destacan-trascendencia-de-reforma-previsional","status":"publish","type":"post","link":"https:\/\/radiorevelacionfm.cl\/?p=50174","title":{"rendered":"Autoridades regionales destacan trascendencia de Reforma Previsional"},"content":{"rendered":"<div class=\"flex_column av_one_full  flex_column_div av-zero-column-padding first  avia-builder-el-0  el_before_av_one_full  avia-builder-el-first  \" style='border-radius:0px; '><div  class='avia-image-container  av-styling-    avia-builder-el-1  avia-builder-el-no-sibling  avia-align-center '  itemprop=\"image\" itemscope=\"itemscope\" itemtype=\"https:\/\/schema.org\/ImageObject\"  ><div class='avia-image-container-inner'><div class='avia-image-overlay-wrap'><img decoding=\"async\" class='wp-image-50175 avia-img-lazy-loading-not-50175 avia_image' src=\"https:\/\/radiorevelacionfm.cl\/wp-content\/uploads\/2025\/01\/whatsapp-image-2025-01-30-at-2_optimized.38.23-pm-1.jpeg\" alt='' title='whatsapp-image-2025-01-30-at-2_optimized.38.23-pm-(1)' height=\"600\" width=\"997\"  itemprop=\"thumbnailUrl\" srcset=\"https:\/\/radiorevelacionfm.cl\/wp-content\/uploads\/2025\/01\/whatsapp-image-2025-01-30-at-2_optimized.38.23-pm-1.jpeg 997w, https:\/\/radiorevelacionfm.cl\/wp-content\/uploads\/2025\/01\/whatsapp-image-2025-01-30-at-2_optimized.38.23-pm-1-300x181.jpeg 300w, https:\/\/radiorevelacionfm.cl\/wp-content\/uploads\/2025\/01\/whatsapp-image-2025-01-30-at-2_optimized.38.23-pm-1-768x462.jpeg 768w, https:\/\/radiorevelacionfm.cl\/wp-content\/uploads\/2025\/01\/whatsapp-image-2025-01-30-at-2_optimized.38.23-pm-1-705x424.jpeg 705w, https:\/\/radiorevelacionfm.cl\/wp-content\/uploads\/2025\/01\/whatsapp-image-2025-01-30-at-2_optimized.38.23-pm-1-450x271.jpeg 450w, https:\/\/radiorevelacionfm.cl\/wp-content\/uploads\/2025\/01\/whatsapp-image-2025-01-30-at-2_optimized.38.23-pm-1-600x361.jpeg 600w\" sizes=\"(max-width: 997px) 100vw, 997px\" \/><\/div><\/div><\/div><\/div><div class=\"flex_column av_one_full  flex_column_div av-zero-column-padding first  avia-builder-el-2  el_after_av_one_full  el_before_av_one_full  column-top-margin\" style='border-radius:0px; '><section class=\"av_textblock_section \"  itemscope=\"itemscope\" itemtype=\"https:\/\/schema.org\/BlogPosting\" itemprop=\"blogPost\" ><div class='avia_textblock  '   itemprop=\"text\" ><p style=\"text-align: center;\"><span style=\"font-size: 18pt;\"><b>Autoridades regionales destacan trascendencia de Reforma Previsional<\/b><\/span><\/p>\n<div id=\"gtx-trans\" style=\"position: absolute; left: -50px; top: 4.31534px;\">\n<div class=\"gtx-trans-icon\"><\/div>\n<\/div>\n<\/div><\/section><\/div><div class=\"flex_column av_one_full  flex_column_div av-zero-column-padding first  avia-builder-el-4  el_after_av_one_full  el_before_av_hr  column-top-margin\" style='border-radius:0px; '><section class=\"av_textblock_section \"  itemscope=\"itemscope\" itemtype=\"https:\/\/schema.org\/BlogPosting\" itemprop=\"blogPost\" ><div class='avia_textblock  '   itemprop=\"text\" ><p style=\"font-weight: 400; text-align: justify;\"><em>Chile tendr\u00e1 por primera vez un sistema verdaderamente mixto, que combina tres pilares contributivos: la capitalizaci\u00f3n individual, el aporte del Estado y la creaci\u00f3n de un Seguro Social.<\/em><\/p>\n<p style=\"font-weight: 400; text-align: justify;\">\u201cDespu\u00e9s de diez a\u00f1os de discusi\u00f3n sin avances, el gobierno del Presidente Gabriel Boric ha logrado sacar adelante la reforma m\u00e1s importante al sistema de pensiones desde su creaci\u00f3n\u201d, destac\u00f3 este jueves el Delegado Presidencial Regional de Ays\u00e9n, Jorge D\u00edaz Guzm\u00e1n, junto a las seremis del Trabajo y Previsi\u00f3n Social, Camila Covarrubias, y de Gobierno, \u00darsula Mix.<\/p>\n<p style=\"font-weight: 400; text-align: justify;\">\u201cEste ha sido un proceso que lleva pr\u00e1cticamente tres gobiernos \u2013se\u00f1al\u00f3-, pero que felizmente a nosotros nos toc\u00f3 concretar esta aspiraci\u00f3n, no solamente de los sectores pol\u00edticos que la hemos impulsado, sino que tambi\u00e9n de los trabajadores y trabajadoras del pa\u00eds. Por lo tanto, haber logrado esta reforma estructural del sistema de previsi\u00f3n social que tenemos, es un cambio significativo, porque retornamos a un sistema de seguridad social, que es lo que impulsamos como gobierno. Desde ese punto de vista, haber llegado a un acuerdo con todas las fuerzas pol\u00edticas que est\u00e1n representadas en el Congreso, reinstala que para lograr grandes modificaciones que favorecen a todo el pa\u00eds, se requiere conversar\u201d.<\/p>\n<p style=\"font-weight: 400; text-align: justify;\">Por su parte, Camila Covarrubias agreg\u00f3 que \u201ceste acuerdo permite cumplir con el principal objetivo que ten\u00edamos como Gobierno respecto a la reforma de pensiones, que es aumentar las pensiones de los actuales y de los futuros pensionados y pensionadas; tambi\u00e9n, pasar de un sistema de cotizaci\u00f3n individual a un sistema mixto y, por lo tanto, profundizar la seguridad social en nuestro pa\u00eds, teniendo resultados concretos en el aumento de las pensiones de hombres y mujeres en la actualidad y en el futuro. En la regi\u00f3n, gracias a la reforma, vamos a tener alrededor de 10.200 beneficiarios y, principalmente, mujeres se van a ver beneficiadas por esta reforma en nuestra regi\u00f3n\u201d.<\/p>\n<p style=\"font-weight: 400; text-align: justify;\">Por su parte, la seremi \u00darsula Mix valor\u00f3 \u201cla generosidad de todos los sectores pol\u00edticos, que tuvieron altura de miras para mejorar las pensiones de los chilenos y chilenas. Esta reforma tiene mirada de mujer, tiene a las mujeres en el centro, para igualar la cancha que es tan relevante. Somos nosotras las que estamos al cuidado, las que tenemos m\u00e1s lagunas\u00a0 \u00a0y eso tambi\u00e9n afectaba nuestras pensiones a la hora de poder jubilarnos. Los acuerdos que logramos en el Parlamento son muy importantes y claramente van a mejorar la vida de los pensionados y pensionadas que hoy lo necesitan\u201d.<\/p>\n<p style=\"font-weight: 400; text-align: justify;\"><strong>Datos clave<\/strong><\/p>\n<p style=\"font-weight: 400; text-align: justify;\">La reforma establece por primera vez una cotizaci\u00f3n de cargo del empleador de 7%, con gradualidad a 9 a\u00f1os, corrigiendo as\u00ed una deuda hist\u00f3rica con los trabajadores.<\/p>\n<p style=\"font-weight: 400; text-align: justify;\">Al mismo tiempo establece un sistema mixto, que combina tres pilares contributivos: capitalizaci\u00f3n individual, aporte del Estado y creaci\u00f3n de un Seguro Social. Este \u00faltimo entregar\u00e1 beneficios como la compensaci\u00f3n a las mujeres por su mayor expectativa de vida y un beneficio por a\u00f1os cotizados, al que acceder\u00e1n las mujeres con al menos 10 a\u00f1os cotizados y, en el caso de los hombres, se beneficiar\u00e1n aquellos con un m\u00ednimo de 20 a\u00f1os cotizados. El tope tanto para hombres como mujeres es 25 a\u00f1os.<\/p>\n<p style=\"font-weight: 400; text-align: justify;\">Los actuales jubilados tendr\u00e1n beneficios concretos en poco tiempo: aumento de la Pensi\u00f3n Garantizada Universal a $250,000. Adem\u00e1s, se compensar\u00e1 a 800.000 mujeres por su mayor expectativa de vida; y se beneficiar\u00e1 por a\u00f1os cotizados a m\u00e1s de 900.000 personas.<\/p>\n<p style=\"font-weight: 400; text-align: justify;\">El aumento de PGU ser\u00e1 gradual. A los 6 meses de publicada la ley, recibir\u00e1n el beneficio quienes tengan 82 a\u00f1os o m\u00e1s. A los 18 meses, quienes tienen 75 a\u00f1os o m\u00e1s y a los 30 meses, quienes tienen 65 a\u00f1os o m\u00e1s.<\/p>\n<p style=\"font-weight: 400; text-align: justify;\">Tambi\u00e9n acceder\u00e1n a este beneficio con igual gradualidad los beneficiarios de leyes reparatorias Valech, Rettig y exonerados.<\/p>\n<\/div><\/section><\/div><div  style='height:50px' class='hr hr-invisible   avia-builder-el-6  el_after_av_one_full  el_before_av_social_share '><span class='hr-inner ' ><span class='hr-inner-style'><\/span><\/span><\/div><\/p>\n<div  class='av-social-sharing-box  avia-builder-el-7  el_after_av_hr  el_before_av_hr  '><div class='av-share-box'><h5 class='av-share-link-description av-no-toc '>Compartir esta noticia<\/h5><ul class='av-share-box-list noLightbox'><li class='av-share-link av-social-link-facebook' ><a target=\"_blank\" aria-label=\"Compartir en Facebook\" href='https:\/\/www.facebook.com\/sharer.php?u=https:\/\/radiorevelacionfm.cl\/?p=50174&#038;t=Autoridades%20regionales%20destacan%20trascendencia%20de%20Reforma%20Previsional' aria-hidden='false' data-av_icon='\ue8f3' data-av_iconfont='entypo-fontello' title='' data-avia-related-tooltip='Compartir en Facebook' rel=\"noopener\"><span class='avia_hidden_link_text'>Compartir en Facebook<\/span><\/a><\/li><li class='av-share-link av-social-link-twitter' ><a target=\"_blank\" aria-label=\"Compartir en Twitter\" href='https:\/\/twitter.com\/share?text=Autoridades%20regionales%20destacan%20trascendencia%20de%20Reforma%20Previsional&#038;url=https:\/\/radiorevelacionfm.cl\/?p=50174' aria-hidden='false' data-av_icon='\ue8f1' data-av_iconfont='entypo-fontello' title='' data-avia-related-tooltip='Compartir en Twitter' rel=\"noopener\"><span class='avia_hidden_link_text'>Compartir en Twitter<\/span><\/a><\/li><li class='av-share-link av-social-link-whatsapp' ><a target=\"_blank\" aria-label=\"Compartir en Whatsapp\" href='https:\/\/api.whatsapp.com\/send?text=https:\/\/radiorevelacionfm.cl\/?p=50174' aria-hidden='false' data-av_icon='\uf232' data-av_iconfont='entypo-fontello' title='' data-avia-related-tooltip='Compartir en Whatsapp' rel=\"noopener\"><span class='avia_hidden_link_text'>Compartir en Whatsapp<\/span><\/a><\/li><li class='av-share-link av-social-link-linkedin' ><a target=\"_blank\" aria-label=\"Compartir en LinkedIn\" href='https:\/\/linkedin.com\/shareArticle?mini=true&#038;title=Autoridades%20regionales%20destacan%20trascendencia%20de%20Reforma%20Previsional&#038;url=https:\/\/radiorevelacionfm.cl\/?p=50174' aria-hidden='false' data-av_icon='\ue8fc' data-av_iconfont='entypo-fontello' title='' data-avia-related-tooltip='Compartir en LinkedIn' rel=\"noopener\"><span class='avia_hidden_link_text'>Compartir en LinkedIn<\/span><\/a><\/li><li class='av-share-link av-social-link-mail' ><a  aria-label=\"Compartir por correo\" href='mailto:?subject=Autoridades%20regionales%20destacan%20trascendencia%20de%20Reforma%20Previsional&#038;body=https:\/\/radiorevelacionfm.cl\/?p=50174' aria-hidden='false' data-av_icon='\ue805' data-av_iconfont='entypo-fontello' title='' data-avia-related-tooltip='Compartir por correo'><span class='avia_hidden_link_text'>Compartir por correo<\/span><\/a><\/li><\/ul><\/div><\/div>\n<div  style='height:50px' class='hr hr-invisible   avia-builder-el-8  el_after_av_social_share  el_before_av_comments_list '><span class='hr-inner ' ><span class='hr-inner-style'><\/span><\/span><\/div>\n<div  class='av-buildercomment  av-blog-meta-html-info-disabled av-blog-meta-tag-disabled  '><\/div>\n","protected":false},"excerpt":{"rendered":"","protected":false},"author":1,"featured_media":50175,"comment_status":"open","ping_status":"open","sticky":false,"template":"","format":"standard","meta":{"footnotes":""},"categories":[38],"tags":[],"class_list":["post-50174","post","type-post","status-publish","format-standard","has-post-thumbnail","hentry","category-regional"],"jetpack_featured_media_url":"https:\/\/radiorevelacionfm.cl\/wp-content\/uploads\/2025\/01\/whatsapp-image-2025-01-30-at-2_optimized.38.23-pm-1.jpeg","_links":{"self":[{"href":"https:\/\/radiorevelacionfm.cl\/index.php?rest_route=\/wp\/v2\/posts\/50174","targetHints":{"allow":["GET"]}}],"collection":[{"href":"https:\/\/radiorevelacionfm.cl\/index.php?rest_route=\/wp\/v2\/posts"}],"about":[{"href":"https:\/\/radiorevelacionfm.cl\/index.php?rest_route=\/wp\/v2\/types\/post"}],"author":[{"embeddable":true,"href":"https:\/\/radiorevelacionfm.cl\/index.php?rest_route=\/wp\/v2\/users\/1"}],"replies":[{"embeddable":true,"href":"https:\/\/radiorevelacionfm.cl\/index.php?rest_route=%2Fwp%2Fv2%2Fcomments&post=50174"}],"version-history":[{"count":1,"href":"https:\/\/radiorevelacionfm.cl\/index.php?rest_route=\/wp\/v2\/posts\/50174\/revisions"}],"predecessor-version":[{"id":50176,"href":"https:\/\/radiorevelacionfm.cl\/index.php?rest_route=\/wp\/v2\/posts\/50174\/revisions\/50176"}],"wp:featuredmedia":[{"embeddable":true,"href":"https:\/\/radiorevelacionfm.cl\/index.php?rest_route=\/wp\/v2\/media\/50175"}],"wp:attachment":[{"href":"https:\/\/radiorevelacionfm.cl\/index.php?rest_route=%2Fwp%2Fv2%2Fmedia&parent=50174"}],"wp:term":[{"taxonomy":"category","embeddable":true,"href":"https:\/\/radiorevelacionfm.cl\/index.php?rest_route=%2Fwp%2Fv2%2Fcategories&post=50174"},{"taxonomy":"post_tag","embeddable":true,"href":"https:\/\/radiorevelacionfm.cl\/index.php?rest_route=%2Fwp%2Fv2%2Ftags&post=50174"}],"curies":[{"name":"wp","href":"https:\/\/api.w.org\/{rel}","templated":true}]}}