{"id":50169,"date":"2025-01-30T12:35:25","date_gmt":"2025-01-30T15:35:25","guid":{"rendered":"https:\/\/radiorevelacionfm.cl\/?p=50169"},"modified":"2025-01-30T12:35:25","modified_gmt":"2025-01-30T15:35:25","slug":"fondos-cultura-2025-entregan-mas-de-1-000-millones-de-pesos-para-57-proyectos-regionales","status":"publish","type":"post","link":"https:\/\/radiorevelacionfm.cl\/?p=50169","title":{"rendered":"Fondos Cultura 2025 entregan m\u00e1s de 1.000 millones de pesos para 57 proyectos regionales"},"content":{"rendered":"<div class=\"flex_column av_one_full  flex_column_div av-zero-column-padding first  avia-builder-el-0  el_before_av_one_full  avia-builder-el-first  \" style='border-radius:0px; '><div  class='avia-image-container  av-styling-    avia-builder-el-1  avia-builder-el-no-sibling  avia-align-center '  itemprop=\"image\" itemscope=\"itemscope\" itemtype=\"https:\/\/schema.org\/ImageObject\"  ><div class='avia-image-container-inner'><div class='avia-image-overlay-wrap'><img decoding=\"async\" class='wp-image-22863 avia-img-lazy-loading-not-22863 avia_image' src=\"https:\/\/radiorevelacionfm.cl\/wp-content\/uploads\/2022\/10\/Ministerio-de-las-Culturas-cre-1-1.jpg\" alt='' title='Ministerio de las Culturas cre (1) (1)' height=\"600\" width=\"900\"  itemprop=\"thumbnailUrl\" srcset=\"https:\/\/radiorevelacionfm.cl\/wp-content\/uploads\/2022\/10\/Ministerio-de-las-Culturas-cre-1-1.jpg 900w, https:\/\/radiorevelacionfm.cl\/wp-content\/uploads\/2022\/10\/Ministerio-de-las-Culturas-cre-1-1-300x200.jpg 300w, https:\/\/radiorevelacionfm.cl\/wp-content\/uploads\/2022\/10\/Ministerio-de-las-Culturas-cre-1-1-768x512.jpg 768w, https:\/\/radiorevelacionfm.cl\/wp-content\/uploads\/2022\/10\/Ministerio-de-las-Culturas-cre-1-1-705x470.jpg 705w, https:\/\/radiorevelacionfm.cl\/wp-content\/uploads\/2022\/10\/Ministerio-de-las-Culturas-cre-1-1-600x400.jpg 600w\" sizes=\"(max-width: 900px) 100vw, 900px\" \/><\/div><\/div><\/div><\/div><div class=\"flex_column av_one_full  flex_column_div av-zero-column-padding first  avia-builder-el-2  el_after_av_one_full  el_before_av_one_full  column-top-margin\" style='border-radius:0px; '><section class=\"av_textblock_section \"  itemscope=\"itemscope\" itemtype=\"https:\/\/schema.org\/BlogPosting\" itemprop=\"blogPost\" ><div class='avia_textblock  '   itemprop=\"text\" ><p style=\"text-align: center;\"><span style=\"font-size: 18pt;\"><strong>Fondos Cultura 2025 entregan m\u00e1s de 1.000 millones de pesos para 57 proyectos regionales<\/strong><\/span><\/p>\n<div id=\"gtx-trans\" style=\"position: absolute; left: -50px; top: 4.31534px;\">\n<div class=\"gtx-trans-icon\"><\/div>\n<\/div>\n<\/div><\/section><\/div><div class=\"flex_column av_one_full  flex_column_div av-zero-column-padding first  avia-builder-el-4  el_after_av_one_full  el_before_av_hr  column-top-margin\" style='border-radius:0px; '><section class=\"av_textblock_section \"  itemscope=\"itemscope\" itemtype=\"https:\/\/schema.org\/BlogPosting\" itemprop=\"blogPost\" ><div class='avia_textblock  '   itemprop=\"text\" ><p style=\"text-align: justify;\">Desde el Puerto Raul Mar\u00edn Balmaceda hasta Caleta Tortel se repartir\u00e1n los Fondos Cultura 2025 del Ministerio de las Culturas, las Artes y el Patrimonio en nuestra regi\u00f3n, tras el proceso concursable que acaba de culminar.<\/p>\n<p style=\"text-align: justify;\">Se trata de m\u00e1s de 1.007 millones de pesos, entre el Fondart Nacional, el Regional, y los fondos Audiovisual, de la M\u00fasica, de las Artes Esc\u00e9nicas, y del Libro y la Lectura.<\/p>\n<p style=\"text-align: justify;\">Son 57 proyectos que enriquecer\u00e1n los contenidos, la circulaci\u00f3n, la creaci\u00f3n, la formaci\u00f3n y el fomento en el territorio aysenino.<\/p>\n<p style=\"text-align: justify;\">El seremi de Culturas Ays\u00e9n, Felipe Quiroz, felicit\u00f3 las iniciativas que firmaran convenios para comenzar a trabajar el despliegue por 9 comunas, cuyos habitantes se ver\u00e1n beneficiados con contenidos, acciones culturales, exposiciones, y presentaciones art\u00edsticas durante el 2025: \u201cSon 57 ideas que nacieron, la gran mayor\u00eda, en las distintas comunas que componen la Regi\u00f3n de Ays\u00e9n. Son iniciativas que conversan con el territorio y que comprometen a las comunidades en un c\u00edrculo virtuoso de crear aprendiendo y de aprender creando. Estamos muy contentos como Gobierno de materializar un aumento presupuestario con justicia territorial\u201d.<\/p>\n<p style=\"text-align: justify;\">A nivel nacional los Fondos Cultura 2025 entregar\u00e1n m\u00e1s de $44 mil millones a 2.684 proyectos culturales y art\u00edsticos, con un crecimiento de un 21,2% en los recursos asignados respecto de 2024.<\/p>\n<p style=\"text-align: justify;\">Cyntia Ferrada dirige el equipo de \u201cPolillas, Escuela de artes y culturas urbanas\u201d, que por segunda vez se adjudica recursos que permitir\u00e1n su continuidad y expansi\u00f3n: \u201cPara este a\u00f1o sumamos a la localidad de Villa Ma\u00f1ihuales. Yo soy de Ma\u00f1ihuales y por eso conozco la necesidad de tener actividades culturales para ni\u00f1os, ni\u00f1as y j\u00f3venes en vacaciones de invierno. Entonces, decidimos formular este proyecto para formular los 5 d\u00edas en Puerto Ays\u00e9n en el Liceo Polit\u00e9cnico, igual que el a\u00f1o pasado, y 5 d\u00edas en el Liceo Ma\u00f1ihuales de Villa Ma\u00f1ihuales, donde vamos a estar con el equipo completo de talleristas, realizando actividades en las ma\u00f1anas y en las tardes y tambi\u00e9n ofreciendo los materiales y las colaciones para quienes quieran asistir a esta Escuelita de Artes\u201d.<\/p>\n<p style=\"text-align: justify;\">Francisca Miranda se adjudic\u00f3 -junto a su equipo- recursos del Fondo Audiovisual para producir una webserie de ficci\u00f3n: \u00abEl Encuentro sucede en Bah\u00eda Los \u00d1ires, un pueblo de la regi\u00f3n a orillas del Lago General Carrera. Somos un equipo peque\u00f1o conformado casi en su totalidad por mujeres y empezamos con el proyecto el a\u00f1o pasado. \u00a1Este a\u00f1o comenzamos con esta noticia! Al crear este proyecto ten\u00edamos claro que quer\u00edamos que no solo fuera sobre el terror, sino tambi\u00e9n dar luz a los lugares m\u00e1s alejados por culpa de la descentralizaci\u00f3n. Yo crec\u00ed ac\u00e1 y me fui a estudiar a Santiago, entonces me emociona la idea de traer un poco de la industria para ac\u00e1. La idea es mezclar el g\u00e9nero con experiencias locales y por eso es importante para nosotros contar con actores y actrices que pertenezcan a la regi\u00f3n. Ahora tenemos el casting abierto y estamos buscando colaboraciones. Queremos empezar a grabar en junio entre Murta, Coyhaique, Ib\u00e1\u00f1ez y Chile Chico\u201d.<\/p>\n<p style=\"text-align: justify;\">En el caso de Ays\u00e9n, si bien por la distribuci\u00f3n demogr\u00e1fica, la mitad de los proyectos se concentra en Coyhaique, 9 de ellos se ejecutar\u00e1n en la comuna de Ays\u00e9n, 5 en Chile Chico, 4 en Cisnes y 3 en Tortel.<\/p>\n<p style=\"text-align: justify;\">La Seremi de Culturas Ays\u00e9n inform\u00f3 que en el caso del Fondart Regional, el presupuesto aument\u00f3 un 12,3% y que los proyectos asociados a todos los Fondos Cultura generar\u00e1n 202 nuevos empleos en la regi\u00f3n. A nivel nacional ser\u00e1n casi 10.000.<\/p>\n<p style=\"text-align: justify;\">Finalmente, cabe destacar que las mujeres lideran los equipos de trabajo en Ays\u00e9n con un 64% del total de la empleabilidad generada.<\/p>\n<p style=\"text-align: justify;\">Puedes revisar los resultados de las 44 l\u00edneas en <a href=\"http:\/\/www.fondosdecultura.cl\/resultados\">www.fondosdecultura.cl\/resultados<\/a><\/p>\n<\/div><\/section><\/div><div  style='height:50px' class='hr hr-invisible   avia-builder-el-6  el_after_av_one_full  el_before_av_social_share '><span class='hr-inner ' ><span class='hr-inner-style'><\/span><\/span><\/div><\/p>\n<div  class='av-social-sharing-box  avia-builder-el-7  el_after_av_hr  el_before_av_hr  '><div class='av-share-box'><h5 class='av-share-link-description av-no-toc '>Compartir esta noticia<\/h5><ul class='av-share-box-list noLightbox'><li class='av-share-link av-social-link-facebook' ><a target=\"_blank\" aria-label=\"Compartir en Facebook\" href='https:\/\/www.facebook.com\/sharer.php?u=https:\/\/radiorevelacionfm.cl\/?p=50169&#038;t=Fondos%20Cultura%202025%20entregan%20m%C3%A1s%20de%201.000%20millones%20de%20pesos%20para%2057%20proyectos%20regionales' aria-hidden='false' data-av_icon='\ue8f3' data-av_iconfont='entypo-fontello' title='' data-avia-related-tooltip='Compartir en Facebook' rel=\"noopener\"><span class='avia_hidden_link_text'>Compartir en Facebook<\/span><\/a><\/li><li class='av-share-link av-social-link-twitter' ><a target=\"_blank\" aria-label=\"Compartir en Twitter\" href='https:\/\/twitter.com\/share?text=Fondos%20Cultura%202025%20entregan%20m%C3%A1s%20de%201.000%20millones%20de%20pesos%20para%2057%20proyectos%20regionales&#038;url=https:\/\/radiorevelacionfm.cl\/?p=50169' aria-hidden='false' data-av_icon='\ue8f1' data-av_iconfont='entypo-fontello' title='' data-avia-related-tooltip='Compartir en Twitter' rel=\"noopener\"><span class='avia_hidden_link_text'>Compartir en Twitter<\/span><\/a><\/li><li class='av-share-link av-social-link-whatsapp' ><a target=\"_blank\" aria-label=\"Compartir en Whatsapp\" href='https:\/\/api.whatsapp.com\/send?text=https:\/\/radiorevelacionfm.cl\/?p=50169' aria-hidden='false' data-av_icon='\uf232' data-av_iconfont='entypo-fontello' title='' data-avia-related-tooltip='Compartir en Whatsapp' rel=\"noopener\"><span class='avia_hidden_link_text'>Compartir en Whatsapp<\/span><\/a><\/li><li class='av-share-link av-social-link-linkedin' ><a target=\"_blank\" aria-label=\"Compartir en LinkedIn\" href='https:\/\/linkedin.com\/shareArticle?mini=true&#038;title=Fondos%20Cultura%202025%20entregan%20m%C3%A1s%20de%201.000%20millones%20de%20pesos%20para%2057%20proyectos%20regionales&#038;url=https:\/\/radiorevelacionfm.cl\/?p=50169' aria-hidden='false' data-av_icon='\ue8fc' data-av_iconfont='entypo-fontello' title='' data-avia-related-tooltip='Compartir en LinkedIn' rel=\"noopener\"><span class='avia_hidden_link_text'>Compartir en LinkedIn<\/span><\/a><\/li><li class='av-share-link av-social-link-mail' ><a  aria-label=\"Compartir por correo\" href='mailto:?subject=Fondos%20Cultura%202025%20entregan%20m%C3%A1s%20de%201.000%20millones%20de%20pesos%20para%2057%20proyectos%20regionales&#038;body=https:\/\/radiorevelacionfm.cl\/?p=50169' aria-hidden='false' data-av_icon='\ue805' data-av_iconfont='entypo-fontello' title='' data-avia-related-tooltip='Compartir por correo'><span class='avia_hidden_link_text'>Compartir por correo<\/span><\/a><\/li><\/ul><\/div><\/div>\n<div  style='height:50px' class='hr hr-invisible   avia-builder-el-8  el_after_av_social_share  el_before_av_comments_list '><span class='hr-inner ' ><span class='hr-inner-style'><\/span><\/span><\/div>\n<div  class='av-buildercomment  av-blog-meta-html-info-disabled av-blog-meta-tag-disabled  '><\/div>\n","protected":false},"excerpt":{"rendered":"","protected":false},"author":1,"featured_media":22863,"comment_status":"open","ping_status":"open","sticky":false,"template":"","format":"standard","meta":{"footnotes":""},"categories":[52],"tags":[],"class_list":["post-50169","post","type-post","status-publish","format-standard","has-post-thumbnail","hentry","category-cultura"],"jetpack_featured_media_url":"https:\/\/radiorevelacionfm.cl\/wp-content\/uploads\/2022\/10\/Ministerio-de-las-Culturas-cre-1-1.jpg","_links":{"self":[{"href":"https:\/\/radiorevelacionfm.cl\/index.php?rest_route=\/wp\/v2\/posts\/50169","targetHints":{"allow":["GET"]}}],"collection":[{"href":"https:\/\/radiorevelacionfm.cl\/index.php?rest_route=\/wp\/v2\/posts"}],"about":[{"href":"https:\/\/radiorevelacionfm.cl\/index.php?rest_route=\/wp\/v2\/types\/post"}],"author":[{"embeddable":true,"href":"https:\/\/radiorevelacionfm.cl\/index.php?rest_route=\/wp\/v2\/users\/1"}],"replies":[{"embeddable":true,"href":"https:\/\/radiorevelacionfm.cl\/index.php?rest_route=%2Fwp%2Fv2%2Fcomments&post=50169"}],"version-history":[{"count":1,"href":"https:\/\/radiorevelacionfm.cl\/index.php?rest_route=\/wp\/v2\/posts\/50169\/revisions"}],"predecessor-version":[{"id":50170,"href":"https:\/\/radiorevelacionfm.cl\/index.php?rest_route=\/wp\/v2\/posts\/50169\/revisions\/50170"}],"wp:featuredmedia":[{"embeddable":true,"href":"https:\/\/radiorevelacionfm.cl\/index.php?rest_route=\/wp\/v2\/media\/22863"}],"wp:attachment":[{"href":"https:\/\/radiorevelacionfm.cl\/index.php?rest_route=%2Fwp%2Fv2%2Fmedia&parent=50169"}],"wp:term":[{"taxonomy":"category","embeddable":true,"href":"https:\/\/radiorevelacionfm.cl\/index.php?rest_route=%2Fwp%2Fv2%2Fcategories&post=50169"},{"taxonomy":"post_tag","embeddable":true,"href":"https:\/\/radiorevelacionfm.cl\/index.php?rest_route=%2Fwp%2Fv2%2Ftags&post=50169"}],"curies":[{"name":"wp","href":"https:\/\/api.w.org\/{rel}","templated":true}]}}