{"id":50128,"date":"2025-01-29T11:21:21","date_gmt":"2025-01-29T14:21:21","guid":{"rendered":"https:\/\/radiorevelacionfm.cl\/?p=50128"},"modified":"2025-01-29T11:21:21","modified_gmt":"2025-01-29T14:21:21","slug":"con-gran-exito-culmino-el-primer-curso-de-buzo-mariscador-basico-en-la-localidad-de-puerto-gala","status":"publish","type":"post","link":"https:\/\/radiorevelacionfm.cl\/?p=50128","title":{"rendered":"Con gran \u00e9xito, culmin\u00f3 el primer curso de Buzo Mariscador B\u00e1sico en la localidad de Puerto Gala"},"content":{"rendered":"<div class=\"flex_column av_one_full  flex_column_div av-zero-column-padding first  avia-builder-el-0  el_before_av_one_full  avia-builder-el-first  \" style='border-radius:0px; '><div  class='avia-image-container  av-styling-    avia-builder-el-1  avia-builder-el-no-sibling  avia-align-center '  itemprop=\"image\" itemscope=\"itemscope\" itemtype=\"https:\/\/schema.org\/ImageObject\"  ><div class='avia-image-container-inner'><div class='avia-image-overlay-wrap'><img decoding=\"async\" class='wp-image-50129 avia-img-lazy-loading-not-50129 avia_image' src=\"https:\/\/radiorevelacionfm.cl\/wp-content\/uploads\/2025\/01\/Curso-buzo-mariscador-basico-1-1.jpg\" alt='' title='Curso buzo mariscador b\u00e1sico (1) (1)' height=\"600\" width=\"902\"  itemprop=\"thumbnailUrl\" srcset=\"https:\/\/radiorevelacionfm.cl\/wp-content\/uploads\/2025\/01\/Curso-buzo-mariscador-basico-1-1.jpg 902w, https:\/\/radiorevelacionfm.cl\/wp-content\/uploads\/2025\/01\/Curso-buzo-mariscador-basico-1-1-300x200.jpg 300w, https:\/\/radiorevelacionfm.cl\/wp-content\/uploads\/2025\/01\/Curso-buzo-mariscador-basico-1-1-768x511.jpg 768w, https:\/\/radiorevelacionfm.cl\/wp-content\/uploads\/2025\/01\/Curso-buzo-mariscador-basico-1-1-705x469.jpg 705w, https:\/\/radiorevelacionfm.cl\/wp-content\/uploads\/2025\/01\/Curso-buzo-mariscador-basico-1-1-450x299.jpg 450w, https:\/\/radiorevelacionfm.cl\/wp-content\/uploads\/2025\/01\/Curso-buzo-mariscador-basico-1-1-600x399.jpg 600w\" sizes=\"(max-width: 902px) 100vw, 902px\" \/><\/div><\/div><\/div><\/div><div class=\"flex_column av_one_full  flex_column_div av-zero-column-padding first  avia-builder-el-2  el_after_av_one_full  el_before_av_one_full  column-top-margin\" style='border-radius:0px; '><section class=\"av_textblock_section \"  itemscope=\"itemscope\" itemtype=\"https:\/\/schema.org\/BlogPosting\" itemprop=\"blogPost\" ><div class='avia_textblock  '   itemprop=\"text\" ><p style=\"text-align: center;\"><strong><span style=\"font-size: 18pt;\">Con gran \u00e9xito, culmin\u00f3 el primer curso de Buzo Mariscador B\u00e1sico en la localidad de Puerto Gala<\/span><\/strong><\/p>\n<div id=\"gtx-trans\" style=\"position: absolute; left: -50px; top: 4.31534px;\">\n<div class=\"gtx-trans-icon\"><\/div>\n<\/div>\n<\/div><\/section><\/div><div class=\"flex_column av_one_full  flex_column_div av-zero-column-padding first  avia-builder-el-4  el_after_av_one_full  el_before_av_hr  column-top-margin\" style='border-radius:0px; '><section class=\"av_textblock_section \"  itemscope=\"itemscope\" itemtype=\"https:\/\/schema.org\/BlogPosting\" itemprop=\"blogPost\" ><div class='avia_textblock  '   itemprop=\"text\" ><div>\n<p class=\"v1MsoNormal\" style=\"text-align: justify;\">Con gran \u00e9xito, culmin\u00f3 el d\u00eda de ayer, martes 28 de enero el primer Curso Gratuito de Buzo Mariscador B\u00e1sico en la localidad de Puerto Gala, comuna de Cisnes, que cont\u00f3 con la participaci\u00f3n de 10 vecinos y vecinas de la zona. Este curso, que combin\u00f3 clases pr\u00e1cticas y te\u00f3ricas, tuvo como principal objetivo fortalecer las competencias de los trabajadores del mar, proporcion\u00e1ndoles herramientas clave para desarrollarse en el sector del marisqueo y mejorar sus oportunidades laborales.<\/p>\n<p style=\"text-align: justify;\">La capacitaci\u00f3n fue ejecutada por la Ilustre Municipalidad de Cisnes y se llev\u00f3 a cabo a trav\u00e9s del Programa de Desarrollo Socio Productivo del Gobierno Regional de Ays\u00e9n, el cual ha sido clave para la realizaci\u00f3n de este curso. Este es solo el comienzo de una serie de acciones orientadas a mejorar la calidad de vida de los habitantes de la comuna de Cisnes, potenciando el desarrollo de nuevas habilidades y el fortalecimiento de las actividades productivas locales.<\/p>\n<p style=\"text-align: justify;\">Evelyn M\u00e9ndez, Coordinadora del Programa de Desarrollo Socio Productivo, destac\u00f3 la relevancia de la iniciativa: \u00abEstamos finalizando una tremenda iniciativa que duro 10 d\u00edas con 2 instructores de la escuela Kemerurdiving, donde el objetivo principal es fortalecer estos sectores productivos, generando m\u00e1s empleabilidad, fortaleciendo el emprendimiento y la innovaci\u00f3n, pero tambi\u00e9n utilizando los recursos que tenemos disponibles hoy en d\u00eda en la comuna\u00bb.<\/p>\n<p style=\"text-align: justify;\">Por su parte, Katherine Calqu\u00edn, Directora de la Oficina de Desarrollo Comunitario (DIDECO) de la Municipalidad de Cisnes, expres\u00f3: \u00abEstamos orgullosos de estar implementando este programa para el sector productivo, tambi\u00e9n queremos reiterar nuestro compromiso porque estos proyectos van a seguir implement\u00e1ndose a trav\u00e9s de toda la comuna\u00bb.<\/p>\n<p style=\"text-align: justify;\">El instructor del curso, Cesar Co\u00f1uecar, coment\u00f3 sobre la dedicaci\u00f3n de los participantes: \u00abAgradecer a los alumnos que estuvieron en este curso por la disposici\u00f3n, por toda el esfuerzo que hicieron para poder cumplir tambi\u00e9n con estas metas y propuestas que se han dado, entonces nada m\u00e1s que agradecer a la localidad de Puerto Gala y a la vez, estamos muy contentos de haber podido entregar todos los conocimientos para que puedan adquirir esta matr\u00edcula que les va abrir nuevas puertas para desarrollarse el d\u00eda de ma\u00f1ana\u00bb.<\/p>\n<p style=\"text-align: justify;\">Ailin Leyton, una de las alumnas del curso, comparti\u00f3 su experiencia: \u00abEstamos muy contentos por los resultados, fue duro. Fueron 10 d\u00edas intensos de puro trabajo, como dec\u00eda el profe reci\u00e9n, ni la lluvia ni el viento nos par\u00f3. Agradecidos de que hayamos podido lograr esta instancia, tomo harto empe\u00f1o de nuestros vecinos y vecinas, que estuvieron pidiendo al Municipio y a distintas entidades pero que finalmente, el municipio nos pudo entregar y es s\u00faper importante para nuestro bienestar econ\u00f3mico en una localidad tan aislada, tan litoral\u00bb.<\/p>\n<\/div>\n<div><\/div>\n<\/div><\/section><\/div><div  style='height:50px' class='hr hr-invisible   avia-builder-el-6  el_after_av_one_full  el_before_av_social_share '><span class='hr-inner ' ><span class='hr-inner-style'><\/span><\/span><\/div><\/p>\n<div  class='av-social-sharing-box  avia-builder-el-7  el_after_av_hr  el_before_av_hr  '><div class='av-share-box'><h5 class='av-share-link-description av-no-toc '>Compartir esta noticia<\/h5><ul class='av-share-box-list noLightbox'><li class='av-share-link av-social-link-facebook' ><a target=\"_blank\" aria-label=\"Compartir en Facebook\" href='https:\/\/www.facebook.com\/sharer.php?u=https:\/\/radiorevelacionfm.cl\/?p=50128&#038;t=Con%20gran%20%C3%A9xito%2C%20culmin%C3%B3%20el%20primer%20curso%20de%20Buzo%20Mariscador%20B%C3%A1sico%20en%20la%20localidad%20de%20Puerto%20Gala' aria-hidden='false' data-av_icon='\ue8f3' data-av_iconfont='entypo-fontello' title='' data-avia-related-tooltip='Compartir en Facebook' rel=\"noopener\"><span class='avia_hidden_link_text'>Compartir en Facebook<\/span><\/a><\/li><li class='av-share-link av-social-link-twitter' ><a target=\"_blank\" aria-label=\"Compartir en Twitter\" href='https:\/\/twitter.com\/share?text=Con%20gran%20%C3%A9xito%2C%20culmin%C3%B3%20el%20primer%20curso%20de%20Buzo%20Mariscador%20B%C3%A1sico%20en%20la%20localidad%20de%20Puerto%20Gala&#038;url=https:\/\/radiorevelacionfm.cl\/?p=50128' aria-hidden='false' data-av_icon='\ue8f1' data-av_iconfont='entypo-fontello' title='' data-avia-related-tooltip='Compartir en Twitter' rel=\"noopener\"><span class='avia_hidden_link_text'>Compartir en Twitter<\/span><\/a><\/li><li class='av-share-link av-social-link-whatsapp' ><a target=\"_blank\" aria-label=\"Compartir en Whatsapp\" href='https:\/\/api.whatsapp.com\/send?text=https:\/\/radiorevelacionfm.cl\/?p=50128' aria-hidden='false' data-av_icon='\uf232' data-av_iconfont='entypo-fontello' title='' data-avia-related-tooltip='Compartir en Whatsapp' rel=\"noopener\"><span class='avia_hidden_link_text'>Compartir en Whatsapp<\/span><\/a><\/li><li class='av-share-link av-social-link-linkedin' ><a target=\"_blank\" aria-label=\"Compartir en LinkedIn\" href='https:\/\/linkedin.com\/shareArticle?mini=true&#038;title=Con%20gran%20%C3%A9xito%2C%20culmin%C3%B3%20el%20primer%20curso%20de%20Buzo%20Mariscador%20B%C3%A1sico%20en%20la%20localidad%20de%20Puerto%20Gala&#038;url=https:\/\/radiorevelacionfm.cl\/?p=50128' aria-hidden='false' data-av_icon='\ue8fc' data-av_iconfont='entypo-fontello' title='' data-avia-related-tooltip='Compartir en LinkedIn' rel=\"noopener\"><span class='avia_hidden_link_text'>Compartir en LinkedIn<\/span><\/a><\/li><li class='av-share-link av-social-link-mail' ><a  aria-label=\"Compartir por correo\" href='mailto:?subject=Con%20gran%20%C3%A9xito%2C%20culmin%C3%B3%20el%20primer%20curso%20de%20Buzo%20Mariscador%20B%C3%A1sico%20en%20la%20localidad%20de%20Puerto%20Gala&#038;body=https:\/\/radiorevelacionfm.cl\/?p=50128' aria-hidden='false' data-av_icon='\ue805' data-av_iconfont='entypo-fontello' title='' data-avia-related-tooltip='Compartir por correo'><span class='avia_hidden_link_text'>Compartir por correo<\/span><\/a><\/li><\/ul><\/div><\/div>\n<div  style='height:50px' class='hr hr-invisible   avia-builder-el-8  el_after_av_social_share  el_before_av_comments_list '><span class='hr-inner ' ><span class='hr-inner-style'><\/span><\/span><\/div>\n<div  class='av-buildercomment  av-blog-meta-html-info-disabled av-blog-meta-tag-disabled  '><\/div>\n","protected":false},"excerpt":{"rendered":"","protected":false},"author":1,"featured_media":50129,"comment_status":"open","ping_status":"open","sticky":false,"template":"","format":"standard","meta":{"footnotes":""},"categories":[38],"tags":[],"class_list":["post-50128","post","type-post","status-publish","format-standard","has-post-thumbnail","hentry","category-regional"],"jetpack_featured_media_url":"https:\/\/radiorevelacionfm.cl\/wp-content\/uploads\/2025\/01\/Curso-buzo-mariscador-basico-1-1.jpg","_links":{"self":[{"href":"https:\/\/radiorevelacionfm.cl\/index.php?rest_route=\/wp\/v2\/posts\/50128","targetHints":{"allow":["GET"]}}],"collection":[{"href":"https:\/\/radiorevelacionfm.cl\/index.php?rest_route=\/wp\/v2\/posts"}],"about":[{"href":"https:\/\/radiorevelacionfm.cl\/index.php?rest_route=\/wp\/v2\/types\/post"}],"author":[{"embeddable":true,"href":"https:\/\/radiorevelacionfm.cl\/index.php?rest_route=\/wp\/v2\/users\/1"}],"replies":[{"embeddable":true,"href":"https:\/\/radiorevelacionfm.cl\/index.php?rest_route=%2Fwp%2Fv2%2Fcomments&post=50128"}],"version-history":[{"count":1,"href":"https:\/\/radiorevelacionfm.cl\/index.php?rest_route=\/wp\/v2\/posts\/50128\/revisions"}],"predecessor-version":[{"id":50130,"href":"https:\/\/radiorevelacionfm.cl\/index.php?rest_route=\/wp\/v2\/posts\/50128\/revisions\/50130"}],"wp:featuredmedia":[{"embeddable":true,"href":"https:\/\/radiorevelacionfm.cl\/index.php?rest_route=\/wp\/v2\/media\/50129"}],"wp:attachment":[{"href":"https:\/\/radiorevelacionfm.cl\/index.php?rest_route=%2Fwp%2Fv2%2Fmedia&parent=50128"}],"wp:term":[{"taxonomy":"category","embeddable":true,"href":"https:\/\/radiorevelacionfm.cl\/index.php?rest_route=%2Fwp%2Fv2%2Fcategories&post=50128"},{"taxonomy":"post_tag","embeddable":true,"href":"https:\/\/radiorevelacionfm.cl\/index.php?rest_route=%2Fwp%2Fv2%2Ftags&post=50128"}],"curies":[{"name":"wp","href":"https:\/\/api.w.org\/{rel}","templated":true}]}}