{"id":50121,"date":"2025-01-29T09:42:30","date_gmt":"2025-01-29T12:42:30","guid":{"rendered":"https:\/\/radiorevelacionfm.cl\/?p=50121"},"modified":"2025-01-29T09:42:30","modified_gmt":"2025-01-29T12:42:30","slug":"senadora-ordenes-sobre-reforma-previsional-el-resultado-es-que-las-pensiones-van-a-aumentar-y-es-lo-que-estan-esperando-los-chilenos-y-las-chilenas","status":"publish","type":"post","link":"https:\/\/radiorevelacionfm.cl\/?p=50121","title":{"rendered":"Senadora \u00d3rdenes sobre reforma previsional: \u201cEl resultado es que las pensiones van a aumentar y es lo que est\u00e1n esperando los chilenos y las chilenas\u201d"},"content":{"rendered":"<div class=\"flex_column av_one_full  flex_column_div av-zero-column-padding first  avia-builder-el-0  el_before_av_one_full  avia-builder-el-first  \" style='border-radius:0px; '><div  class='avia-image-container  av-styling-    avia-builder-el-1  avia-builder-el-no-sibling  avia-align-center '  itemprop=\"image\" itemscope=\"itemscope\" itemtype=\"https:\/\/schema.org\/ImageObject\"  ><div class='avia-image-container-inner'><div class='avia-image-overlay-wrap'><img decoding=\"async\" class='wp-image-50122 avia-img-lazy-loading-not-50122 avia_image' src=\"https:\/\/radiorevelacionfm.cl\/wp-content\/uploads\/2025\/01\/FOTO-13-1-1.jpeg\" alt='' title='FOTO (13) (1) (1)' height=\"600\" width=\"898\"  itemprop=\"thumbnailUrl\" srcset=\"https:\/\/radiorevelacionfm.cl\/wp-content\/uploads\/2025\/01\/FOTO-13-1-1.jpeg 898w, https:\/\/radiorevelacionfm.cl\/wp-content\/uploads\/2025\/01\/FOTO-13-1-1-300x200.jpeg 300w, https:\/\/radiorevelacionfm.cl\/wp-content\/uploads\/2025\/01\/FOTO-13-1-1-768x513.jpeg 768w, https:\/\/radiorevelacionfm.cl\/wp-content\/uploads\/2025\/01\/FOTO-13-1-1-705x471.jpeg 705w, https:\/\/radiorevelacionfm.cl\/wp-content\/uploads\/2025\/01\/FOTO-13-1-1-450x301.jpeg 450w, https:\/\/radiorevelacionfm.cl\/wp-content\/uploads\/2025\/01\/FOTO-13-1-1-600x401.jpeg 600w\" sizes=\"(max-width: 898px) 100vw, 898px\" \/><\/div><\/div><\/div><\/div><div class=\"flex_column av_one_full  flex_column_div av-zero-column-padding first  avia-builder-el-2  el_after_av_one_full  el_before_av_one_full  column-top-margin\" style='border-radius:0px; '><section class=\"av_textblock_section \"  itemscope=\"itemscope\" itemtype=\"https:\/\/schema.org\/BlogPosting\" itemprop=\"blogPost\" ><div class='avia_textblock  '   itemprop=\"text\" ><p style=\"text-align: center;\"><strong><span style=\"font-size: 18pt;\">Senadora \u00d3rdenes sobre reforma previsional: \u201cEl resultado es que las pensiones van a aumentar y es lo que est\u00e1n esperando los chilenos y las chilenas\u201d<\/span><\/strong><\/p>\n<div id=\"gtx-trans\" style=\"position: absolute; left: -50px; top: 4.31534px;\">\n<div class=\"gtx-trans-icon\"><\/div>\n<\/div>\n<\/div><\/section><\/div><div class=\"flex_column av_one_full  flex_column_div av-zero-column-padding first  avia-builder-el-4  el_after_av_one_full  el_before_av_hr  column-top-margin\" style='border-radius:0px; '><section class=\"av_textblock_section \"  itemscope=\"itemscope\" itemtype=\"https:\/\/schema.org\/BlogPosting\" itemprop=\"blogPost\" ><div class='avia_textblock  '   itemprop=\"text\" ><p style=\"text-align: justify;\">Tras un debate de diez horas, la Sala del Senado aprob\u00f3 la Reforma de Pensiones con una amplia mayor\u00eda de 40 votos a favor, versus siete en contra. La iniciativa dispone, entre otros puntos, el aumento de la cotizaci\u00f3n con cargo del empleador, el mejoramiento de la Pensi\u00f3n Garantizada Universal -PGU-, la cotizaci\u00f3n con rentabilidad protegida, el Fondo Generacional y el Seguro Social (de invalidez, de sobrevivencia y de expectativa de vida).<\/p>\n<p style=\"text-align: justify;\">En la marat\u00f3nica jornada, ya en la madrugada del martes 28 de enero, la senadora por la regi\u00f3n de Ays\u00e9n, Ximena \u00d3rdenes Neira, destac\u00f3 en su intervenci\u00f3n el trabajo realizado en 39 sesiones de la Comisi\u00f3n de Trabajo y Previsi\u00f3n Social, que revisaron a detalle el texto. \u201cVoy a votar a favor porque como legisladora creo que parte de nuestras tareas es garantizar mayor equidad de g\u00e9nero y a las mujeres. Hoy se recupera mucho espacio. Quiero felicitar el trabajo que realizaron ministros, legisladores y quienes estuvieron en estas 39 sesiones trabajando para dar garant\u00edas de que vamos a hacer un cambio. A mi juicio, vamos a avanzar en justicia previsional\u201d.<\/p>\n<p style=\"text-align: justify;\">La parlamentaria record\u00f3 que \u201chan pasado m\u00e1s de cuatro d\u00e9cadas desde que se promulg\u00f3 el Decreto Ley 3.500, que cre\u00f3 el actual sistema previsional en Chile\u201d, sosteniendo que \u201ccuando se crean las AFP, a mi juicio, lo que se vulnera o lo que se pulveriza es el principio de seguridad social, por eso es tan importante que hoy estemos discutiendo un proyecto de ley que crea un Sistema Mixto de pensiones en Chile\u201d.<\/p>\n<p style=\"text-align: justify;\">La representante aysenina record\u00f3 la promesa de las AFP, dando cuenta de que evidentemente esta no se cumpli\u00f3, a la vez que destac\u00f3 dos cambios importantes al sistema. \u201cEl primero ocurre el a\u00f1o 2008 en el primer gobierno de la presidenta Michelle Bachelet, cuando se promulga la Ley 20.255 que introdujo el Pilar Solidario, en complemento del Pilar Contributivo de Cuentas de Capitalizaci\u00f3n Individual\u201d<\/p>\n<p style=\"text-align: justify;\">\u201cLuego, el a\u00f1o 2022 se crea en este Congreso la Pensi\u00f3n Garantizada Universal, durante el segundo gobierno del presidente Sebasti\u00e1n Pi\u00f1era. Ahora, eso es hablar del pilar no contributivo, es hablar del aporte que hace el Fisco\u201d, se\u00f1al\u00f3, enfatizando que \u201clas pensiones en este pa\u00eds se han mejorado solo por el aporte que hace el fisco en esta materia y con un 10% no basta\u201d.<\/p>\n<p style=\"text-align: justify;\"><strong>Bancada transversal de senadoras por la Reforma Previsional<\/strong><\/p>\n<p style=\"text-align: justify;\">\u201cQuiero valorar el trabajo que hicieron las senadoras en este espacio, en el Senado, porque uno de los grandes avances de este proyecto es que se hace cargo de brechas hist\u00f3ricas, sobre todo con las mujeres que a mi juicio han tenido pr\u00e1cticamente 45 a\u00f1os de injusticia previsional\u201d, destac\u00f3 \u00d3rdenes, quien form\u00f3 parte de la bancada de senadoras que impulsaron una serie de iniciativas en torno al debate que se sosten\u00eda en la Comisi\u00f3n de Trabajo y Previsi\u00f3n Social del Senado.<\/p>\n<p style=\"text-align: justify;\">La idea de esta bancada era representar una brecha de g\u00e9nero evidente en las cifras de las actuales jubiladas. La senadora se\u00f1al\u00f3 que \u201caunque suene incre\u00edble, la pensi\u00f3n autofinanciada que pagan las AFP a las mujeres chilenas, no alcanza a ser el 10% de un salario m\u00ednimo. Estamos hablando de pensiones autofinanciadas menores a los 50 mil pesos. Un tercio de lo que reciben los hombres, pr\u00e1cticamente con iguales cotizaciones\u201d. La representante aysenina asegur\u00f3 que \u201cesto se corrige en este proyecto y yo creo que ese es uno de los grandes avances que vamos a poder mostrar durante la noche de hoy\u201d.<\/p>\n<p style=\"text-align: justify;\"><strong>\u201cEl todo o nada no result\u00f3\u201d<\/strong><\/p>\n<p style=\"text-align: justify;\">La parlamentaria valor\u00f3 el acuerdo destacando la actitud democr\u00e1tica del di\u00e1logo que lo posibilit\u00f3 y record\u00f3 la experiencia anterior en torno al debate previsional, instancia en la cual no se logr\u00f3 llegar a un acuerdo. \u201cYo creo que hay que sacar lecciones tambi\u00e9n. Cuando quer\u00edamos todo, nos quedamos en nada. Y hoy d\u00eda se ha construido un acuerdo a trav\u00e9s del di\u00e1logo que nos permite primero tener una arquitectura distinta. Para tener m\u00e1s pensiones hay que ahorrar m\u00e1s y el incremento de siete puntos a m\u00ed me parece que es importante para avanzar en esa l\u00ednea\u201d, se\u00f1al\u00f3 \u00d3rdenes.<\/p>\n<p style=\"text-align: justify;\">Del mismo modo, la parlamentaria reconoci\u00f3 que \u201crespecto a la industria, me hubiera gustado m\u00e1s cambios, pero tenemos que ser coherentes con los acuerdos y aqu\u00ed nadie renuncia a seguir avanzando\u201d, a la vez que destac\u00f3 los que calific\u00f3 como un avance hacia una mayor seguridad previsional. \u201cEl tema de la licitaci\u00f3n de <em>stock<\/em> me parece importante. Hay mayor transparencia tambi\u00e9n en c\u00f3mo act\u00faan las AFP en Chile. El Seguro Social nos permite recuperar lo que perdimos en los 80\u2019s. Crear un Sistema Mixto significa tambi\u00e9n tener una mayor seguridad social\u201d, relev\u00f3, entre otras modificaciones.<\/p>\n<p style=\"text-align: justify;\">\u201cEl resultado es que las pensiones van a aumentar y eso es lo que est\u00e1n esperando los chilenos y las chilenas. Me parece que si eso es producto de un acuerdo pol\u00edtico, habla bien de la democracia, habla bien del Senado, porque la verdad nos ha costado tomar acuerdos para transitar hacia un modelo mixto, como ya lo recomendaron las comisiones Marcel y Bravo\u201d, sostuvo la senadora por la regi\u00f3n de Ays\u00e9n.<\/p>\n<p style=\"text-align: justify;\">De este modo, luego de sendas sesiones tanto de la Comisi\u00f3n de Hacienda, como de la Comisi\u00f3n de Trabajo y Previsi\u00f3n Social, la Reforma fue visada por el Senado, quedando en condiciones de cumplir su tercer tr\u00e1mite, para que la iniciativa logre ser ley.<\/p>\n<\/div><\/section><\/div><div  style='height:50px' class='hr hr-invisible   avia-builder-el-6  el_after_av_one_full  el_before_av_social_share '><span class='hr-inner ' ><span class='hr-inner-style'><\/span><\/span><\/div><\/p>\n<div  class='av-social-sharing-box  avia-builder-el-7  el_after_av_hr  el_before_av_hr  '><div class='av-share-box'><h5 class='av-share-link-description av-no-toc '>Compartir esta noticia<\/h5><ul class='av-share-box-list noLightbox'><li class='av-share-link av-social-link-facebook' ><a target=\"_blank\" aria-label=\"Compartir en Facebook\" href='https:\/\/www.facebook.com\/sharer.php?u=https:\/\/radiorevelacionfm.cl\/?p=50121&#038;t=Senadora%20%C3%93rdenes%20sobre%20reforma%20previsional%3A%20%E2%80%9CEl%20resultado%20es%20que%20las%20pensiones%20van%20a%20aumentar%20y%20es%20lo%20que%20est%C3%A1n%20esperando%20los%20chilenos%20y%20las%20chilenas%E2%80%9D' aria-hidden='false' data-av_icon='\ue8f3' data-av_iconfont='entypo-fontello' title='' data-avia-related-tooltip='Compartir en Facebook' rel=\"noopener\"><span class='avia_hidden_link_text'>Compartir en Facebook<\/span><\/a><\/li><li class='av-share-link av-social-link-twitter' ><a target=\"_blank\" aria-label=\"Compartir en Twitter\" href='https:\/\/twitter.com\/share?text=Senadora%20%C3%93rdenes%20sobre%20reforma%20previsional%3A%20%E2%80%9CEl%20resultado%20es%20que%20las%20pensiones%20van%20a%20aumentar%20y%20es%20lo%20que%20est%C3%A1n%20esperando%20los%20chilenos%20y%20las%20chilenas%E2%80%9D&#038;url=https:\/\/radiorevelacionfm.cl\/?p=50121' aria-hidden='false' data-av_icon='\ue8f1' data-av_iconfont='entypo-fontello' title='' data-avia-related-tooltip='Compartir en Twitter' rel=\"noopener\"><span class='avia_hidden_link_text'>Compartir en Twitter<\/span><\/a><\/li><li class='av-share-link av-social-link-whatsapp' ><a target=\"_blank\" aria-label=\"Compartir en Whatsapp\" href='https:\/\/api.whatsapp.com\/send?text=https:\/\/radiorevelacionfm.cl\/?p=50121' aria-hidden='false' data-av_icon='\uf232' data-av_iconfont='entypo-fontello' title='' data-avia-related-tooltip='Compartir en Whatsapp' rel=\"noopener\"><span class='avia_hidden_link_text'>Compartir en Whatsapp<\/span><\/a><\/li><li class='av-share-link av-social-link-linkedin' ><a target=\"_blank\" aria-label=\"Compartir en LinkedIn\" href='https:\/\/linkedin.com\/shareArticle?mini=true&#038;title=Senadora%20%C3%93rdenes%20sobre%20reforma%20previsional%3A%20%E2%80%9CEl%20resultado%20es%20que%20las%20pensiones%20van%20a%20aumentar%20y%20es%20lo%20que%20est%C3%A1n%20esperando%20los%20chilenos%20y%20las%20chilenas%E2%80%9D&#038;url=https:\/\/radiorevelacionfm.cl\/?p=50121' aria-hidden='false' data-av_icon='\ue8fc' data-av_iconfont='entypo-fontello' title='' data-avia-related-tooltip='Compartir en LinkedIn' rel=\"noopener\"><span class='avia_hidden_link_text'>Compartir en LinkedIn<\/span><\/a><\/li><li class='av-share-link av-social-link-mail' ><a  aria-label=\"Compartir por correo\" href='mailto:?subject=Senadora%20%C3%93rdenes%20sobre%20reforma%20previsional%3A%20%E2%80%9CEl%20resultado%20es%20que%20las%20pensiones%20van%20a%20aumentar%20y%20es%20lo%20que%20est%C3%A1n%20esperando%20los%20chilenos%20y%20las%20chilenas%E2%80%9D&#038;body=https:\/\/radiorevelacionfm.cl\/?p=50121' aria-hidden='false' data-av_icon='\ue805' data-av_iconfont='entypo-fontello' title='' data-avia-related-tooltip='Compartir por correo'><span class='avia_hidden_link_text'>Compartir por correo<\/span><\/a><\/li><\/ul><\/div><\/div>\n<div  style='height:50px' class='hr hr-invisible   avia-builder-el-8  el_after_av_social_share  el_before_av_comments_list '><span class='hr-inner ' ><span class='hr-inner-style'><\/span><\/span><\/div>\n<div  class='av-buildercomment  av-blog-meta-html-info-disabled av-blog-meta-tag-disabled  '><\/div>\n","protected":false},"excerpt":{"rendered":"","protected":false},"author":1,"featured_media":50122,"comment_status":"open","ping_status":"open","sticky":false,"template":"","format":"standard","meta":{"footnotes":""},"categories":[35],"tags":[],"class_list":["post-50121","post","type-post","status-publish","format-standard","has-post-thumbnail","hentry","category-politica"],"jetpack_featured_media_url":"https:\/\/radiorevelacionfm.cl\/wp-content\/uploads\/2025\/01\/FOTO-13-1-1.jpeg","_links":{"self":[{"href":"https:\/\/radiorevelacionfm.cl\/index.php?rest_route=\/wp\/v2\/posts\/50121","targetHints":{"allow":["GET"]}}],"collection":[{"href":"https:\/\/radiorevelacionfm.cl\/index.php?rest_route=\/wp\/v2\/posts"}],"about":[{"href":"https:\/\/radiorevelacionfm.cl\/index.php?rest_route=\/wp\/v2\/types\/post"}],"author":[{"embeddable":true,"href":"https:\/\/radiorevelacionfm.cl\/index.php?rest_route=\/wp\/v2\/users\/1"}],"replies":[{"embeddable":true,"href":"https:\/\/radiorevelacionfm.cl\/index.php?rest_route=%2Fwp%2Fv2%2Fcomments&post=50121"}],"version-history":[{"count":1,"href":"https:\/\/radiorevelacionfm.cl\/index.php?rest_route=\/wp\/v2\/posts\/50121\/revisions"}],"predecessor-version":[{"id":50123,"href":"https:\/\/radiorevelacionfm.cl\/index.php?rest_route=\/wp\/v2\/posts\/50121\/revisions\/50123"}],"wp:featuredmedia":[{"embeddable":true,"href":"https:\/\/radiorevelacionfm.cl\/index.php?rest_route=\/wp\/v2\/media\/50122"}],"wp:attachment":[{"href":"https:\/\/radiorevelacionfm.cl\/index.php?rest_route=%2Fwp%2Fv2%2Fmedia&parent=50121"}],"wp:term":[{"taxonomy":"category","embeddable":true,"href":"https:\/\/radiorevelacionfm.cl\/index.php?rest_route=%2Fwp%2Fv2%2Fcategories&post=50121"},{"taxonomy":"post_tag","embeddable":true,"href":"https:\/\/radiorevelacionfm.cl\/index.php?rest_route=%2Fwp%2Fv2%2Ftags&post=50121"}],"curies":[{"name":"wp","href":"https:\/\/api.w.org\/{rel}","templated":true}]}}