{"id":50114,"date":"2025-01-29T18:13:01","date_gmt":"2025-01-29T21:13:01","guid":{"rendered":"https:\/\/radiorevelacionfm.cl\/?p=50114"},"modified":"2025-01-29T18:13:01","modified_gmt":"2025-01-29T21:13:01","slug":"sandoval-y-reforma-de-pensiones-solo-saliendo-de-las-trincheras-podemos-arribar-a-acuerdos","status":"publish","type":"post","link":"https:\/\/radiorevelacionfm.cl\/?p=50114","title":{"rendered":"Sandoval y Reforma de Pensiones: S\u00f3lo saliendo de las trincheras podemos arribar a acuerdos\u201d"},"content":{"rendered":"<div class=\"flex_column av_one_full  flex_column_div av-zero-column-padding first  avia-builder-el-0  el_before_av_one_full  avia-builder-el-first  \" style='border-radius:0px; '><div  class='avia-image-container  av-styling-    avia-builder-el-1  avia-builder-el-no-sibling  avia-align-center '  itemprop=\"image\" itemscope=\"itemscope\" itemtype=\"https:\/\/schema.org\/ImageObject\"  ><div class='avia-image-container-inner'><div class='avia-image-overlay-wrap'><img decoding=\"async\" class='wp-image-37668 avia-img-lazy-loading-not-37668 avia_image' src=\"https:\/\/radiorevelacionfm.cl\/wp-content\/uploads\/2023\/12\/senador-sandoval-9-1-2.jpg\" alt='' title='senador sandoval (9) (1) (2)' height=\"600\" width=\"900\"  itemprop=\"thumbnailUrl\" srcset=\"https:\/\/radiorevelacionfm.cl\/wp-content\/uploads\/2023\/12\/senador-sandoval-9-1-2.jpg 900w, https:\/\/radiorevelacionfm.cl\/wp-content\/uploads\/2023\/12\/senador-sandoval-9-1-2-300x200.jpg 300w, https:\/\/radiorevelacionfm.cl\/wp-content\/uploads\/2023\/12\/senador-sandoval-9-1-2-768x512.jpg 768w, https:\/\/radiorevelacionfm.cl\/wp-content\/uploads\/2023\/12\/senador-sandoval-9-1-2-705x470.jpg 705w, https:\/\/radiorevelacionfm.cl\/wp-content\/uploads\/2023\/12\/senador-sandoval-9-1-2-450x300.jpg 450w, https:\/\/radiorevelacionfm.cl\/wp-content\/uploads\/2023\/12\/senador-sandoval-9-1-2-600x400.jpg 600w\" sizes=\"(max-width: 900px) 100vw, 900px\" \/><\/div><\/div><\/div><\/div><div class=\"flex_column av_one_full  flex_column_div av-zero-column-padding first  avia-builder-el-2  el_after_av_one_full  el_before_av_one_full  column-top-margin\" style='border-radius:0px; '><section class=\"av_textblock_section \"  itemscope=\"itemscope\" itemtype=\"https:\/\/schema.org\/BlogPosting\" itemprop=\"blogPost\" ><div class='avia_textblock  '   itemprop=\"text\" ><p style=\"text-align: center;\"><strong><span style=\"font-size: 18pt;\">Sandoval y Reforma de Pensiones: S\u00f3lo saliendo de las trincheras podemos arribar a acuerdos\u201d<\/span><\/strong><\/p>\n<div id=\"gtx-trans\" style=\"position: absolute; left: -50px; top: 4.31534px;\">\n<div class=\"gtx-trans-icon\"><\/div>\n<\/div>\n<\/div><\/section><\/div><div class=\"flex_column av_one_full  flex_column_div av-zero-column-padding first  avia-builder-el-4  el_after_av_one_full  el_before_av_hr  column-top-margin\" style='border-radius:0px; '><section class=\"av_textblock_section \"  itemscope=\"itemscope\" itemtype=\"https:\/\/schema.org\/BlogPosting\" itemprop=\"blogPost\" ><div class='avia_textblock  '   itemprop=\"text\" ><p style=\"text-align: justify;\"><em>Parlamentario destac\u00f3 aprobaci\u00f3n de la iniciativa en el Senado, la cual ahora debe ser analizada, este mi\u00e9rcoles, por la C\u00e1mara de Diputados y Diputadas.<\/em><\/p>\n<p style=\"text-align: justify;\">\u201cS\u00f3lo saliendo de las trincheras podemos arribar a acuerdos\u201d. As\u00ed lo afirm\u00f3 el senador David Sandoval, luego de que este lunes, la sala del Senado, aprobara la reforma del sistema de pensiones, iniciativa que este mi\u00e9rcoles analizar\u00e1 la C\u00e1mara de Diputados y Diputadas.<\/p>\n<p style=\"text-align: justify;\">En ese sentido, el parlamentario dijo que \u201choy estamos frente a una situaci\u00f3n trascendente para toda nuestra ciudadan\u00eda, para todo nuestro pa\u00eds\u201d, recordando que en el caso de la regi\u00f3n de Ays\u00e9n hay m\u00e1s de 13 mil personas que reciben la Pensi\u00f3n Garantizada Universal (PGU), entre otros beneficios. \u201cEn ellos tenemos que pensar y ver c\u00f3mo mejorar sus condiciones calidad de vida\u201d, indic\u00f3.<\/p>\n<p style=\"text-align: justify;\">Durante el debate, record\u00f3 que, en el sistema actual, el 80% de los cotizantes del sistema tiene menos de 20 millones de pesos de ahorro, por lo que, si hoy jubilaran, sin ning\u00fan otro mecanismo complementario \u201ctendr\u00eda una pensi\u00f3n de apenas cien mil pesos\u201d, mientras que quienes tienen m\u00e1s de $100 millones de ahorro, son alrededor de 178 mil personas, es decir, el 1,5% de todos los cotizantes. \u201cY qu\u00e9 jubilaci\u00f3n tienen acceso, alrededor de 500 mil pesos\u201d, indic\u00f3.<\/p>\n<p style=\"text-align: justify;\">\u201cEstas cifras nos ayudan a entender la urgencia y la necesidad de entender que este cambio y esta reforma es absolutamente fundamental y esencial para darle al pa\u00eds cambios en este sentido\u201d, agreg\u00f3.<\/p>\n<p style=\"text-align: justify;\">Otros datos que entreg\u00f3 para fundamentar su aprobaci\u00f3n a la reforma, son que el 85% de las pensiones pagadas por las AFP y las Compa\u00f1\u00edas de Seguro son menores al salario m\u00ednimo, el 85%. \u201cSi le agregamos con los subsidios del Estado, esta proporci\u00f3n baja apenas a 70%\u201d, precis\u00f3, mientras que el 10% de los cotizantes alcanz\u00f3 una pensi\u00f3n superior a 800 mil pesos y solo el 5% alcanz\u00f3 m\u00e1s de un mill\u00f3n de pesos. \u201c\u00bfQu\u00e9 dicen otros estudios? 476.000 personas tienen pensiones recibidas del sistema no contributivo, es decir, son personas que nunca pudieron cotizar\u201d.<\/p>\n<p style=\"text-align: justify;\">Y, una cifra m\u00e1s preocupante a\u00fan, es que 326.000 personas tienen sus ahorros previsionales absolutamente agotados, se\u00f1al\u00f3. \u201cEstas personas solamente dependen del cambio en su condici\u00f3n de ingresos para la vejez sola y exclusivamente con un cambio en la reforma que se est\u00e1 planteando\u201d.<\/p>\n<p style=\"text-align: justify;\">En esa l\u00ednea, el parlamentario record\u00f3 que durante la discusi\u00f3n present\u00f3 indicaciones que abordaban temas como el monotributo o la educaci\u00f3n previsional.\u00a0 \u201cLa persona que jubila y que sale de la empresa pr\u00e1cticamente queda sometida a la indefensi\u00f3n absoluta frente al mercado. \u00bfQu\u00e9 opci\u00f3n de jubilaci\u00f3n tomar? Retiro programado, renta vitalicia. Creemos que la educaci\u00f3n previsional constituye un aspecto esencial y espero, como lo anunci\u00f3 el Gobierno en la tramitaci\u00f3n de este proyecto, genere precisamente cambios en esta direcci\u00f3n\u201d, explic\u00f3, valorando de paso el aumento que experimentar\u00e1 la PGU.<\/p>\n<p style=\"text-align: justify;\">Con todo, Sandoval recalc\u00f3 que el debate \u201cse ha planteado fundamentalmente en la gente m\u00e1s vulnerable que efectivamente necesita un mecanismo alternativo y este mecanismo alternativo es una soluci\u00f3n espec\u00edfica concreta para quienes no han logrado capitalizar o ahorrar sustantivamente\u201d.<\/p>\n<\/div><\/section><\/div><div  style='height:50px' class='hr hr-invisible   avia-builder-el-6  el_after_av_one_full  el_before_av_social_share '><span class='hr-inner ' ><span class='hr-inner-style'><\/span><\/span><\/div><\/p>\n<div  class='av-social-sharing-box  avia-builder-el-7  el_after_av_hr  el_before_av_hr  '><div class='av-share-box'><h5 class='av-share-link-description av-no-toc '>Compartir esta noticia<\/h5><ul class='av-share-box-list noLightbox'><li class='av-share-link av-social-link-facebook' ><a target=\"_blank\" aria-label=\"Compartir en Facebook\" href='https:\/\/www.facebook.com\/sharer.php?u=https:\/\/radiorevelacionfm.cl\/?p=50114&#038;t=Sandoval%20y%20Reforma%20de%20Pensiones%3A%20S%C3%B3lo%20saliendo%20de%20las%20trincheras%20podemos%20arribar%20a%20acuerdos%E2%80%9D' aria-hidden='false' data-av_icon='\ue8f3' data-av_iconfont='entypo-fontello' title='' data-avia-related-tooltip='Compartir en Facebook' rel=\"noopener\"><span class='avia_hidden_link_text'>Compartir en Facebook<\/span><\/a><\/li><li class='av-share-link av-social-link-twitter' ><a target=\"_blank\" aria-label=\"Compartir en Twitter\" href='https:\/\/twitter.com\/share?text=Sandoval%20y%20Reforma%20de%20Pensiones%3A%20S%C3%B3lo%20saliendo%20de%20las%20trincheras%20podemos%20arribar%20a%20acuerdos%E2%80%9D&#038;url=https:\/\/radiorevelacionfm.cl\/?p=50114' aria-hidden='false' data-av_icon='\ue8f1' data-av_iconfont='entypo-fontello' title='' data-avia-related-tooltip='Compartir en Twitter' rel=\"noopener\"><span class='avia_hidden_link_text'>Compartir en Twitter<\/span><\/a><\/li><li class='av-share-link av-social-link-whatsapp' ><a target=\"_blank\" aria-label=\"Compartir en Whatsapp\" href='https:\/\/api.whatsapp.com\/send?text=https:\/\/radiorevelacionfm.cl\/?p=50114' aria-hidden='false' data-av_icon='\uf232' data-av_iconfont='entypo-fontello' title='' data-avia-related-tooltip='Compartir en Whatsapp' rel=\"noopener\"><span class='avia_hidden_link_text'>Compartir en Whatsapp<\/span><\/a><\/li><li class='av-share-link av-social-link-linkedin' ><a target=\"_blank\" aria-label=\"Compartir en LinkedIn\" href='https:\/\/linkedin.com\/shareArticle?mini=true&#038;title=Sandoval%20y%20Reforma%20de%20Pensiones%3A%20S%C3%B3lo%20saliendo%20de%20las%20trincheras%20podemos%20arribar%20a%20acuerdos%E2%80%9D&#038;url=https:\/\/radiorevelacionfm.cl\/?p=50114' aria-hidden='false' data-av_icon='\ue8fc' data-av_iconfont='entypo-fontello' title='' data-avia-related-tooltip='Compartir en LinkedIn' rel=\"noopener\"><span class='avia_hidden_link_text'>Compartir en LinkedIn<\/span><\/a><\/li><li class='av-share-link av-social-link-mail' ><a  aria-label=\"Compartir por correo\" href='mailto:?subject=Sandoval%20y%20Reforma%20de%20Pensiones%3A%20S%C3%B3lo%20saliendo%20de%20las%20trincheras%20podemos%20arribar%20a%20acuerdos%E2%80%9D&#038;body=https:\/\/radiorevelacionfm.cl\/?p=50114' aria-hidden='false' data-av_icon='\ue805' data-av_iconfont='entypo-fontello' title='' data-avia-related-tooltip='Compartir por correo'><span class='avia_hidden_link_text'>Compartir por correo<\/span><\/a><\/li><\/ul><\/div><\/div>\n<div  style='height:50px' class='hr hr-invisible   avia-builder-el-8  el_after_av_social_share  el_before_av_comments_list '><span class='hr-inner ' ><span class='hr-inner-style'><\/span><\/span><\/div>\n<div  class='av-buildercomment  av-blog-meta-html-info-disabled av-blog-meta-tag-disabled  '><\/div>\n","protected":false},"excerpt":{"rendered":"","protected":false},"author":1,"featured_media":37668,"comment_status":"open","ping_status":"open","sticky":false,"template":"","format":"standard","meta":{"footnotes":""},"categories":[35],"tags":[],"class_list":["post-50114","post","type-post","status-publish","format-standard","has-post-thumbnail","hentry","category-politica"],"jetpack_featured_media_url":"https:\/\/radiorevelacionfm.cl\/wp-content\/uploads\/2023\/12\/senador-sandoval-9-1-2.jpg","_links":{"self":[{"href":"https:\/\/radiorevelacionfm.cl\/index.php?rest_route=\/wp\/v2\/posts\/50114","targetHints":{"allow":["GET"]}}],"collection":[{"href":"https:\/\/radiorevelacionfm.cl\/index.php?rest_route=\/wp\/v2\/posts"}],"about":[{"href":"https:\/\/radiorevelacionfm.cl\/index.php?rest_route=\/wp\/v2\/types\/post"}],"author":[{"embeddable":true,"href":"https:\/\/radiorevelacionfm.cl\/index.php?rest_route=\/wp\/v2\/users\/1"}],"replies":[{"embeddable":true,"href":"https:\/\/radiorevelacionfm.cl\/index.php?rest_route=%2Fwp%2Fv2%2Fcomments&post=50114"}],"version-history":[{"count":1,"href":"https:\/\/radiorevelacionfm.cl\/index.php?rest_route=\/wp\/v2\/posts\/50114\/revisions"}],"predecessor-version":[{"id":50115,"href":"https:\/\/radiorevelacionfm.cl\/index.php?rest_route=\/wp\/v2\/posts\/50114\/revisions\/50115"}],"wp:featuredmedia":[{"embeddable":true,"href":"https:\/\/radiorevelacionfm.cl\/index.php?rest_route=\/wp\/v2\/media\/37668"}],"wp:attachment":[{"href":"https:\/\/radiorevelacionfm.cl\/index.php?rest_route=%2Fwp%2Fv2%2Fmedia&parent=50114"}],"wp:term":[{"taxonomy":"category","embeddable":true,"href":"https:\/\/radiorevelacionfm.cl\/index.php?rest_route=%2Fwp%2Fv2%2Fcategories&post=50114"},{"taxonomy":"post_tag","embeddable":true,"href":"https:\/\/radiorevelacionfm.cl\/index.php?rest_route=%2Fwp%2Fv2%2Ftags&post=50114"}],"curies":[{"name":"wp","href":"https:\/\/api.w.org\/{rel}","templated":true}]}}