{"id":50111,"date":"2025-01-28T21:40:18","date_gmt":"2025-01-29T00:40:18","guid":{"rendered":"https:\/\/radiorevelacionfm.cl\/?p=50111"},"modified":"2025-01-28T21:40:18","modified_gmt":"2025-01-29T00:40:18","slug":"coyhaique-contara-con-su-primer-centro-comunitario-de-cuidados","status":"publish","type":"post","link":"https:\/\/radiorevelacionfm.cl\/?p=50111","title":{"rendered":"Coyhaique contar\u00e1 con su primer Centro Comunitario de Cuidados"},"content":{"rendered":"<div class=\"flex_column av_one_full  flex_column_div av-zero-column-padding first  avia-builder-el-0  el_before_av_one_full  avia-builder-el-first  \" style='border-radius:0px; '><div  class='avia-image-container  av-styling-    avia-builder-el-1  avia-builder-el-no-sibling  avia-align-center '  itemprop=\"image\" itemscope=\"itemscope\" itemtype=\"https:\/\/schema.org\/ImageObject\"  ><div class='avia-image-container-inner'><div class='avia-image-overlay-wrap'><img decoding=\"async\" class='wp-image-50112 avia-img-lazy-loading-not-50112 avia_image' src=\"https:\/\/radiorevelacionfm.cl\/wp-content\/uploads\/2025\/01\/foto-seremi-corte-de-cinta-multicancha-huracan-coyhaique-1_optimized.jpeg\" alt='' title='foto-seremi-corte-de-cinta-multicancha-hurac\u00e1n-coyhaique-(1)_optimized' height=\"600\" width=\"800\"  itemprop=\"thumbnailUrl\" srcset=\"https:\/\/radiorevelacionfm.cl\/wp-content\/uploads\/2025\/01\/foto-seremi-corte-de-cinta-multicancha-huracan-coyhaique-1_optimized.jpeg 800w, https:\/\/radiorevelacionfm.cl\/wp-content\/uploads\/2025\/01\/foto-seremi-corte-de-cinta-multicancha-huracan-coyhaique-1_optimized-300x225.jpeg 300w, https:\/\/radiorevelacionfm.cl\/wp-content\/uploads\/2025\/01\/foto-seremi-corte-de-cinta-multicancha-huracan-coyhaique-1_optimized-768x576.jpeg 768w, https:\/\/radiorevelacionfm.cl\/wp-content\/uploads\/2025\/01\/foto-seremi-corte-de-cinta-multicancha-huracan-coyhaique-1_optimized-705x529.jpeg 705w, https:\/\/radiorevelacionfm.cl\/wp-content\/uploads\/2025\/01\/foto-seremi-corte-de-cinta-multicancha-huracan-coyhaique-1_optimized-450x338.jpeg 450w, https:\/\/radiorevelacionfm.cl\/wp-content\/uploads\/2025\/01\/foto-seremi-corte-de-cinta-multicancha-huracan-coyhaique-1_optimized-600x450.jpeg 600w\" sizes=\"(max-width: 800px) 100vw, 800px\" \/><\/div><\/div><\/div><\/div><div class=\"flex_column av_one_full  flex_column_div av-zero-column-padding first  avia-builder-el-2  el_after_av_one_full  el_before_av_one_full  column-top-margin\" style='border-radius:0px; '><section class=\"av_textblock_section \"  itemscope=\"itemscope\" itemtype=\"https:\/\/schema.org\/BlogPosting\" itemprop=\"blogPost\" ><div class='avia_textblock  '   itemprop=\"text\" ><p style=\"text-align: center;\"><strong><span style=\"font-size: 18pt;\">Coyhaique contar\u00e1 con su primer Centro Comunitario de Cuidados<\/span><\/strong><\/p>\n<div id=\"gtx-trans\" style=\"position: absolute; left: -50px; top: 4.31534px;\">\n<div class=\"gtx-trans-icon\"><\/div>\n<\/div>\n<\/div><\/section><\/div><div class=\"flex_column av_one_full  flex_column_div av-zero-column-padding first  avia-builder-el-4  el_after_av_one_full  el_before_av_hr  column-top-margin\" style='border-radius:0px; '><section class=\"av_textblock_section \"  itemscope=\"itemscope\" itemtype=\"https:\/\/schema.org\/BlogPosting\" itemprop=\"blogPost\" ><div class='avia_textblock  '   itemprop=\"text\" ><p style=\"text-align: justify;\">La Seremi de Vivienda y Urbanismo, Paulina Ruz, anunci\u00f3 la construcci\u00f3n del primer Centro Comunitario de Cuidados en Coyhaique, ubicado en el Barrio Quebrada La Cruz. Este proyecto, seleccionado a trav\u00e9s del programa de Equipamientos Comunitarios (DS 27), se emplazar\u00e1 frente a la multicancha Hurac\u00e1n, consolid\u00e1ndose como un espacio clave para reconocer y apoyar a cuidadores, cuidadoras y personas cuidadas.<\/p>\n<p style=\"text-align: justify;\">\u00abEn el marco de la inauguraci\u00f3n de la multicancha Hurac\u00e1n, queremos anunciar que qued\u00f3 seleccionado, a trav\u00e9s del programa de Equipamientos Comunitarios DS 27, un futuro Centro de Cuidados y Protecci\u00f3n para el Barrio Quebrada La Cruz, en Coyhaique. Este espacio permitir\u00e1 que las personas cuidadoras puedan llegar con quienes requieren cuidados y recibir apoyo, tanto en sus labores como en actividades que promuevan su bienestar y mejoren su calidad de vida\u00bb, destac\u00f3 la Seremi.<\/p>\n<p style=\"text-align: justify;\">Con una inversi\u00f3n de <strong>$336 millones de pesos<\/strong>, el Centro tendr\u00e1 una superficie de 204,5 m\u00b2 e incluir\u00e1 sala multiuso, sal\u00f3n recreativo con terraza, patio techado, oficina, ba\u00f1os, cocina y bodega, todos dise\u00f1ados con accesibilidad universal y funcionamiento aut\u00f3nomo.<\/p>\n<p style=\"text-align: justify;\">Este proyecto es parte del desaf\u00edo del Gobierno del Presidente Gabriel Boric por promover el desarrollo integral de las comunidades a trav\u00e9s de espacios p\u00fablicos inclusivos y resilientes. Los Centros Comunitario de Cuidados tienen como objetivo brindar a las comunidades locales infraestructura orientada por un enfoque de derechos, g\u00e9nero, cuidados, reducci\u00f3n de riesgos de desastres y gesti\u00f3n comunitaria. Adem\u00e1s, est\u00e1n dise\u00f1ados para operar como centros de respuesta ante emergencias, fortaleciendo la seguridad y resiliencia de las comunidades.<\/p>\n<p style=\"text-align: justify;\">La iniciativa es el resultado de un trabajo colaborativo entre el Ministerio de Vivienda y Urbanismo, el Ministerio de Desarrollo Social y Familia, el Ministerio de la Mujer y Equidad de G\u00e9nero, la Municipalidad de Coyhaique y el Programa Quiero Mi Barrio. Este esfuerzo multisectorial busca no solo responder a necesidades habitacionales, sino tambi\u00e9n fortalecer el tejido social mediante espacios que promuevan el bienestar de las personas.<\/p>\n<p style=\"text-align: justify;\">\u00abDesde el Ministerio de Vivienda y Urbanismo, junto a los Ministerios de Desarrollo Social y Familia, y de la Mujer y Equidad de G\u00e9nero, estamos comprometidos con generar oportunidades que mejoren la calidad de vida en los territorios. En este marco, nuestro gobierno tiene la meta de entregar 100 Centros Comunitarios a nivel nacional para marzo de 2026. En la regi\u00f3n de Ays\u00e9n ya contamos con un Centro construido en Puerto Ays\u00e9n como parte de un plan piloto financiado en 2022, y ahora sumamos esta nueva selecci\u00f3n en Coyhaique, con una inversi\u00f3n de <strong>9,800 UF<\/strong>\u00ab, agreg\u00f3 la autoridad.<\/p>\n<p style=\"text-align: justify;\">El Centro de Cuidados y Protecci\u00f3n en Coyhaique representa un nuevo paso hacia el fortalecimiento de la red de apoyo comunitaria en la regi\u00f3n, ofreciendo espacios especialmente dise\u00f1ados para mejorar la calidad de vida de las personas cuidadoras y quienes requieren cuidados, mientras se promueve la cohesi\u00f3n social y la inclusi\u00f3n.<\/p>\n<\/div><\/section><\/div><div  style='height:50px' class='hr hr-invisible   avia-builder-el-6  el_after_av_one_full  el_before_av_social_share '><span class='hr-inner ' ><span class='hr-inner-style'><\/span><\/span><\/div><\/p>\n<div  class='av-social-sharing-box  avia-builder-el-7  el_after_av_hr  el_before_av_hr  '><div class='av-share-box'><h5 class='av-share-link-description av-no-toc '>Compartir esta noticia<\/h5><ul class='av-share-box-list noLightbox'><li class='av-share-link av-social-link-facebook' ><a target=\"_blank\" aria-label=\"Compartir en Facebook\" href='https:\/\/www.facebook.com\/sharer.php?u=https:\/\/radiorevelacionfm.cl\/?p=50111&#038;t=Coyhaique%20contar%C3%A1%20con%20su%20primer%20Centro%20Comunitario%20de%20Cuidados' aria-hidden='false' data-av_icon='\ue8f3' data-av_iconfont='entypo-fontello' title='' data-avia-related-tooltip='Compartir en Facebook' rel=\"noopener\"><span class='avia_hidden_link_text'>Compartir en Facebook<\/span><\/a><\/li><li class='av-share-link av-social-link-twitter' ><a target=\"_blank\" aria-label=\"Compartir en Twitter\" href='https:\/\/twitter.com\/share?text=Coyhaique%20contar%C3%A1%20con%20su%20primer%20Centro%20Comunitario%20de%20Cuidados&#038;url=https:\/\/radiorevelacionfm.cl\/?p=50111' aria-hidden='false' data-av_icon='\ue8f1' data-av_iconfont='entypo-fontello' title='' data-avia-related-tooltip='Compartir en Twitter' rel=\"noopener\"><span class='avia_hidden_link_text'>Compartir en Twitter<\/span><\/a><\/li><li class='av-share-link av-social-link-whatsapp' ><a target=\"_blank\" aria-label=\"Compartir en Whatsapp\" href='https:\/\/api.whatsapp.com\/send?text=https:\/\/radiorevelacionfm.cl\/?p=50111' aria-hidden='false' data-av_icon='\uf232' data-av_iconfont='entypo-fontello' title='' data-avia-related-tooltip='Compartir en Whatsapp' rel=\"noopener\"><span class='avia_hidden_link_text'>Compartir en Whatsapp<\/span><\/a><\/li><li class='av-share-link av-social-link-linkedin' ><a target=\"_blank\" aria-label=\"Compartir en LinkedIn\" href='https:\/\/linkedin.com\/shareArticle?mini=true&#038;title=Coyhaique%20contar%C3%A1%20con%20su%20primer%20Centro%20Comunitario%20de%20Cuidados&#038;url=https:\/\/radiorevelacionfm.cl\/?p=50111' aria-hidden='false' data-av_icon='\ue8fc' data-av_iconfont='entypo-fontello' title='' data-avia-related-tooltip='Compartir en LinkedIn' rel=\"noopener\"><span class='avia_hidden_link_text'>Compartir en LinkedIn<\/span><\/a><\/li><li class='av-share-link av-social-link-mail' ><a  aria-label=\"Compartir por correo\" href='mailto:?subject=Coyhaique%20contar%C3%A1%20con%20su%20primer%20Centro%20Comunitario%20de%20Cuidados&#038;body=https:\/\/radiorevelacionfm.cl\/?p=50111' aria-hidden='false' data-av_icon='\ue805' data-av_iconfont='entypo-fontello' title='' data-avia-related-tooltip='Compartir por correo'><span class='avia_hidden_link_text'>Compartir por correo<\/span><\/a><\/li><\/ul><\/div><\/div>\n<div  style='height:50px' class='hr hr-invisible   avia-builder-el-8  el_after_av_social_share  el_before_av_comments_list '><span class='hr-inner ' ><span class='hr-inner-style'><\/span><\/span><\/div>\n<div  class='av-buildercomment  av-blog-meta-html-info-disabled av-blog-meta-tag-disabled  '><\/div>\n","protected":false},"excerpt":{"rendered":"","protected":false},"author":1,"featured_media":50112,"comment_status":"open","ping_status":"open","sticky":false,"template":"","format":"standard","meta":{"footnotes":""},"categories":[38],"tags":[],"class_list":["post-50111","post","type-post","status-publish","format-standard","has-post-thumbnail","hentry","category-regional"],"jetpack_featured_media_url":"https:\/\/radiorevelacionfm.cl\/wp-content\/uploads\/2025\/01\/foto-seremi-corte-de-cinta-multicancha-huracan-coyhaique-1_optimized.jpeg","_links":{"self":[{"href":"https:\/\/radiorevelacionfm.cl\/index.php?rest_route=\/wp\/v2\/posts\/50111","targetHints":{"allow":["GET"]}}],"collection":[{"href":"https:\/\/radiorevelacionfm.cl\/index.php?rest_route=\/wp\/v2\/posts"}],"about":[{"href":"https:\/\/radiorevelacionfm.cl\/index.php?rest_route=\/wp\/v2\/types\/post"}],"author":[{"embeddable":true,"href":"https:\/\/radiorevelacionfm.cl\/index.php?rest_route=\/wp\/v2\/users\/1"}],"replies":[{"embeddable":true,"href":"https:\/\/radiorevelacionfm.cl\/index.php?rest_route=%2Fwp%2Fv2%2Fcomments&post=50111"}],"version-history":[{"count":1,"href":"https:\/\/radiorevelacionfm.cl\/index.php?rest_route=\/wp\/v2\/posts\/50111\/revisions"}],"predecessor-version":[{"id":50113,"href":"https:\/\/radiorevelacionfm.cl\/index.php?rest_route=\/wp\/v2\/posts\/50111\/revisions\/50113"}],"wp:featuredmedia":[{"embeddable":true,"href":"https:\/\/radiorevelacionfm.cl\/index.php?rest_route=\/wp\/v2\/media\/50112"}],"wp:attachment":[{"href":"https:\/\/radiorevelacionfm.cl\/index.php?rest_route=%2Fwp%2Fv2%2Fmedia&parent=50111"}],"wp:term":[{"taxonomy":"category","embeddable":true,"href":"https:\/\/radiorevelacionfm.cl\/index.php?rest_route=%2Fwp%2Fv2%2Fcategories&post=50111"},{"taxonomy":"post_tag","embeddable":true,"href":"https:\/\/radiorevelacionfm.cl\/index.php?rest_route=%2Fwp%2Fv2%2Ftags&post=50111"}],"curies":[{"name":"wp","href":"https:\/\/api.w.org\/{rel}","templated":true}]}}