{"id":50106,"date":"2025-01-28T17:59:59","date_gmt":"2025-01-28T20:59:59","guid":{"rendered":"https:\/\/radiorevelacionfm.cl\/?p=50106"},"modified":"2025-01-28T18:13:25","modified_gmt":"2025-01-28T21:13:25","slug":"aysen-mas-de-500-pescadores-y-pescadoras-artesanales-se-perfeccionaron-en-enfibrado-de-embarcaciones-confeccion-de-redes-y-artes-de-pesca","status":"publish","type":"post","link":"https:\/\/radiorevelacionfm.cl\/?p=50106","title":{"rendered":"Ays\u00e9n: M\u00e1s de 500 pescadores y pescadoras artesanales se perfeccionaron en enfibrado de embarcaciones, confecci\u00f3n de redes y artes de pesca"},"content":{"rendered":"<div class=\"flex_column av_one_full  flex_column_div av-zero-column-padding first  avia-builder-el-0  el_before_av_one_full  avia-builder-el-first  \" style='border-radius:0px; '><div  class='avia-image-container  av-styling-    avia-builder-el-1  avia-builder-el-no-sibling  avia-align-center '  itemprop=\"image\" itemscope=\"itemscope\" itemtype=\"https:\/\/schema.org\/ImageObject\"  ><div class='avia-image-container-inner'><div class='avia-image-overlay-wrap'><img decoding=\"async\" class='wp-image-50109 avia-img-lazy-loading-not-50109 avia_image' src=\"https:\/\/radiorevelacionfm.cl\/wp-content\/uploads\/2025\/01\/whatsapp-image-2025-01-27-at-11_optimized.49.31-1.jpeg\" alt='' title='whatsapp-image-2025-01-27-at-11_optimized.49.31-(1)' height=\"600\" width=\"800\"  itemprop=\"thumbnailUrl\" srcset=\"https:\/\/radiorevelacionfm.cl\/wp-content\/uploads\/2025\/01\/whatsapp-image-2025-01-27-at-11_optimized.49.31-1.jpeg 800w, https:\/\/radiorevelacionfm.cl\/wp-content\/uploads\/2025\/01\/whatsapp-image-2025-01-27-at-11_optimized.49.31-1-300x225.jpeg 300w, https:\/\/radiorevelacionfm.cl\/wp-content\/uploads\/2025\/01\/whatsapp-image-2025-01-27-at-11_optimized.49.31-1-768x576.jpeg 768w, https:\/\/radiorevelacionfm.cl\/wp-content\/uploads\/2025\/01\/whatsapp-image-2025-01-27-at-11_optimized.49.31-1-705x529.jpeg 705w, https:\/\/radiorevelacionfm.cl\/wp-content\/uploads\/2025\/01\/whatsapp-image-2025-01-27-at-11_optimized.49.31-1-450x338.jpeg 450w, https:\/\/radiorevelacionfm.cl\/wp-content\/uploads\/2025\/01\/whatsapp-image-2025-01-27-at-11_optimized.49.31-1-600x450.jpeg 600w\" sizes=\"(max-width: 800px) 100vw, 800px\" \/><\/div><\/div><\/div><\/div>\n<div class=\"flex_column av_one_full  flex_column_div av-zero-column-padding first  avia-builder-el-2  el_after_av_one_full  el_before_av_one_full  column-top-margin\" style='border-radius:0px; '><section class=\"av_textblock_section \"  itemscope=\"itemscope\" itemtype=\"https:\/\/schema.org\/BlogPosting\" itemprop=\"blogPost\" ><div class='avia_textblock  '   itemprop=\"text\" ><p style=\"text-align: center;\"><span style=\"font-size: 18pt;\"><b>Ays\u00e9n: M\u00e1s de 500 pescadores y pescadoras artesanales se perfeccionaron en enfibrado de embarcaciones, confecci\u00f3n de redes y artes de pesca<\/b><\/span><\/p>\n<div id=\"gtx-trans\" style=\"position: absolute; left: -50px; top: 4.31534px;\">\n<div class=\"gtx-trans-icon\"><\/div>\n<\/div>\n<\/div><\/section><\/div>\n<div class=\"flex_column av_one_full  flex_column_div av-zero-column-padding first  avia-builder-el-4  el_after_av_one_full  el_before_av_hr  column-top-margin\" style='border-radius:0px; '><section class=\"av_textblock_section \"  itemscope=\"itemscope\" itemtype=\"https:\/\/schema.org\/BlogPosting\" itemprop=\"blogPost\" ><div class='avia_textblock  '   itemprop=\"text\" ><p style=\"font-weight: 400; text-align: justify;\">Un total de 548 pescadores y pescadoras artesanales de las comunas de Las Guaitecas y Cisnes, participaron de los cursos de perfeccionamiento en reparaci\u00f3n con fibra de vidrio, tejido de redes y elaboraci\u00f3n de artes y aparejos de pesca, financiados a trav\u00e9s del concurso territorial \u201cCapacitaci\u00f3n para pescadores y pescadoras artesanales de la regi\u00f3n de Ays\u00e9n, comunas de Guaitecas y Cisnes\u201d del Instituto Nacional de Desarrollo Sustentable de la Pesca Artesanal y de la Acuicultura de Peque\u00f1a Escala, INDESPA.<\/p>\n<p style=\"font-weight: 400; text-align: justify;\">En las caletas Melinka y Repollal en la comuna de Las Guaitecas, participaron 508 personas, 158 de ellas mujeres pescadoras quienes se especializaron en los cursos: Artes y Aparejos de pesca de recurso reineta, tejido de redes y reparaci\u00f3n en fibra. Otros 40 pescadores y pescadoras, 16 de ellas mujeres, hicieron parte tambi\u00e9n de estas capacitaciones en la caleta de Ra\u00fal Mar\u00edn Balmaceda, comuna de Cisnes.<\/p>\n<p style=\"font-weight: 400; text-align: justify;\"><strong>Cristina Oliva, con una de las mejores calificaciones del curso de enfibrado en Melinka,\u00a0<\/strong>\u00a0sostuvo que esta iniciativa no s\u00f3lo sirvi\u00f3 para aprender importantes contenidos, tambi\u00e9n les permiti\u00f3 conocerse como vecinos e integrarse como mujeres, participando activamente en el uso de la maquinaria y faenas. \u201cDesde el d\u00eda uno vimos que el profesor venia dispuesto a ense\u00f1arnos. Fue buen\u00edsimo el curso, aprendimos desde preparar resina, hacer parches, enfibrar desde cero a encerar para sacar moldes. Hicimos harta pr\u00e1ctica y terreno, fuimos a raspar, a pulir, a arreglar los detalles que ten\u00edan los botes, y as\u00ed nos fuimos haciendo de aprendizaje real, viendo c\u00f3mo funcionaba, cu\u00e1l era el tiempo mejor para trabajar por la temperatura, las cantidades para d\u00edas de sol y d\u00edas de bajas temperaturas, los cortes de fibra\u2026 Era grato llegar a clases, quer\u00edamos aprender y es bonito cuando se dan estas instancias, donde uno puede usar m\u00e1quinas y todas las herramientas porque en este mundo de trabajo que refiere al mar est\u00e1 reci\u00e9n abri\u00e9ndose paso a las personas que somos mujeres, entonces es agradable sentirse acogida, respetada y apoyada por los compa\u00f1eros, y que te den el espacio para aprender\u2026eso fue lo m\u00e1s bonito que se vio\u201d, subray\u00f3.<\/p>\n<p style=\"font-weight: 400; text-align: justify;\">Los y las participantes de los cursos en Guaitecas, recibieron sus certificados en una actividad encabezada por diversas autoridades, entre ellas la Seremi de la Mujer y Equidad de G\u00e9nero, Isidora Gacit\u00faa Goles; la directora regional de SernamEG Ays\u00e9n, Patricia Baeza Cabezas; la directora regional de Prodemu Ays\u00e9n, Ingrid Osorio Santana; el director Zonal de Pesca, Blas Felipe Quiroga Torres; el alcalde de Guaitecas, Bans Puinao Carimoney , el representante del Delegado Provincial Presidencial, Julio Rosel \u00a0y la profesional territorial de INDESPA en Ays\u00e9n, Andrea Paillacar Ojeda; junto a representantes de diversos servicios y de los distintos sindicatos participantes.<\/p>\n<p style=\"font-weight: 400; text-align: justify;\"><strong>Jos\u00e9 Rivera, presidente de la Cooperativa de Buzos Mariscadores de Ra\u00fal Mar\u00edn Balmaceda,<\/strong>\u00a0valor\u00f3 esta iniciativa y agradeci\u00f3 el apoyo de INDESPA. \u201cEste curso lo hicimos 40 beneficiarios, 24 de ellos en reparaciones de fibra y todo lo que conlleva para artesan\u00eda y las otras 14 aprendieron a hacer redes robaleras. Primera vez que hacemos algo as\u00ed, es algo para nuevo para nosotros\u2026la experiencia muy bonita y estuvimos los 40 vecinos una semana juntos con la teor\u00eda, y despu\u00e9s vinieron los otros profesores e hicimos las pr\u00e1cticas. Satisfechos cien por ciento, m\u00e1s un curso certificado, y la responsabilidad que ha tenido INDESPA se agradece, y seguir en esa l\u00ednea\u201d.<\/p>\n<p style=\"font-weight: 400; text-align: justify;\"><strong>Andrea Paillacar, profesional territorial de INDESPA,<\/strong>\u00a0destac\u00f3 que el desarrollo de este programa permiti\u00f3 permite entregarle herramientas y conocimientos a nuestros pescadores y pescadoras artesanales tanto de Guaitecas, como de Cisnes. Se concluye hoy con la certificaci\u00f3n de estos cursos, y se espera que cada uno de ellos haya sido un aporte en su diario vivir para con la actividad que desarrollan en el sector pesquero artesanal.<\/p>\n<\/div><\/section><\/div><div  style='height:50px' class='hr hr-invisible   avia-builder-el-6  el_after_av_one_full  el_before_av_social_share '><span class='hr-inner ' ><span class='hr-inner-style'><\/span><\/span><\/div><\/p>\n<div  class='av-social-sharing-box  avia-builder-el-7  el_after_av_hr  el_before_av_hr  '><div class='av-share-box'><h5 class='av-share-link-description av-no-toc '>Compartir esta noticia<\/h5><ul class='av-share-box-list noLightbox'><li class='av-share-link av-social-link-facebook' ><a target=\"_blank\" aria-label=\"Compartir en Facebook\" href='https:\/\/www.facebook.com\/sharer.php?u=https:\/\/radiorevelacionfm.cl\/?p=50106&#038;t=Ays%C3%A9n%3A%20M%C3%A1s%20de%20500%20pescadores%20y%20pescadoras%20artesanales%20se%20perfeccionaron%20en%20enfibrado%20de%20embarcaciones%2C%20confecci%C3%B3n%20de%20redes%20y%20artes%20de%20pesca' aria-hidden='false' data-av_icon='\ue8f3' data-av_iconfont='entypo-fontello' title='' data-avia-related-tooltip='Compartir en Facebook' rel=\"noopener\"><span class='avia_hidden_link_text'>Compartir en Facebook<\/span><\/a><\/li><li class='av-share-link av-social-link-twitter' ><a target=\"_blank\" aria-label=\"Compartir en Twitter\" href='https:\/\/twitter.com\/share?text=Ays%C3%A9n%3A%20M%C3%A1s%20de%20500%20pescadores%20y%20pescadoras%20artesanales%20se%20perfeccionaron%20en%20enfibrado%20de%20embarcaciones%2C%20confecci%C3%B3n%20de%20redes%20y%20artes%20de%20pesca&#038;url=https:\/\/radiorevelacionfm.cl\/?p=50106' aria-hidden='false' data-av_icon='\ue8f1' data-av_iconfont='entypo-fontello' title='' data-avia-related-tooltip='Compartir en Twitter' rel=\"noopener\"><span class='avia_hidden_link_text'>Compartir en Twitter<\/span><\/a><\/li><li class='av-share-link av-social-link-whatsapp' ><a target=\"_blank\" aria-label=\"Compartir en Whatsapp\" href='https:\/\/api.whatsapp.com\/send?text=https:\/\/radiorevelacionfm.cl\/?p=50106' aria-hidden='false' data-av_icon='\uf232' data-av_iconfont='entypo-fontello' title='' data-avia-related-tooltip='Compartir en Whatsapp' rel=\"noopener\"><span class='avia_hidden_link_text'>Compartir en Whatsapp<\/span><\/a><\/li><li class='av-share-link av-social-link-linkedin' ><a target=\"_blank\" aria-label=\"Compartir en LinkedIn\" href='https:\/\/linkedin.com\/shareArticle?mini=true&#038;title=Ays%C3%A9n%3A%20M%C3%A1s%20de%20500%20pescadores%20y%20pescadoras%20artesanales%20se%20perfeccionaron%20en%20enfibrado%20de%20embarcaciones%2C%20confecci%C3%B3n%20de%20redes%20y%20artes%20de%20pesca&#038;url=https:\/\/radiorevelacionfm.cl\/?p=50106' aria-hidden='false' data-av_icon='\ue8fc' data-av_iconfont='entypo-fontello' title='' data-avia-related-tooltip='Compartir en LinkedIn' rel=\"noopener\"><span class='avia_hidden_link_text'>Compartir en LinkedIn<\/span><\/a><\/li><li class='av-share-link av-social-link-mail' ><a  aria-label=\"Compartir por correo\" href='mailto:?subject=Ays%C3%A9n%3A%20M%C3%A1s%20de%20500%20pescadores%20y%20pescadoras%20artesanales%20se%20perfeccionaron%20en%20enfibrado%20de%20embarcaciones%2C%20confecci%C3%B3n%20de%20redes%20y%20artes%20de%20pesca&#038;body=https:\/\/radiorevelacionfm.cl\/?p=50106' aria-hidden='false' data-av_icon='\ue805' data-av_iconfont='entypo-fontello' title='' data-avia-related-tooltip='Compartir por correo'><span class='avia_hidden_link_text'>Compartir por correo<\/span><\/a><\/li><\/ul><\/div><\/div>\n<div  style='height:50px' class='hr hr-invisible   avia-builder-el-8  el_after_av_social_share  el_before_av_comments_list '><span class='hr-inner ' ><span class='hr-inner-style'><\/span><\/span><\/div>\n<div  class='av-buildercomment  av-blog-meta-html-info-disabled av-blog-meta-tag-disabled  '><\/div>\n","protected":false},"excerpt":{"rendered":"","protected":false},"author":1,"featured_media":50109,"comment_status":"open","ping_status":"open","sticky":false,"template":"","format":"standard","meta":{"footnotes":""},"categories":[60],"tags":[],"class_list":["post-50106","post","type-post","status-publish","format-standard","has-post-thumbnail","hentry","category-pesca"],"jetpack_featured_media_url":"https:\/\/radiorevelacionfm.cl\/wp-content\/uploads\/2025\/01\/whatsapp-image-2025-01-27-at-11_optimized.49.31-1.jpeg","_links":{"self":[{"href":"https:\/\/radiorevelacionfm.cl\/index.php?rest_route=\/wp\/v2\/posts\/50106","targetHints":{"allow":["GET"]}}],"collection":[{"href":"https:\/\/radiorevelacionfm.cl\/index.php?rest_route=\/wp\/v2\/posts"}],"about":[{"href":"https:\/\/radiorevelacionfm.cl\/index.php?rest_route=\/wp\/v2\/types\/post"}],"author":[{"embeddable":true,"href":"https:\/\/radiorevelacionfm.cl\/index.php?rest_route=\/wp\/v2\/users\/1"}],"replies":[{"embeddable":true,"href":"https:\/\/radiorevelacionfm.cl\/index.php?rest_route=%2Fwp%2Fv2%2Fcomments&post=50106"}],"version-history":[{"count":2,"href":"https:\/\/radiorevelacionfm.cl\/index.php?rest_route=\/wp\/v2\/posts\/50106\/revisions"}],"predecessor-version":[{"id":50116,"href":"https:\/\/radiorevelacionfm.cl\/index.php?rest_route=\/wp\/v2\/posts\/50106\/revisions\/50116"}],"wp:featuredmedia":[{"embeddable":true,"href":"https:\/\/radiorevelacionfm.cl\/index.php?rest_route=\/wp\/v2\/media\/50109"}],"wp:attachment":[{"href":"https:\/\/radiorevelacionfm.cl\/index.php?rest_route=%2Fwp%2Fv2%2Fmedia&parent=50106"}],"wp:term":[{"taxonomy":"category","embeddable":true,"href":"https:\/\/radiorevelacionfm.cl\/index.php?rest_route=%2Fwp%2Fv2%2Fcategories&post=50106"},{"taxonomy":"post_tag","embeddable":true,"href":"https:\/\/radiorevelacionfm.cl\/index.php?rest_route=%2Fwp%2Fv2%2Ftags&post=50106"}],"curies":[{"name":"wp","href":"https:\/\/api.w.org\/{rel}","templated":true}]}}